{"id":17212,"date":"2023-07-05T19:31:50","date_gmt":"2023-07-06T00:31:50","guid":{"rendered":"https:\/\/noticiasveracruz.com\/?p=17212"},"modified":"2023-07-05T20:00:59","modified_gmt":"2023-07-06T01:00:59","slug":"por-mantenimiento-en-el-puente-tuxpan-este-jueves-y-viernes-habra-trafico-controlado","status":"publish","type":"post","link":"https:\/\/noticiasveracruz.com\/index.php\/2023\/07\/05\/por-mantenimiento-en-el-puente-tuxpan-este-jueves-y-viernes-habra-trafico-controlado\/","title":{"rendered":"Por mantenimiento en el Puente Tuxpan, este jueves y viernes habr\u00e1 tr\u00e1fico controlado"},"content":{"rendered":"<p>&nbsp;<\/p>\n<p class=\"p1\" style=\"text-align: center;\"><em><span style=\"font-size: 18pt;\"><strong>&lt;&lt;Se exhorta a los ciudadanos que tome sus previsiones de tiempo&gt;&gt;<\/strong><\/span><\/em><\/p>\n<p>&nbsp;<\/p>\n<p class=\"p1\"><span style=\"font-size: 14pt;\"><em><strong>TUXPAN, VERACRUZ.<span class=\"Apple-converted-space\"> \u00a0<\/span><\/strong><\/em>Se informa a los ciudadanos que la empresa concesionaria del puente Tuxpan realizar\u00e1 obras de mantenimiento, por lo que el tr\u00e1nsito vehicular ser\u00e1 controlado.<\/span><\/p>\n<p><span style=\"font-size: 18pt;\"><strong>Estos trabajos estar\u00e1n a cargo de la empresa MRO, misma que ya se ha coordinado con Tr\u00e1nsito Municipal para que se lleve a cabo un despliegue un operativo y se minimicen los inconvenientes a conductores.<\/strong><\/span><\/p>\n<p><span style=\"font-size: 14pt;\">Debido a la carga vehicular que se pudiera generar en horas pico, se recomienda a los ciudadanos que consideren el factor tiempo al cruzar el puente.<\/span><\/p>\n<p>&nbsp;<\/p>\n<p class=\"p1\"><span style=\"font-size: 18pt; color: #e42d33;\"><strong>Los trabajos se realizar\u00e1n en los siguientes horarios:<\/strong><\/span><\/p>\n<ul>\n<li class=\"p1\"><span style=\"font-size: 14pt;\"><span style=\"font-size: 18pt;\"><strong>Jueves 6 : <\/strong><\/span>06:00 a 16:00 horas.<\/span><\/li>\n<li class=\"p1\"><span style=\"font-size: 14pt;\"><span style=\"font-size: 18pt;\"><strong>Viernes 7:<\/strong> <\/span>de 06:00 a 16:00 horas.<\/span><\/li>\n<\/ul>\n<p>&nbsp;<\/p>\n<p>&nbsp;<\/p>\n<p>&nbsp;<\/p>\n<p>&nbsp;<\/p>\n","protected":false},"excerpt":{"rendered":"<p>&nbsp; &lt;&lt;Se exhorta a los ciudadanos que tome sus previsiones de tiempo&gt;&gt; &nbsp; TUXPAN, VERACRUZ. \u00a0Se informa a los ciudadanos<\/p>\n","protected":false},"author":4,"featured_media":17213,"comment_status":"closed","ping_status":"closed","sticky":false,"template":"","format":"standard","meta":{"colormag_page_container_layout":"default_layout","colormag_page_sidebar_layout":"default_layout","_jetpack_memberships_contains_paid_content":false,"footnotes":"","jetpack_publicize_message":"","jetpack_publicize_feature_enabled":true,"jetpack_social_post_already_shared":true,"jetpack_social_options":{"image_generator_settings":{"template":"highway","default_image_id":0,"font":"","enabled":false},"version":2}},"categories":[356],"tags":[2797,2796,72,73],"class_list":["post-17212","post","type-post","status-publish","format-standard","has-post-thumbnail","hentry","category-veracruz","tag-mantenimiento","tag-puente-tuxpan","tag-tuxpan","tag-veracruz"],"jetpack_publicize_connections":[],"jetpack_featured_media_url":"https:\/\/noticiasveracruz.com\/wp-content\/uploads\/2023\/07\/P-PUENTE-TUXPAN.png","jetpack_sharing_enabled":true,"publishpress_future_action":{"enabled":false,"date":"2026-05-07 20:10:55","action":"change-status","newStatus":"draft","terms":[],"taxonomy":"category","extraData":[]},"publishpress_future_workflow_manual_trigger":{"enabledWorkflows":[]},"_links":{"self":[{"href":"https:\/\/noticiasveracruz.com\/index.php\/wp-json\/wp\/v2\/posts\/17212","targetHints":{"allow":["GET"]}}],"collection":[{"href":"https:\/\/noticiasveracruz.com\/index.php\/wp-json\/wp\/v2\/posts"}],"about":[{"href":"https:\/\/noticiasveracruz.com\/index.php\/wp-json\/wp\/v2\/types\/post"}],"author":[{"embeddable":true,"href":"https:\/\/noticiasveracruz.com\/index.php\/wp-json\/wp\/v2\/users\/4"}],"replies":[{"embeddable":true,"href":"https:\/\/noticiasveracruz.com\/index.php\/wp-json\/wp\/v2\/comments?post=17212"}],"version-history":[{"count":0,"href":"https:\/\/noticiasveracruz.com\/index.php\/wp-json\/wp\/v2\/posts\/17212\/revisions"}],"wp:featuredmedia":[{"embeddable":true,"href":"https:\/\/noticiasveracruz.com\/index.php\/wp-json\/wp\/v2\/media\/17213"}],"wp:attachment":[{"href":"https:\/\/noticiasveracruz.com\/index.php\/wp-json\/wp\/v2\/media?parent=17212"}],"wp:term":[{"taxonomy":"category","embeddable":true,"href":"https:\/\/noticiasveracruz.com\/index.php\/wp-json\/wp\/v2\/categories?post=17212"},{"taxonomy":"post_tag","embeddable":true,"href":"https:\/\/noticiasveracruz.com\/index.php\/wp-json\/wp\/v2\/tags?post=17212"}],"curies":[{"name":"wp","href":"https:\/\/api.w.org\/{rel}","templated":true}]}}