{"id":17197,"date":"2023-07-05T05:20:02","date_gmt":"2023-07-05T10:20:02","guid":{"rendered":"https:\/\/noticiasveracruz.com\/?p=17197"},"modified":"2023-07-05T08:22:32","modified_gmt":"2023-07-05T13:22:32","slug":"amlo-se-lanza-a-la-reconquista-de-la-ciudad-de-mexico","status":"publish","type":"post","link":"https:\/\/noticiasveracruz.com\/index.php\/2023\/07\/05\/amlo-se-lanza-a-la-reconquista-de-la-ciudad-de-mexico\/","title":{"rendered":"AMLO se lanza a la reconquista de la Ciudad de M\u00e9xico"},"content":{"rendered":"<p>&nbsp;<\/p>\n<p>&nbsp;<\/p>\n<p class=\"p1\"><span style=\"font-size: 18pt;\"><strong>Por Jos\u00e9 Ure\u00f1a<\/strong><\/span><\/p>\n<p class=\"p1\"><span style=\"font-size: 14pt;\">La instrucci\u00f3n es terminante: Reconquistar la Ciudad de M\u00e9xico para el Gobierno y su partido con un amplio programa de trabajo pol\u00edtico a reforzarse a partir de la semana pr\u00f3xima.<\/span><\/p>\n<p class=\"p1\"><span style=\"font-size: 14pt;\">Y recuperar la supremac\u00eda significa volver a ganar la Jefatura de Gobierno, ir por las 16 alcald\u00edas, el Congreso capitalino y por supuesto senadur\u00edas y diputaciones federales.<\/span><\/p>\n<p class=\"p1\"><span style=\"font-size: 14pt;\">Mario Delgado sabr\u00e1 c\u00f3mo obedece a su jefe \u00fanico, Andr\u00e9s Manuel L\u00f3pez Obrador, con Sebasti\u00e1n Ram\u00edrez como instrumento designado por Claudia Sheinbaum.<\/span><\/p>\n<p class=\"p1\"><span style=\"font-size: 14pt;\">Para el Presidente ser\u00e1 la venganza de 2021, cuando la oposici\u00f3n se llev\u00f3 nueve de las 16 alcald\u00edas y dio el mayor golpe en el coraz\u00f3n de su clientelismo pol\u00edtico.<\/span><\/p>\n<p class=\"p1\"><span style=\"font-size: 14pt;\">Agravio mayor a perder la mayor\u00eda calificada -dos tercios de los 500 legisladores- de la C\u00e1mara de Diputados, aunque esto le haya significado ver frenados sus prop\u00f3sitos mayores.<\/span><\/p>\n<p class=\"p1\"><span style=\"font-size: 14pt;\">L\u00f3pez Obrador se dispon\u00eda a hacer las reformas constitucionales e institucionales de mayor calado en la segunda parte de su administraci\u00f3n.<\/span><\/p>\n<p class=\"p1\"><span style=\"font-size: 14pt;\">Como no alcanz\u00f3 aquel objetivo, por ejemplo no pasaron las reformas el\u00e9ctrica y electoral, cuando quiso rebasarlas por la v\u00eda administrativa, la Suprema Corte de Norma Pi\u00f1a anul\u00f3 sus pretensiones. Pero \u00e9stas no han menguado.<\/span><\/p>\n<p>&nbsp;<\/p>\n<p class=\"p1\"><span style=\"font-size: 18pt; color: #e42d33;\"><strong>SOLDADOS ELECTORALES<\/strong><\/span><\/p>\n<p class=\"p1\"><span style=\"font-size: 14pt;\">Por eso Andr\u00e9s Manuel L\u00f3pez Obrador voltea hacia 2024.<\/span><\/p>\n<p class=\"p1\"><span style=\"font-size: 14pt;\">\u00bfY cu\u00e1l es el plan? Simple: <\/span><span style=\"font-size: 14pt;\">Todo se har\u00e1 sobre la plataforma de los programas sociales y con ej\u00e9rcitos tipo J\u00f3venes Construyendo el Futuro y promotores para el bienestar.<\/span><\/p>\n<p class=\"p1\"><span style=\"font-size: 14pt;\">Se recorrer\u00e1 la ciudad alcald\u00eda por alcald\u00eda, distrito por distrito, secci\u00f3n por secci\u00f3n y casa por casa para credencializar a los beneficiarios de ese reparto de dinero p\u00fablico.<\/span><\/p>\n<p class=\"p1\"><span style=\"font-size: 14pt;\">Se les invitara a afiliarse al Morena y de ser posible convertirlos en sus activistas rumbo a las pr\u00f3ximas elecciones.<\/span><\/p>\n<p class=\"p1\"><span style=\"font-size: 14pt;\">La estrategia es poner \u00e9nfasis en las clases populares de las delegaciones perdidas \u00c1lvaro Obreg\u00f3n, Coyoac\u00e1n, Cuauht\u00e9moc\u2026 habida cuenta del rechazo en clases medias y altas.<\/span><\/p>\n<p class=\"p1\"><span style=\"font-size: 14pt;\">Con ese amplio mapa de la Ciudad de M\u00e9xico, se decidir\u00e1 a d\u00f3nde enfocar las campa\u00f1as, las ofertas, los programas sociales y la cruzada proselitista.<\/span><\/p>\n<p class=\"p1\"><span style=\"font-size: 14pt;\">Este plan, nacido para fortalecer el ego supremo, conlleva una certidumbre: la Presidencia de la Rep\u00fablica y la mayor\u00eda legislativa se dan por seguras y no se ha hecho lo necesario en el altiplano.<\/span><\/p>\n<p class=\"p1\"><span style=\"font-size: 14pt;\">Mario Delgado y Sebasti\u00e1n Ram\u00edrez tendr\u00e1n contacto directo con Mart\u00ed Batres y \u00e9ste, a su vez, rendir\u00e1 reportes en Palacio Nacional y por supuesto a la corcholata investida con la candidatura presidencial. <\/span><span style=\"font-size: 14pt;\">Delgado, Ram\u00edrez y Batres no tienen derecho a fallar.<\/span><\/p>\n<p>&nbsp;<\/p>\n<p class=\"p1\"><span style=\"font-size: 18pt; color: #e42d33;\"><strong>SNTE, CNTE Y SECCI\u00d3N 9<\/strong><\/span><\/p>\n<p class=\"p1\"><span style=\"font-size: 14pt;\">La CNTE capitalina ha presentado un recurso de nulidad de elecciones en la Secci\u00f3n 9 del SNTE, ganada por el profesor Ulises Ch\u00e1vez.<\/span><\/p>\n<p class=\"p1\"><span style=\"font-size: 14pt;\">Tal vez el Tribunal Federal de Conciliaci\u00f3n y Arbitraje (TFCA) de Pl\u00e1cido Morales V\u00e1zquez deba cuidar lo pol\u00edtico, porque en lo legal no hay dudas.<\/span><\/p>\n<p class=\"p1\"><span style=\"font-size: 14pt;\">La Coordinadora no registr\u00f3 planilla y por lo tanto dej\u00f3 el campo libre al bando institucional, como constataron diferentes secretar\u00edas de Estado y el SNTE de Alfonso Cepeda.<\/span><\/p>\n<p class=\"p1\"><span style=\"font-size: 14pt;\">Empero, no todo est\u00e1 perdido para la CNTE: tiene derecho a representantes en el Comit\u00e9 Ejecutivo y a esa negociaci\u00f3n se han abierto Cepeda y Ch\u00e1vez.<\/span><\/p>\n<p class=\"p1\"><span style=\"font-size: 14pt;\">Ah\u00ed s\u00ed Morales V\u00e1zquez tiene un papel: dar equilibrio y gobernabilidad a una secci\u00f3n magisterial anta\u00f1o conflictiva y hoy en plenas labores educativas.<\/span><\/p>\n<p>&nbsp;<\/p>\n<hr \/>\n<p>&nbsp;<\/p>\n<p><img loading=\"lazy\" decoding=\"async\" class=\"aligncenter wp-image-11449\" src=\"http:\/\/noticiasveracruz.com\/wp-content\/uploads\/2023\/01\/FIRMA-EDITORIAL-NV-300x37.png\" alt=\"\" width=\"1000\" height=\"122\" srcset=\"https:\/\/noticiasveracruz.com\/wp-content\/uploads\/2023\/01\/FIRMA-EDITORIAL-NV-300x37.png 300w, https:\/\/noticiasveracruz.com\/wp-content\/uploads\/2023\/01\/FIRMA-EDITORIAL-NV-1024x125.png 1024w, https:\/\/noticiasveracruz.com\/wp-content\/uploads\/2023\/01\/FIRMA-EDITORIAL-NV-768x94.png 768w, https:\/\/noticiasveracruz.com\/wp-content\/uploads\/2023\/01\/FIRMA-EDITORIAL-NV-1536x188.png 1536w, https:\/\/noticiasveracruz.com\/wp-content\/uploads\/2023\/01\/FIRMA-EDITORIAL-NV-2048x250.png 2048w\" sizes=\"auto, (max-width: 1000px) 100vw, 1000px\" \/><\/p>\n<p>&nbsp;<\/p>\n<p>&nbsp;<\/p>\n<p>&nbsp;<\/p>\n<p>&nbsp;<\/p>\n","protected":false},"excerpt":{"rendered":"<p>&nbsp; &nbsp; Por Jos\u00e9 Ure\u00f1a La instrucci\u00f3n es terminante: Reconquistar la Ciudad de M\u00e9xico para el Gobierno y su partido<\/p>\n","protected":false},"author":4,"featured_media":3258,"comment_status":"closed","ping_status":"closed","sticky":false,"template":"","format":"standard","meta":{"colormag_page_container_layout":"default_layout","colormag_page_sidebar_layout":"default_layout","_jetpack_memberships_contains_paid_content":false,"footnotes":"","jetpack_publicize_message":"","jetpack_publicize_feature_enabled":true,"jetpack_social_post_already_shared":true,"jetpack_social_options":{"image_generator_settings":{"template":"highway","default_image_id":0,"font":"","enabled":false},"version":2}},"categories":[6],"tags":[],"class_list":["post-17197","post","type-post","status-publish","format-standard","has-post-thumbnail","hentry","category-columnistas"],"jetpack_publicize_connections":[],"jetpack_featured_media_url":"https:\/\/noticiasveracruz.com\/wp-content\/uploads\/2022\/04\/JOSE\u0301-UREN\u0303A.png","jetpack_sharing_enabled":true,"publishpress_future_action":{"enabled":false,"date":"2026-05-07 17:00:27","action":"change-status","newStatus":"draft","terms":[],"taxonomy":"category","extraData":[]},"publishpress_future_workflow_manual_trigger":{"enabledWorkflows":[]},"_links":{"self":[{"href":"https:\/\/noticiasveracruz.com\/index.php\/wp-json\/wp\/v2\/posts\/17197","targetHints":{"allow":["GET"]}}],"collection":[{"href":"https:\/\/noticiasveracruz.com\/index.php\/wp-json\/wp\/v2\/posts"}],"about":[{"href":"https:\/\/noticiasveracruz.com\/index.php\/wp-json\/wp\/v2\/types\/post"}],"author":[{"embeddable":true,"href":"https:\/\/noticiasveracruz.com\/index.php\/wp-json\/wp\/v2\/users\/4"}],"replies":[{"embeddable":true,"href":"https:\/\/noticiasveracruz.com\/index.php\/wp-json\/wp\/v2\/comments?post=17197"}],"version-history":[{"count":0,"href":"https:\/\/noticiasveracruz.com\/index.php\/wp-json\/wp\/v2\/posts\/17197\/revisions"}],"wp:featuredmedia":[{"embeddable":true,"href":"https:\/\/noticiasveracruz.com\/index.php\/wp-json\/wp\/v2\/media\/3258"}],"wp:attachment":[{"href":"https:\/\/noticiasveracruz.com\/index.php\/wp-json\/wp\/v2\/media?parent=17197"}],"wp:term":[{"taxonomy":"category","embeddable":true,"href":"https:\/\/noticiasveracruz.com\/index.php\/wp-json\/wp\/v2\/categories?post=17197"},{"taxonomy":"post_tag","embeddable":true,"href":"https:\/\/noticiasveracruz.com\/index.php\/wp-json\/wp\/v2\/tags?post=17197"}],"curies":[{"name":"wp","href":"https:\/\/api.w.org\/{rel}","templated":true}]}}