{"id":17195,"date":"2023-07-05T05:10:11","date_gmt":"2023-07-05T10:10:11","guid":{"rendered":"https:\/\/noticiasveracruz.com\/?p=17195"},"modified":"2023-07-05T08:17:24","modified_gmt":"2023-07-05T13:17:24","slug":"justicia-por-mochada","status":"publish","type":"post","link":"https:\/\/noticiasveracruz.com\/index.php\/2023\/07\/05\/justicia-por-mochada\/","title":{"rendered":"Justicia por mochada"},"content":{"rendered":"<p class=\"p1\">\n<p>&nbsp;<\/p>\n<p class=\"p1\"><span style=\"font-size: 18pt;\"><strong>Por Luis Ram\u00edrez Baqueiro<\/strong><\/span><\/p>\n<p class=\"p1\">\n<p>&nbsp;<\/p>\n<p class=\"p1\" style=\"text-align: center;\"><em><span style=\"font-size: 18pt;\"><strong>\u201cLa m\u00e1s excelente de todas las virtudes es la justicia\u201d <\/strong><\/span><\/em><\/p>\n<p class=\"p1\" style=\"text-align: center;\"><span style=\"font-size: 18pt;\">\u2013\u00a0Arist\u00f3teles \u2013\u00a0<\/span><\/p>\n<p class=\"p1\">\n<p>&nbsp;<\/p>\n<p class=\"p1\"><span style=\"font-size: 14pt;\">La serie de tropel\u00edas y negocios turbios al interior del Tribunal Superior de Justicia del Estado de Veracruz, est\u00e1 escalando a niveles inconcebibles que habr\u00e1n de ser revelados a la opini\u00f3n p\u00fablica generando un nuevo cisma en la divisi\u00f3n de poderes en la entidad.<\/span><\/p>\n<p class=\"p1\"><span style=\"font-size: 14pt;\">Las serias acusaciones de corrupci\u00f3n producto de una entramada red de protecci\u00f3n por parte de los integrantes del Consejo de la Judicatura a jueces que por consigna extorsionan a los implicados de los diversos casos con la intenci\u00f3n de cargar la balanza a su favor, ser\u00e1 tan solo una de las bombas que habr\u00e1n de dinamitar la justicia en el estado.<\/span><\/p>\n<p class=\"p1\"><span style=\"font-size: 14pt;\">Ahora se ha podido confirmar que en ese af\u00e1n de operar todo bajo moches, componendas la Sala Constitucional ha comenzado a recibir por acuerdo del pleno asuntos de car\u00e1cter familiar, cuando para ello, existen en el mismo Tribunal, dos salas de lo Familiar, y dos de materia Civil.<\/span><\/p>\n<p class=\"p1\"><span style=\"font-size: 14pt;\">Solo en caso de suplir la deficiencia de la prueba es como pudiera tenerse una probable justificaci\u00f3n de su actuar.<\/span><\/p>\n<p class=\"p1\"><span style=\"font-size: 14pt;\">Pero resulta que ahora, todo aquel litigante ante est\u00e1 sala \u2013la constitucional- que desee exponer alg\u00fan tema de su asunto ante alguno de los tres magistrados que la componen \u2013aun cuando es uno solo el que atiende y resuelve del caso- ser\u00e1 escuchado solo en presencia de los tres magistrados que la conforman, una especie de acuerdo colegiado, en el que los asuntos se discuten de manera colectiva, a modo de presionar a los litigantes y a dejarle soterradamente claro de a c\u00f3mo ser\u00e1 el tama\u00f1o de la mochada para en su caso fallar a su favor.<\/span><\/p>\n<p class=\"p1\"><span style=\"font-size: 14pt;\">\u00a1Bonita chingadera!<\/span><\/p>\n<p class=\"p1\"><span style=\"font-size: 14pt;\">Ahora s\u00ed que aquello de que la justicia deber\u00e1 ser pronta y expedita, pues es una simple y llana simulaci\u00f3n, porque en Veracruz, la justicia ni ser\u00e1 pronta, mucho menos expedita, si los abogados no se caen con su mochadita.<\/span><\/p>\n<p>&nbsp;<\/p>\n<p class=\"p1\"><span style=\"font-size: 18pt;\"><strong>Al tiempo<\/strong><\/span><\/p>\n<p>&nbsp;<\/p>\n<hr \/>\n<p>&nbsp;<\/p>\n<p class=\"p1\"><span style=\"font-size: 18pt;\"><strong>Correo: <a href=\"mailto:astrolabiopoliticomx@gmail.com\">astrolabiopoliticomx@gmail.com<\/a><\/strong><\/span><\/p>\n<p class=\"p1\"><span style=\"font-size: 18pt;\"><strong>Twitter: <a href=\"http:\/\/www.twitter.com\/LuisBaqueiro_mx\">@LuisBaqueiro_mx<\/a><\/strong><\/span><\/p>\n<p>&nbsp;<\/p>\n<p><img loading=\"lazy\" decoding=\"async\" class=\"aligncenter wp-image-11449\" src=\"http:\/\/noticiasveracruz.com\/wp-content\/uploads\/2023\/01\/FIRMA-EDITORIAL-NV-300x37.png\" alt=\"\" width=\"1000\" height=\"122\" srcset=\"https:\/\/noticiasveracruz.com\/wp-content\/uploads\/2023\/01\/FIRMA-EDITORIAL-NV-300x37.png 300w, https:\/\/noticiasveracruz.com\/wp-content\/uploads\/2023\/01\/FIRMA-EDITORIAL-NV-1024x125.png 1024w, https:\/\/noticiasveracruz.com\/wp-content\/uploads\/2023\/01\/FIRMA-EDITORIAL-NV-768x94.png 768w, https:\/\/noticiasveracruz.com\/wp-content\/uploads\/2023\/01\/FIRMA-EDITORIAL-NV-1536x188.png 1536w, https:\/\/noticiasveracruz.com\/wp-content\/uploads\/2023\/01\/FIRMA-EDITORIAL-NV-2048x250.png 2048w\" sizes=\"auto, (max-width: 1000px) 100vw, 1000px\" \/><\/p>\n<p>&nbsp;<\/p>\n<p>&nbsp;<\/p>\n<p>&nbsp;<\/p>\n<p>&nbsp;<\/p>\n","protected":false},"excerpt":{"rendered":"<p>&nbsp; Por Luis Ram\u00edrez Baqueiro &nbsp; \u201cLa m\u00e1s excelente de todas las virtudes es la justicia\u201d \u2013\u00a0Arist\u00f3teles \u2013\u00a0 &nbsp; La<\/p>\n","protected":false},"author":4,"featured_media":3572,"comment_status":"closed","ping_status":"closed","sticky":false,"template":"","format":"standard","meta":{"colormag_page_container_layout":"default_layout","colormag_page_sidebar_layout":"default_layout","_jetpack_memberships_contains_paid_content":false,"footnotes":"","jetpack_publicize_message":"","jetpack_publicize_feature_enabled":true,"jetpack_social_post_already_shared":true,"jetpack_social_options":{"image_generator_settings":{"template":"highway","default_image_id":0,"font":"","enabled":false},"version":2}},"categories":[6],"tags":[],"class_list":["post-17195","post","type-post","status-publish","format-standard","has-post-thumbnail","hentry","category-columnistas"],"jetpack_publicize_connections":[],"jetpack_featured_media_url":"https:\/\/noticiasveracruz.com\/wp-content\/uploads\/2022\/04\/LUIS-RAMI\u0301REZ-BAQUEIRO.png","jetpack_sharing_enabled":true,"publishpress_future_action":{"enabled":false,"date":"2026-05-07 17:42:14","action":"change-status","newStatus":"draft","terms":[],"taxonomy":"category","extraData":[]},"publishpress_future_workflow_manual_trigger":{"enabledWorkflows":[]},"_links":{"self":[{"href":"https:\/\/noticiasveracruz.com\/index.php\/wp-json\/wp\/v2\/posts\/17195","targetHints":{"allow":["GET"]}}],"collection":[{"href":"https:\/\/noticiasveracruz.com\/index.php\/wp-json\/wp\/v2\/posts"}],"about":[{"href":"https:\/\/noticiasveracruz.com\/index.php\/wp-json\/wp\/v2\/types\/post"}],"author":[{"embeddable":true,"href":"https:\/\/noticiasveracruz.com\/index.php\/wp-json\/wp\/v2\/users\/4"}],"replies":[{"embeddable":true,"href":"https:\/\/noticiasveracruz.com\/index.php\/wp-json\/wp\/v2\/comments?post=17195"}],"version-history":[{"count":0,"href":"https:\/\/noticiasveracruz.com\/index.php\/wp-json\/wp\/v2\/posts\/17195\/revisions"}],"wp:featuredmedia":[{"embeddable":true,"href":"https:\/\/noticiasveracruz.com\/index.php\/wp-json\/wp\/v2\/media\/3572"}],"wp:attachment":[{"href":"https:\/\/noticiasveracruz.com\/index.php\/wp-json\/wp\/v2\/media?parent=17195"}],"wp:term":[{"taxonomy":"category","embeddable":true,"href":"https:\/\/noticiasveracruz.com\/index.php\/wp-json\/wp\/v2\/categories?post=17195"},{"taxonomy":"post_tag","embeddable":true,"href":"https:\/\/noticiasveracruz.com\/index.php\/wp-json\/wp\/v2\/tags?post=17195"}],"curies":[{"name":"wp","href":"https:\/\/api.w.org\/{rel}","templated":true}]}}