{"id":17193,"date":"2023-07-05T05:00:02","date_gmt":"2023-07-05T10:00:02","guid":{"rendered":"https:\/\/noticiasveracruz.com\/?p=17193"},"modified":"2023-07-05T08:11:51","modified_gmt":"2023-07-05T13:11:51","slug":"las-renuncias-al-pri-veracruzano","status":"publish","type":"post","link":"https:\/\/noticiasveracruz.com\/index.php\/2023\/07\/05\/las-renuncias-al-pri-veracruzano\/","title":{"rendered":"Las renuncias al PRI veracruzano"},"content":{"rendered":"<p class=\"p1\">\n<p>&nbsp;<\/p>\n<p class=\"p1\" style=\"text-align: center;\"><em><span style=\"font-size: 18pt;\"><strong>&lt;&lt;Ning\u00fan veracruzano en la lista de 300 dirigentes que salieron&gt;&gt;<\/strong><\/span><\/em><\/p>\n<p class=\"p1\" style=\"text-align: center;\"><em><span style=\"font-size: 18pt;\"><strong>&lt;&lt;\u00bfEst\u00e1n todos de acuerdo con Alejandro Moreno \u201cAlito?&gt;&gt;<\/strong><\/span><\/em><\/p>\n<p class=\"p1\" style=\"text-align: center;\"><em><span style=\"font-size: 18pt;\"><strong>&lt;&lt;Que opinan los aspirantes a la candidatura gubernamental&gt;&gt;<\/strong><\/span><\/em><\/p>\n<p>&nbsp;<\/p>\n<p>&nbsp;<\/p>\n<p class=\"p1\"><span style=\"font-size: 18pt;\"><strong>Por Miguel \u00c1ngel Cristiani G.<\/strong><\/span><\/p>\n<p class=\"p1\"><span style=\"font-size: 14pt;\">Al parecer ninguno de los pol\u00edticos veracruzanos figura en la lista de cerca de 300 miembros prominentes del Partido Revolucionario Institucional PRI, que este lunes renunciaron al partido, por no estar de acuerdo con la dirigencia nacional que encabeza Alejandro Moreno \u201cAlito\u201d.<\/span><\/p>\n<p class=\"p1\"><span style=\"font-size: 14pt;\">\u00bfA qu\u00e9 se debe que ninguno de los priistas se pronunciara en contra de la dirigencia nacional?<\/span><\/p>\n<p class=\"p1\"><span style=\"font-size: 14pt;\">\u00bfSer\u00e1 acaso que los veracruzanos y veracruzanas est\u00e1n de acuerdo con la forma en que se ha venido manejando la dirigencia nacional de ese partido?<\/span><\/p>\n<p class=\"p1\"><span style=\"font-size: 14pt;\">Habr\u00e1 que esperar para ver que opinan los pol\u00edticos que se encuentran en la lista de posibles candidatos a la gubernatura del estado de Veracruz, por lo que queda de ese partido.<\/span><\/p>\n<p class=\"p1\"><span style=\"font-size: 14pt;\">Ser\u00e1 por eso que no se ha dado a conocer el nombre del o la candidata de ese partido a la gubernatura ni a las diputaciones locales que ser\u00e1n votados en las elecciones del a\u00f1o entrante.<\/span><\/p>\n<p class=\"p1\"><span style=\"font-size: 14pt;\">Estar\u00e1n esperando que sean los \u201cdestapados\u201d por el PRI local para si no son nominados entonces s\u00ed renunciar y buscar la nominaci\u00f3n por otro instituto pol\u00edtico.<\/span><\/p>\n<p class=\"p1\"><span style=\"font-size: 14pt;\">Los posibles candidatos del PRI a la gubernatura son: Jos\u00e9 Francisco Yunes Zorrilla, diputado federal; Juan Manuel Diez Francos, alcalde de Orizaba; Lorena Pi\u00f1\u00f3n Rivera, diputada federal; Anil\u00fa Ingram Vallines, diputada local; y H\u00e9ctor Yunes Landa, exdiputado federal.<\/span><\/p>\n<p class=\"p1\"><span style=\"font-size: 14pt;\">Ninguno de ellos figur\u00f3 en la lista de renunciados.<\/span><\/p>\n<p class=\"p1\"><span style=\"font-size: 14pt;\">Fueron alrededor de 300 miembros prominentes del Partido Revolucionario Institucional (PRI), los que han anunciado su renuncia en los \u00faltimos d\u00edas, entre ellos los senadores Nuvia Mayorga, Eruviel \u00c1vila, Miguel \u00c1ngel Osorio Chong y Claudia Ruiz Massieu. Estos pol\u00edticos han decidido abandonar el partido y formar una nueva fuerza pol\u00edtica llamada Congruencia por M\u00e9xico, con el objetivo de ganar posiciones en el \u00e1mbito pol\u00edtico.<\/span><\/p>\n<p class=\"p1\"><span style=\"font-size: 14pt;\">El senador Eruviel \u00c1vila expres\u00f3 en su cuenta de Twitter: \u201cHe decidido renunciar al PRI. El rumbo que le est\u00e1 dando su dirigencia no coincide con lo que necesita M\u00e9xico. Esta es la decisi\u00f3n m\u00e1s dif\u00edcil de mi vida pol\u00edtica. Renuncio al PRI, pero jam\u00e1s a la gente por quien seguir\u00e9 trabajando y con quien estoy muy agradecido por su apoyo a lo largo de mis 30 a\u00f1os de servicio p\u00fablico\u201d.<\/span><\/p>\n<p class=\"p1\"><span style=\"font-size: 14pt;\">Por su parte, Miguel \u00c1ngel Osorio Chong, durante una conferencia de prensa donde se anunci\u00f3 su retiro, declar\u00f3: \u201cNunca nos quedaremos callados inconformes ante actos autoritarios y de demagogia que lastiman a nuestro pa\u00eds [&#8230;] Alejandro Moreno en poco tiempo desvi\u00f3 nuestro gran instituto pol\u00edtico. Mir\u00f3 solo para sus propios intereses, su ambici\u00f3n y para su protecci\u00f3n. Lo destruy\u00f3 todo\u201d.<\/span><\/p>\n<p class=\"p1\"><span style=\"font-size: 14pt;\">Algunos de los pol\u00edticos que renunciaron este lunes al PRI son:<\/span><\/p>\n<ul>\n<li class=\"p1\"><span style=\"font-size: 14pt;\">Miguel \u00c1ngel Osorio Chong: exsecretario de Gobernaci\u00f3n y exgobernador de Hidalgo.<\/span><\/li>\n<li class=\"p1\"><span style=\"font-size: 14pt;\">Claudia Ruiz Massieu: exsecretaria de Relaciones Exteriores y de Turismo, y expresidenta del PRI.<\/span><\/li>\n<li class=\"p1\"><span style=\"font-size: 14pt;\">Eruviel \u00c1vila: exgobernador del Estado de M\u00e9xico y expresidente municipal de Ecatepec.<\/span><\/li>\n<li class=\"p1\"><span style=\"font-size: 14pt;\">Nuvia Mayorga: exdirectora general de la Comisi\u00f3n Nacional para el Desarrollo de los Pueblos Ind\u00edgenas.<\/span><\/li>\n<\/ul>\n<p class=\"p1\"><span style=\"font-size: 14pt;\">Ning\u00fan veracruzano.<\/span><\/p>\n<p>&nbsp;<\/p>\n<hr \/>\n<p>&nbsp;<\/p>\n<p class=\"p1\"><span style=\"font-size: 18pt;\"><strong>Cont\u00e1ctanos en nuestra p\u00e1gina:<\/strong><\/span><\/p>\n<p><a href=\"https:\/\/www.xn--bitacoraspolticas-ovb.com\/\"><span style=\"font-size: 18pt;\"><strong>BitacorasPolticas.com<\/strong><\/span><\/a><\/p>\n<p>&nbsp;<\/p>\n<p><img loading=\"lazy\" decoding=\"async\" class=\"aligncenter wp-image-14351\" src=\"https:\/\/politicosaldesnudo.com.mx\/wp-content\/uploads\/2023\/01\/FIRMA-EDITORIAL-PD-300x37.png\" alt=\"\" width=\"1000\" height=\"122\" \/><\/p>\n<p>&nbsp;<\/p>\n<p>&nbsp;<\/p>\n<p>&nbsp;<\/p>\n<p>&nbsp;<\/p>\n","protected":false},"excerpt":{"rendered":"<p>&nbsp; &lt;&lt;Ning\u00fan veracruzano en la lista de 300 dirigentes que salieron&gt;&gt; &lt;&lt;\u00bfEst\u00e1n todos de acuerdo con Alejandro Moreno \u201cAlito?&gt;&gt; &lt;&lt;Que<\/p>\n","protected":false},"author":4,"featured_media":3280,"comment_status":"closed","ping_status":"closed","sticky":false,"template":"","format":"standard","meta":{"colormag_page_container_layout":"default_layout","colormag_page_sidebar_layout":"default_layout","_jetpack_memberships_contains_paid_content":false,"footnotes":"","jetpack_publicize_message":"","jetpack_publicize_feature_enabled":true,"jetpack_social_post_already_shared":true,"jetpack_social_options":{"image_generator_settings":{"template":"highway","default_image_id":0,"font":"","enabled":false},"version":2}},"categories":[6],"tags":[],"class_list":["post-17193","post","type-post","status-publish","format-standard","has-post-thumbnail","hentry","category-columnistas"],"jetpack_publicize_connections":[],"jetpack_featured_media_url":"https:\/\/noticiasveracruz.com\/wp-content\/uploads\/2022\/04\/NV-MIGUEL-A\u0301NGEL-CRISTIANI.png","jetpack_sharing_enabled":true,"publishpress_future_action":{"enabled":false,"date":"2026-05-07 18:29:08","action":"change-status","newStatus":"draft","terms":[],"taxonomy":"category","extraData":[]},"publishpress_future_workflow_manual_trigger":{"enabledWorkflows":[]},"_links":{"self":[{"href":"https:\/\/noticiasveracruz.com\/index.php\/wp-json\/wp\/v2\/posts\/17193","targetHints":{"allow":["GET"]}}],"collection":[{"href":"https:\/\/noticiasveracruz.com\/index.php\/wp-json\/wp\/v2\/posts"}],"about":[{"href":"https:\/\/noticiasveracruz.com\/index.php\/wp-json\/wp\/v2\/types\/post"}],"author":[{"embeddable":true,"href":"https:\/\/noticiasveracruz.com\/index.php\/wp-json\/wp\/v2\/users\/4"}],"replies":[{"embeddable":true,"href":"https:\/\/noticiasveracruz.com\/index.php\/wp-json\/wp\/v2\/comments?post=17193"}],"version-history":[{"count":0,"href":"https:\/\/noticiasveracruz.com\/index.php\/wp-json\/wp\/v2\/posts\/17193\/revisions"}],"wp:featuredmedia":[{"embeddable":true,"href":"https:\/\/noticiasveracruz.com\/index.php\/wp-json\/wp\/v2\/media\/3280"}],"wp:attachment":[{"href":"https:\/\/noticiasveracruz.com\/index.php\/wp-json\/wp\/v2\/media?parent=17193"}],"wp:term":[{"taxonomy":"category","embeddable":true,"href":"https:\/\/noticiasveracruz.com\/index.php\/wp-json\/wp\/v2\/categories?post=17193"},{"taxonomy":"post_tag","embeddable":true,"href":"https:\/\/noticiasveracruz.com\/index.php\/wp-json\/wp\/v2\/tags?post=17193"}],"curies":[{"name":"wp","href":"https:\/\/api.w.org\/{rel}","templated":true}]}}