{"id":17191,"date":"2023-07-05T08:04:55","date_gmt":"2023-07-05T13:04:55","guid":{"rendered":"https:\/\/noticiasveracruz.com\/?p=17191"},"modified":"2023-07-05T08:04:55","modified_gmt":"2023-07-05T13:04:55","slug":"xochitl-reina-por-un-dia","status":"publish","type":"post","link":"https:\/\/noticiasveracruz.com\/index.php\/2023\/07\/05\/xochitl-reina-por-un-dia\/","title":{"rendered":"X\u00f3chitl, reina por un d\u00eda"},"content":{"rendered":"<p>&nbsp;<\/p>\n<p><span style=\"font-size: 18pt;\"><strong>Por \u00c1ngel \u00c1lvaro Pe\u00f1a<\/strong><\/span><br \/>\n<span style=\"font-size: 14pt;\">A X\u00f3chitl G\u00e1lvez no le queda otra alternativa m\u00e1s que aceptar tanto las alabanzas de los ingenuos como las cr\u00edticas de los contrincantes. Lo cierto es que en el PAN la rechazan y que en l alianza la utilizan.<\/span><br \/>\n<span style=\"font-size: 18pt;\"><strong>En este momento ni el Presidente de la Rep\u00fablica est\u00e1 al margen de su candidatura, que es tan intensa, que corre el riesgo de acabarse de un momento otro. Porque quienes la impulsan la colocan en la l\u00ednea de fuego, quienes la usan la desgastan ante el pueblo y dentro de la sociedad, uno que otro iluso cree que en realidad es pobre de nacimiento y de origen ind\u00edgena.<\/strong><\/span><br \/>\n<span style=\"font-size: 14pt;\">En menos de un d\u00eda el pleito con el Presidente qued\u00f3 en segundo t\u00e9rmino, la sinraz\u00f3n de L\u00f3pez Obrador de ponerse con una senadora que nunca fue seria por sus acciones extravagantes, pero que en ning\u00fan momento tienen el nivel jer\u00e1rquico de un Presidente de la Rep\u00fablica, se convirti\u00f3 en una simple an\u00e9cdota ante la mala suerte de X\u00f3chitl que muestra ser capaz de todo para justificar el lugar que ya le otorg\u00f3 Claudio X. Gonz\u00e1lez.<\/span><br \/>\n<span style=\"font-size: 14pt;\">La diferencia de investiduras arroja siempre un ganador y tambi\u00e9n en esta batalla sali\u00f3 perdiendo la hidalguense.<\/span><br \/>\n<span style=\"font-size: 18pt; color: #e42d33;\"><strong>Es significativo que el registro de los precandidatos de la alianza opositora haya sido la sede nacional del PRI. Donde se registr\u00f3 primero Santiago Creel quien, con l\u00e1grimas en los ojos llor\u00f3 por lo que le est\u00e1n haciendo a M\u00e9xico, como si no hubiera hecho da\u00f1o \u00e9l cuando era secretario de Gobernaci\u00f3n sembrando en todo el pa\u00eds casinos en lugar de \u00e1rboles.<\/strong><\/span><br \/>\n<span style=\"font-size: 14pt;\">Santiago realiz\u00f3 un verdadero acto circense para justificar las l\u00e1grimas que le produc\u00eda saberse fuera de la candidatura que a\u00f1or\u00f3 toda la vida. Se qued\u00f3, otra vez, en el camino.<\/span><br \/>\n<span style=\"font-size: 18pt;\"><strong>A X\u00f3chitl no le fue mejor en esta pasarela de malas actuaciones porque a su registro no asisti\u00f3 ni su marido porque no est\u00e1 de acuerdo con la pol\u00edtica del pa\u00eds, lo cual tambi\u00e9n debe tener su interpretaci\u00f3n m\u00e1s all\u00e1 del recinto familiar.<\/strong><\/span><\/p>\n<p>&nbsp;<\/p>\n<p><img loading=\"lazy\" decoding=\"async\" class=\"aligncenter wp-image-21932 size-large\" src=\"https:\/\/politicosaldesnudo.com.mx\/wp-content\/uploads\/2023\/07\/P-XOCHITL-GALEZ-REGISTRO-1024x573.png\" alt=\"\" width=\"800\" height=\"448\" \/><\/p>\n<p>&nbsp;<\/p>\n<p><span style=\"font-size: 14pt;\">Si fue el inicio de una campa\u00f1a que le parecer\u00e1 eterna a X\u00f3chitl, puede ser un mal principio. Podr\u00edamos decir que deber\u00e1 empezar de cero, porque tratando de legitimar su falso origen ind\u00edgena filtr\u00f3 la informaci\u00f3n de que ella no tiene vicios, no ingiere alcohol, no fuma, lo que s\u00ed ha comido es peyote, porque es una planta sagrada de los ind\u00edgenas de su tierra. Sin comentarios.<\/span><br \/>\n<span style=\"font-size: 14pt;\">Dentro dela derecha la existencia de X\u00f3chitl como candidata dividir\u00e1 m\u00e1s que unir a la oposici\u00f3n, cuya alianza est\u00e1 prendida de alfileres que ella puede desprender uno a uno en el trayecto hacia la campa\u00f1a con sus ocurrencias y falsas identidades.<\/span><br \/>\n<span style=\"font-size: 18pt;\"><strong>Si X\u00f3chitl G\u00e1lvez hubiera mantenido un perfil m\u00e1s bajo en los \u00faltimos a\u00f1os como senadora pudiera pensar la gente que en realidad es de origen humilde y pertenece su familia a los pueblos originarios. Y si lo es se coloca como una verdadera traidora de su gente porque a mediados de mayo de 2015, el entonces consejero presidente del INE se burl\u00f3 del gobernador ind\u00edgena de Guanajuato, en una pl\u00e1tica telef\u00f3nica que sostuvo con Edmundo Jacobo, ella era la directora de la Comisi\u00f3n Nacional para el Desarrollo de los Pueblos Ind\u00edgenas, en ese momento nunca sali\u00f3 una protesta de su boca, y lo que es peor ocho a\u00f1os despu\u00e9s sali\u00f3 con una cartulina a las calles que dec\u00eda <em>El INE no se toca<\/em>, precisamente cuando todav\u00eda estaba a la cabeza Lorenzo C\u00f3rdova.<\/strong><\/span><br \/>\n<span style=\"font-size: 14pt;\">Mala surte que parece acompa\u00f1ar la vida pol\u00edtica de una senadora que quiso ser ind\u00edgena solo para la foto y para la campa\u00f1a, despu\u00e9s los titiriteros decidir\u00e1n su destino.<\/span><\/p>\n<p>&nbsp;<\/p>\n<p><span style=\"font-size: 18pt; color: #e42d33;\"><strong>PEGA Y CORRE<\/strong><\/span><br \/>\n<span style=\"font-size: 14pt;\">Israel Rivas, l\u00edder de los padres de ni\u00f1os con c\u00e1ncer, quien dec\u00eda no tener intenciones pol\u00edticas, ahora quiere registrarse para contender por la candidatura de la alianza opositora, por el partido al que pertenece desde hace 15 a\u00f1os: el PAN.<\/span><\/p>\n<p>&nbsp;<\/p>\n<p><em><span style=\"font-size: 18pt;\"><strong>Esta columna se publica los lunes, mi\u00e9rcoles y viernes<\/strong><\/span><\/em><\/p>\n<p>&nbsp;<\/p>\n<hr \/>\n<p>&nbsp;<\/p>\n<p><img loading=\"lazy\" decoding=\"async\" class=\"aligncenter wp-image-11449\" src=\"http:\/\/noticiasveracruz.com\/wp-content\/uploads\/2023\/01\/FIRMA-EDITORIAL-NV-300x37.png\" alt=\"\" width=\"1000\" height=\"122\" srcset=\"https:\/\/noticiasveracruz.com\/wp-content\/uploads\/2023\/01\/FIRMA-EDITORIAL-NV-300x37.png 300w, https:\/\/noticiasveracruz.com\/wp-content\/uploads\/2023\/01\/FIRMA-EDITORIAL-NV-1024x125.png 1024w, https:\/\/noticiasveracruz.com\/wp-content\/uploads\/2023\/01\/FIRMA-EDITORIAL-NV-768x94.png 768w, https:\/\/noticiasveracruz.com\/wp-content\/uploads\/2023\/01\/FIRMA-EDITORIAL-NV-1536x188.png 1536w, https:\/\/noticiasveracruz.com\/wp-content\/uploads\/2023\/01\/FIRMA-EDITORIAL-NV-2048x250.png 2048w\" sizes=\"auto, (max-width: 1000px) 100vw, 1000px\" \/><\/p>\n<p>&nbsp;<\/p>\n<p>&nbsp;<\/p>\n<p>&nbsp;<\/p>\n<p>&nbsp;<\/p>\n","protected":false},"excerpt":{"rendered":"<p>&nbsp; Por \u00c1ngel \u00c1lvaro Pe\u00f1a A X\u00f3chitl G\u00e1lvez no le queda otra alternativa m\u00e1s que aceptar tanto las alabanzas de<\/p>\n","protected":false},"author":4,"featured_media":3187,"comment_status":"closed","ping_status":"closed","sticky":false,"template":"","format":"standard","meta":{"colormag_page_container_layout":"default_layout","colormag_page_sidebar_layout":"default_layout","_jetpack_memberships_contains_paid_content":false,"footnotes":"","jetpack_publicize_message":"","jetpack_publicize_feature_enabled":true,"jetpack_social_post_already_shared":true,"jetpack_social_options":{"image_generator_settings":{"template":"highway","default_image_id":0,"font":"","enabled":false},"version":2}},"categories":[6],"tags":[66,194,2012],"class_list":["post-17191","post","type-post","status-publish","format-standard","has-post-thumbnail","hentry","category-columnistas","tag-ine","tag-pri","tag-xochitl-galvez"],"jetpack_publicize_connections":[],"jetpack_featured_media_url":"https:\/\/noticiasveracruz.com\/wp-content\/uploads\/2022\/04\/A\u0301NGEL-A\u0301LVARO-PEN\u0303A.png","jetpack_sharing_enabled":true,"publishpress_future_action":{"enabled":false,"date":"2026-05-07 19:16:54","action":"change-status","newStatus":"draft","terms":[],"taxonomy":"category","extraData":[]},"publishpress_future_workflow_manual_trigger":{"enabledWorkflows":[]},"_links":{"self":[{"href":"https:\/\/noticiasveracruz.com\/index.php\/wp-json\/wp\/v2\/posts\/17191","targetHints":{"allow":["GET"]}}],"collection":[{"href":"https:\/\/noticiasveracruz.com\/index.php\/wp-json\/wp\/v2\/posts"}],"about":[{"href":"https:\/\/noticiasveracruz.com\/index.php\/wp-json\/wp\/v2\/types\/post"}],"author":[{"embeddable":true,"href":"https:\/\/noticiasveracruz.com\/index.php\/wp-json\/wp\/v2\/users\/4"}],"replies":[{"embeddable":true,"href":"https:\/\/noticiasveracruz.com\/index.php\/wp-json\/wp\/v2\/comments?post=17191"}],"version-history":[{"count":0,"href":"https:\/\/noticiasveracruz.com\/index.php\/wp-json\/wp\/v2\/posts\/17191\/revisions"}],"wp:featuredmedia":[{"embeddable":true,"href":"https:\/\/noticiasveracruz.com\/index.php\/wp-json\/wp\/v2\/media\/3187"}],"wp:attachment":[{"href":"https:\/\/noticiasveracruz.com\/index.php\/wp-json\/wp\/v2\/media?parent=17191"}],"wp:term":[{"taxonomy":"category","embeddable":true,"href":"https:\/\/noticiasveracruz.com\/index.php\/wp-json\/wp\/v2\/categories?post=17191"},{"taxonomy":"post_tag","embeddable":true,"href":"https:\/\/noticiasveracruz.com\/index.php\/wp-json\/wp\/v2\/tags?post=17191"}],"curies":[{"name":"wp","href":"https:\/\/api.w.org\/{rel}","templated":true}]}}