{"id":17174,"date":"2023-07-04T21:36:37","date_gmt":"2023-07-05T02:36:37","guid":{"rendered":"https:\/\/noticiasveracruz.com\/?p=17174"},"modified":"2023-07-04T21:46:14","modified_gmt":"2023-07-05T02:46:14","slug":"nueva-represion-contra-las-mujeres-gobierno-taliban-ordena-cierre-de-salones-de-belleza","status":"publish","type":"post","link":"https:\/\/noticiasveracruz.com\/index.php\/2023\/07\/04\/nueva-represion-contra-las-mujeres-gobierno-taliban-ordena-cierre-de-salones-de-belleza\/","title":{"rendered":"Nueva represi\u00f3n contra las mujeres, Gobierno talib\u00e1n ordena cierre de salones de belleza"},"content":{"rendered":"<p>&nbsp;<\/p>\n<p>&nbsp;<\/p>\n<p class=\"p1\"><span style=\"font-size: 14pt;\"><em><strong>KABUL, AFGANIST\u00c1N.<\/strong> <\/em><strong>El gobierno talib\u00e1n<\/strong> orden\u00f3 el cierre de los <strong>salones de belleza en Afganist\u00e1n<\/strong> antes de un mes, en una nueva medida para apartar a las mujeres del espacio p\u00fablico.<\/span><\/p>\n<p class=\"p1\"><span style=\"font-size: 18pt;\"><strong>Esta decisi\u00f3n provocar\u00e1 la desaparici\u00f3n de miles de comercios, regenteados por mujeres, a menudo el \u00fanico recurso para sus familias, y uno de los \u00faltimos espacios de libertad y sociabilizaci\u00f3n para las afganas.<\/strong><\/span><\/p>\n<p>&nbsp;<\/p>\n<blockquote>\n<p class=\"p1\"><span style=\"font-size: 14pt;\">Creo que ser\u00eda mejor si las mujeres no existieran en esta sociedad\u201d, dice con tristeza la gerente de un sal\u00f3n en Kabul, que pidi\u00f3 el anonimato.<\/span><\/p>\n<\/blockquote>\n<p>&nbsp;<\/p>\n<p><img loading=\"lazy\" decoding=\"async\" class=\"aligncenter wp-image-21910 size-large\" src=\"https:\/\/politicosaldesnudo.com.mx\/wp-content\/uploads\/2023\/07\/P-SALONES-BELLEZA-1-1024x573.png\" alt=\"\" width=\"800\" height=\"448\" \/><\/p>\n<p>&nbsp;<\/p>\n<blockquote>\n<p class=\"p1\"><span style=\"font-size: 14pt;\">Lo digo ahora: me gustar\u00eda no existir. Me gustar\u00eda que no hubi\u00e9ramos nacido en Afganist\u00e1n\u201d<\/span><\/p>\n<\/blockquote>\n<p>&nbsp;<\/p>\n<p>&nbsp;<\/p>\n<p class=\"p1\"><span style=\"font-size: 18pt; color: #e42d33;\"><strong>LA EXCLUSI\u00d3N A LAS MUJERES<\/strong><\/span><\/p>\n<p class=\"p1\"><span style=\"font-size: 18pt;\"><strong>Desde su regreso al poder en agosto de 2021, los talibanes, integristas musulmanes, excluyeron a las mujeres de la mayor\u00eda de los centros de educaci\u00f3n secundaria, de las universidades y de la administraci\u00f3n p\u00fablica.<\/strong><\/span><\/p>\n<p class=\"p1\"><span style=\"font-size: 14pt;\">Tampoco pueden trabajar para la ONU y las organizaciones internacionales, acceder a parques, jardines, gimnasios o ba\u00f1os p\u00fablicos o viajar sin ir acompa\u00f1adas de un familiar hombre y deben cubrirse integralmente al salir de casa.<\/span><\/p>\n<p class=\"p1\"><span style=\"font-size: 14pt;\">La nueva medida, evocada hace d\u00edas en redes sociales, fue confirmada por Mohammad Sadeq Akif Muhajir, el portavoz del ministerio de Prevenci\u00f3n del Vicio y Promoci\u00f3n de la Virtud.<\/span><\/p>\n<p>&nbsp;<\/p>\n<blockquote>\n<p class=\"p1\"><span style=\"font-size: 14pt;\">El portavoz no justific\u00f3 la decisi\u00f3n. Una vez que hayan sido cerrados, daremos los motivos a los medios\u201d<\/span><\/p>\n<\/blockquote>\n<p>&nbsp;<\/p>\n<p><img loading=\"lazy\" decoding=\"async\" class=\"aligncenter wp-image-21912 size-large\" src=\"https:\/\/politicosaldesnudo.com.mx\/wp-content\/uploads\/2023\/07\/P-SALONES-BELLEZA-3-1024x573.png\" alt=\"\" width=\"800\" height=\"448\" \/><\/p>\n<p>&nbsp;<\/p>\n<p class=\"p1\"><span style=\"font-size: 18pt;\"><strong>Se ha dado un mes de plazo para el cierre para que los negocios puedan agotar sus existencias, explic\u00f3.<\/strong><\/span><\/p>\n<p>&nbsp;<\/p>\n<blockquote>\n<p class=\"p1\"><span style=\"font-size: 14pt;\">Seg\u00fan el decreto, \u201cla decisi\u00f3n se basa en una instrucci\u00f3n verbal del l\u00edder supremo\u201d talib\u00e1n, Hibatullah Akhundzada.<\/span><\/p>\n<\/blockquote>\n<p>&nbsp;<\/p>\n<p class=\"p1\"><span style=\"font-size: 18pt;\"><strong>Los salones de belleza proliferaron en Kabul y las grandes ciudades afganas durante los 20 a\u00f1os de ocupaci\u00f3n de las fuerzas estadunidenses y la OTAN.<\/strong><\/span><\/p>\n<p>&nbsp;<\/p>\n<p>&nbsp;<\/p>\n<p class=\"p1\"><span style=\"font-size: 18pt; color: #e42d33;\"><strong>\u00bfPOR QU\u00c9 LOS SALONES?<\/strong><\/span><\/p>\n<p class=\"p1\"><span style=\"font-size: 14pt;\">Estos locales eran considerados como un espacio seguro para que las mujeres pudieran reunirse sin presencia de hombres y permiti\u00f3 a muchas afganas fundar su propio negocio.<\/span><\/p>\n<p>&nbsp;<\/p>\n<blockquote>\n<p class=\"p1\"><span style=\"font-size: 14pt;\">Las mujeres estaban acostumbradas a hablar, explicar chismes. Aqu\u00ed no se batallaba, no hab\u00eda ruido\u201d, explica una empleada de un instituto de belleza, que pidi\u00f3 ser llamada Neelab.<\/span><\/p>\n<\/blockquote>\n<p>&nbsp;<\/p>\n<p><img loading=\"lazy\" decoding=\"async\" class=\"aligncenter wp-image-21913 size-large\" src=\"https:\/\/politicosaldesnudo.com.mx\/wp-content\/uploads\/2023\/07\/P-SALONES-BELLEZA-4-1024x573.png\" alt=\"\" width=\"800\" height=\"448\" \/><\/p>\n<p>&nbsp;<\/p>\n<blockquote>\n<p class=\"p1\"><span style=\"font-size: 14pt;\">Cuando vemos caras felices y con energ\u00eda, esto nos da vida tambi\u00e9n. Los salones tienen un papel muy importante: este lugar nos permite sentirnos bien\u201d<\/span><\/p>\n<\/blockquote>\n<p>&nbsp;<\/p>\n<p class=\"p1\"><span style=\"font-size: 14pt;\">Otra gerente afirma que emplea a 25 mujeres, todas ellas cabezas de familia. \u201cEst\u00e1n devastadas (\u2026) \u00bfQu\u00e9 tienen que hacer?\u201d, se pregunta.<\/span><\/p>\n<p>&nbsp;<\/p>\n<p class=\"p1\"><span style=\"font-size: 18pt;\"><strong>En un informe presentado la semana pasada al Consejo de Derechos Humanos de Naciones Unidas, Richard Bennett, el relator especial para Afganist\u00e1n, dijo que la situaci\u00f3n de las mujeres en ese pa\u00eds \u201cera una de las peores del mundo\u201d.<\/strong><\/span><\/p>\n<p class=\"p1\"><span style=\"font-size: 14pt;\">La discriminaci\u00f3n grave, sistem\u00e1tica e institucionalizada de las mujeres y chicas est\u00e1 en el coraz\u00f3n de la ideolog\u00eda y del poder de los talibanes\u201d<\/span><\/p>\n<p class=\"p1\"><span style=\"font-size: 14pt;\">Hibatullah Akhundzada afirm\u00f3 recientemente que las mujeres del pa\u00eds fueron salvadas de \u201cla opresi\u00f3n\u201d gracias a los talibanes y que har\u00eda todo para garantizarles \u201cuna vida c\u00f3moda y pr\u00f3spera\u201d conforme a la ley isl\u00e1mica.<\/span><\/p>\n<p>&nbsp;<\/p>\n<p>&nbsp;<\/p>\n<p>&nbsp;<\/p>\n<p>&nbsp;<\/p>\n","protected":false},"excerpt":{"rendered":"<p>&nbsp; &nbsp; KABUL, AFGANIST\u00c1N. El gobierno talib\u00e1n orden\u00f3 el cierre de los salones de belleza en Afganist\u00e1n antes de un<\/p>\n","protected":false},"author":4,"featured_media":17176,"comment_status":"closed","ping_status":"closed","sticky":false,"template":"","format":"standard","meta":{"colormag_page_container_layout":"default_layout","colormag_page_sidebar_layout":"default_layout","_jetpack_memberships_contains_paid_content":false,"footnotes":"","jetpack_publicize_message":"","jetpack_publicize_feature_enabled":true,"jetpack_social_post_already_shared":true,"jetpack_social_options":{"image_generator_settings":{"template":"highway","default_image_id":0,"font":"","enabled":false},"version":2}},"categories":[355],"tags":[938,141,2789,2217],"class_list":["post-17174","post","type-post","status-publish","format-standard","has-post-thumbnail","hentry","category-internacional","tag-afganistan","tag-mujeres","tag-salones-de-belleza","tag-talibanes"],"jetpack_publicize_connections":[],"jetpack_featured_media_url":"https:\/\/noticiasveracruz.com\/wp-content\/uploads\/2023\/07\/P-SALONES-BELLEZA-2.png","jetpack_sharing_enabled":true,"publishpress_future_action":{"enabled":false,"date":"2026-05-09 04:50:58","action":"change-status","newStatus":"draft","terms":[],"taxonomy":"category","extraData":[]},"publishpress_future_workflow_manual_trigger":{"enabledWorkflows":[]},"_links":{"self":[{"href":"https:\/\/noticiasveracruz.com\/index.php\/wp-json\/wp\/v2\/posts\/17174","targetHints":{"allow":["GET"]}}],"collection":[{"href":"https:\/\/noticiasveracruz.com\/index.php\/wp-json\/wp\/v2\/posts"}],"about":[{"href":"https:\/\/noticiasveracruz.com\/index.php\/wp-json\/wp\/v2\/types\/post"}],"author":[{"embeddable":true,"href":"https:\/\/noticiasveracruz.com\/index.php\/wp-json\/wp\/v2\/users\/4"}],"replies":[{"embeddable":true,"href":"https:\/\/noticiasveracruz.com\/index.php\/wp-json\/wp\/v2\/comments?post=17174"}],"version-history":[{"count":0,"href":"https:\/\/noticiasveracruz.com\/index.php\/wp-json\/wp\/v2\/posts\/17174\/revisions"}],"wp:featuredmedia":[{"embeddable":true,"href":"https:\/\/noticiasveracruz.com\/index.php\/wp-json\/wp\/v2\/media\/17176"}],"wp:attachment":[{"href":"https:\/\/noticiasveracruz.com\/index.php\/wp-json\/wp\/v2\/media?parent=17174"}],"wp:term":[{"taxonomy":"category","embeddable":true,"href":"https:\/\/noticiasveracruz.com\/index.php\/wp-json\/wp\/v2\/categories?post=17174"},{"taxonomy":"post_tag","embeddable":true,"href":"https:\/\/noticiasveracruz.com\/index.php\/wp-json\/wp\/v2\/tags?post=17174"}],"curies":[{"name":"wp","href":"https:\/\/api.w.org\/{rel}","templated":true}]}}