{"id":17168,"date":"2023-07-04T20:57:58","date_gmt":"2023-07-05T01:57:58","guid":{"rendered":"https:\/\/noticiasveracruz.com\/?p=17168"},"modified":"2023-07-04T20:58:41","modified_gmt":"2023-07-05T01:58:41","slug":"conmemoran-el-142-aniversario-de-la-ciudad-de-tuxpan-con-documental-y-exposicion-pictorica","status":"publish","type":"post","link":"https:\/\/noticiasveracruz.com\/index.php\/2023\/07\/04\/conmemoran-el-142-aniversario-de-la-ciudad-de-tuxpan-con-documental-y-exposicion-pictorica\/","title":{"rendered":"Conmemoran el 142 Aniversario de la ciudad de Tuxpan con documental y exposici\u00f3n pict\u00f3rica"},"content":{"rendered":"<p>&nbsp;<\/p>\n<p class=\"p1\"><span style=\"font-size: 14pt;\"><em><strong>TUXPAN, VERACRUZ.<\/strong> <\/em>La presidenta de la <strong>Asociaci\u00f3n Arte y Cultura de Tuxpan<\/strong>,<strong> Gabriela Zamora Escudero<\/strong> presenta el<strong> documental \u201cFundaci\u00f3n de Tuxpan como Ciudad\u201d<\/strong>. <\/span><\/p>\n<p class=\"p1\"><span style=\"font-size: 14pt;\">La presentaci\u00f3n del documental es parte de las actividades que se llevan a cabo para conmemorar el 142 Aniversario de que Tuxpan fue elevada de villa a ciudad.<\/span><\/p>\n<p>&nbsp;<\/p>\n<p><img loading=\"lazy\" decoding=\"async\" class=\"aligncenter wp-image-21904 size-large\" src=\"https:\/\/politicosaldesnudo.com.mx\/wp-content\/uploads\/2023\/07\/P-TUXPAN-ANIVERSARIO-2-1024x573.png\" alt=\"\" width=\"800\" height=\"448\" \/><\/p>\n<p>&nbsp;<\/p>\n<p class=\"p1\"><span style=\"font-size: 18pt;\"><strong>Adem\u00e1s el dise\u00f1ador Jorge Iturbide Samperio expuso la muestra pict\u00f3rica \u201cDioses y Leyendas Huastecas\u201d y la narraci\u00f3n de cuentos huastecos audiovisuales e interactivos, asimismo el bi\u00f3logo Alberto San Juan imparti\u00f3 una pl\u00e1tica sobre la Concentraci\u00f3n de la Fauna Huasteca.<\/strong><\/span><\/p>\n<p>&nbsp;<\/p>\n<p><img loading=\"lazy\" decoding=\"async\" class=\"aligncenter wp-image-21903 size-large\" src=\"https:\/\/politicosaldesnudo.com.mx\/wp-content\/uploads\/2023\/07\/P-TUXPAN-ANIVERSARIO-1-1024x573.png\" alt=\"\" width=\"800\" height=\"448\" \/><\/p>\n<p>&nbsp;<\/p>\n<p class=\"p1\"><span style=\"font-size: 14pt;\">Asistieron el secretario t\u00e9cnico del Ayuntamiento de Tuxpan, Daniel Cortina Mart\u00ednez; Eduardo Andrade Rocha, director de Asuntos Jur\u00eddicos del Ayuntamiento; y Marisol Miquelajauregui Guzm\u00e1n, directora de Museos y Bibliotecas.<\/span><\/p>\n<p>&nbsp;<\/p>\n<p>&nbsp;<\/p>\n<p>&nbsp;<\/p>\n<p>&nbsp;<\/p>\n","protected":false},"excerpt":{"rendered":"<p>&nbsp; TUXPAN, VERACRUZ. La presidenta de la Asociaci\u00f3n Arte y Cultura de Tuxpan, Gabriela Zamora Escudero presenta el documental \u201cFundaci\u00f3n<\/p>\n","protected":false},"author":4,"featured_media":17171,"comment_status":"closed","ping_status":"closed","sticky":false,"template":"","format":"standard","meta":{"colormag_page_container_layout":"default_layout","colormag_page_sidebar_layout":"default_layout","_jetpack_memberships_contains_paid_content":false,"footnotes":"","jetpack_publicize_message":"","jetpack_publicize_feature_enabled":true,"jetpack_social_post_already_shared":true,"jetpack_social_options":{"image_generator_settings":{"template":"highway","default_image_id":0,"font":"","enabled":false},"version":2}},"categories":[356],"tags":[2788,72,73],"class_list":["post-17168","post","type-post","status-publish","format-standard","has-post-thumbnail","hentry","category-veracruz","tag-documental","tag-tuxpan","tag-veracruz"],"jetpack_publicize_connections":[],"jetpack_featured_media_url":"https:\/\/noticiasveracruz.com\/wp-content\/uploads\/2023\/07\/P-TUXPAN-ANIVERSARIO-3.png","jetpack_sharing_enabled":true,"publishpress_future_action":{"enabled":false,"date":"2026-05-09 04:54:54","action":"change-status","newStatus":"draft","terms":[],"taxonomy":"category","extraData":[]},"publishpress_future_workflow_manual_trigger":{"enabledWorkflows":[]},"_links":{"self":[{"href":"https:\/\/noticiasveracruz.com\/index.php\/wp-json\/wp\/v2\/posts\/17168","targetHints":{"allow":["GET"]}}],"collection":[{"href":"https:\/\/noticiasveracruz.com\/index.php\/wp-json\/wp\/v2\/posts"}],"about":[{"href":"https:\/\/noticiasveracruz.com\/index.php\/wp-json\/wp\/v2\/types\/post"}],"author":[{"embeddable":true,"href":"https:\/\/noticiasveracruz.com\/index.php\/wp-json\/wp\/v2\/users\/4"}],"replies":[{"embeddable":true,"href":"https:\/\/noticiasveracruz.com\/index.php\/wp-json\/wp\/v2\/comments?post=17168"}],"version-history":[{"count":0,"href":"https:\/\/noticiasveracruz.com\/index.php\/wp-json\/wp\/v2\/posts\/17168\/revisions"}],"wp:featuredmedia":[{"embeddable":true,"href":"https:\/\/noticiasveracruz.com\/index.php\/wp-json\/wp\/v2\/media\/17171"}],"wp:attachment":[{"href":"https:\/\/noticiasveracruz.com\/index.php\/wp-json\/wp\/v2\/media?parent=17168"}],"wp:term":[{"taxonomy":"category","embeddable":true,"href":"https:\/\/noticiasveracruz.com\/index.php\/wp-json\/wp\/v2\/categories?post=17168"},{"taxonomy":"post_tag","embeddable":true,"href":"https:\/\/noticiasveracruz.com\/index.php\/wp-json\/wp\/v2\/tags?post=17168"}],"curies":[{"name":"wp","href":"https:\/\/api.w.org\/{rel}","templated":true}]}}