{"id":17130,"date":"2023-07-04T05:20:48","date_gmt":"2023-07-04T10:20:48","guid":{"rendered":"https:\/\/noticiasveracruz.com\/?p=17130"},"modified":"2023-07-04T08:25:21","modified_gmt":"2023-07-04T13:25:21","slug":"rebelion-en-el-pan-rechazan-linea-y-van-con-xochitl","status":"publish","type":"post","link":"https:\/\/noticiasveracruz.com\/index.php\/2023\/07\/04\/rebelion-en-el-pan-rechazan-linea-y-van-con-xochitl\/","title":{"rendered":"Rebeli\u00f3n en el PAN: rechazan l\u00ednea y van con X\u00f3chitl"},"content":{"rendered":"<p class=\"p1\">\n<p>&nbsp;<\/p>\n<p class=\"p1\"><span style=\"font-size: 18pt;\"><strong>Por Jos\u00e9 Ure\u00f1a<\/strong><\/span><\/p>\n<p class=\"p1\"><span style=\"font-size: 14pt;\">No se pudo. La c\u00fapula del Partido Acci\u00f3n Nacional (PAN) debe guardar sus pretensiones de imponer candidato presidencial de Va por M\u00e9xico para 2024.<\/span><\/p>\n<p class=\"p1\"><span style=\"font-size: 14pt;\">La culpa la tiene X\u00f3chitl G\u00e1lvez, la senadora panista no militante pero s\u00ed simpatizante, quien crece exponencialmente en el \u00e1nimo social.<\/span><\/p>\n<p class=\"p1\"><span style=\"font-size: 14pt;\">La plataforma de lanzamiento, dijimos aqu\u00ed el mi\u00e9rcoles 14 de junio, fue el lunes 12 cuando no la recibi\u00f3 Andr\u00e9s Manuel L\u00f3pez Obrador en Palacio Nacional.<\/span><\/p>\n<p class=\"p1\"><span style=\"font-size: 14pt;\">Eso la anim\u00f3 a otear el ambiente y en horas su nombre nutri\u00f3 las redes sociales, impacto creciente conforme se multiplica la pol\u00e9mica sobre su vida y las acusaciones del poder.<\/span><\/p>\n<p class=\"p1\"><span style=\"font-size: 14pt;\">Aquel d\u00eda anunciamos, como fue: X\u00f3chitl para Presidenta y Alito no.<\/span><\/p>\n<p class=\"p1\"><span style=\"font-size: 14pt;\">Ella avanza sin cesar y el dirigente priista Alejandro Moreno confirm\u00f3 en d\u00edas siguientes su declinaci\u00f3n a inscribirse a contender en el acuerdo bajo negociaci\u00f3n en aquel momento.<\/span><\/p>\n<p class=\"p1\"><span style=\"font-size: 14pt;\">Reforzamos aquella informaci\u00f3n la semana pasada con la pregunta de si el mismo L\u00f3pez Obrador reconocer\u00eda la importancia de quien arrasa en la oposici\u00f3n.<\/span><\/p>\n<p class=\"p1\"><span style=\"font-size: 14pt;\">La cit\u00f3 ayer. <\/span><span style=\"font-size: 14pt;\">No para subrayar sus virtudes ni para darle la bienvenida a la contienda contra sus corcholatas, sino para descalificarla -invento suyo- como representante de los conservadores y t\u00edteres del empresario Claudio X. Gonz\u00e1lez.<\/span><\/p>\n<p class=\"p1\"><span style=\"font-size: 14pt;\">Pero ese rechazo presidencial es su presentaci\u00f3n y su fuerza.<\/span><\/p>\n<p>&nbsp;<\/p>\n<p class=\"p1\"><span style=\"font-size: 18pt; color: #e42d33;\"><strong>GRUPO EN RETIRADA<\/strong><\/span><\/p>\n<p class=\"p1\"><span style=\"font-size: 14pt;\">Aqu\u00ed el tema es el PAN. El grupo dominante representado por Marko Cort\u00e9s ten\u00eda un esquema muy bien elaborado a partir de la conformaci\u00f3n de la alianza con el PRI y con el PRD.<\/span><\/p>\n<p class=\"p1\"><span style=\"font-size: 14pt;\">-El PRI es mano en Coahuila y el Estado de M\u00e9xico, y el PAN para la Presidencia de la Rep\u00fablica y para la Jefatura de Gobierno de la Ciudad de M\u00e9xico -se dijo entonces.<\/span><\/p>\n<p class=\"p1\"><span style=\"font-size: 14pt;\">Y con esa idea los choznos de Manuel G\u00f3mez Mor\u00edn se repartieron las candidaturas del 2024: Santiago Creel para la Presidencia, Santiago Taboada para la Ciudad de M\u00e9xico, Marko Cort\u00e9s para el Senado, Jorge Romero para el partido\u2026<\/span><\/p>\n<p class=\"p1\"><span style=\"font-size: 14pt;\">Y as\u00ed. <\/span><span style=\"font-size: 14pt;\">Pero ahora los grupos m\u00e1s tradicionales, El Yunque incluido, han decidido sumarse a X\u00f3chitl G\u00e1lvez por verle capacidad para atraer voluntades suficientes a fin de darle viabilidad a la oposici\u00f3n.<\/span><\/p>\n<p class=\"p1\"><span style=\"font-size: 14pt;\">Y atr\u00e1s de ellos est\u00e1n pr\u00e1cticamente todos los ex gobernadores del PAN, unos porque trabajaron con ella cuando fue comisionada de asuntos ind\u00edgenas y otros por identidad personal.<\/span><\/p>\n<p>&nbsp;<\/p>\n<p class=\"p1\"><span style=\"font-size: 18pt; color: #e42d33;\"><strong>ENTRE DOS FUEGOS<\/strong><\/span><\/p>\n<p class=\"p1\"><span style=\"font-size: 14pt;\">Con esa suma llega la disyuntiva: <\/span><span style=\"font-size: 14pt;\">El Comit\u00e9 panista no podr\u00eda oponerse y cerrarle el paso, como pretend\u00eda cuando X\u00f3chitl G\u00e1lvez aspiraba a la candidatura para jefa de Gobierno de la capital.<\/span><\/p>\n<p class=\"p1\"><span style=\"font-size: 14pt;\">Pero debe prepararse.<\/span><\/p>\n<p class=\"p1\"><span style=\"font-size: 14pt;\">L\u00f3pez Obrador no pudo ignorarla ayer, pero a la vez lanz\u00f3 el pistoletazo para atacarla por todas las v\u00edas, institucionales y en redes sociales, y vendr\u00e1 una embestida de largu\u00edsimo alcance.<\/span><\/p>\n<p class=\"p1\"><span style=\"font-size: 14pt;\">Lamentable, porque X\u00f3chitl enfrenta doble fuego.<\/span><\/p>\n<p class=\"p1\"><span style=\"font-size: 14pt;\">Pero si persiste el rechazo en los mandos azules, la alianza <em>Va por M\u00e9xico<\/em> o <em>Frente Amplio por M\u00e9xico<\/em> deber\u00e1 decidir si la registra como panista, si la respalda otro partido (PRI, PRD) o como candidata ciudadana.<\/span><\/p>\n<p class=\"p1\"><span style=\"font-size: 14pt;\">Ella no se doblegar\u00e1 y enfrentar\u00e1 tanto los frentes internos como los ataques del Gobierno, de Morena y de su aparato de descalificaci\u00f3n.<\/span><\/p>\n<p>&nbsp;<\/p>\n<hr \/>\n<p>&nbsp;<\/p>\n<p><img loading=\"lazy\" decoding=\"async\" class=\"aligncenter wp-image-11449\" src=\"http:\/\/noticiasveracruz.com\/wp-content\/uploads\/2023\/01\/FIRMA-EDITORIAL-NV-1024x125.png\" alt=\"\" width=\"1000\" height=\"122\" srcset=\"https:\/\/noticiasveracruz.com\/wp-content\/uploads\/2023\/01\/FIRMA-EDITORIAL-NV-1024x125.png 1024w, https:\/\/noticiasveracruz.com\/wp-content\/uploads\/2023\/01\/FIRMA-EDITORIAL-NV-300x37.png 300w, https:\/\/noticiasveracruz.com\/wp-content\/uploads\/2023\/01\/FIRMA-EDITORIAL-NV-768x94.png 768w, https:\/\/noticiasveracruz.com\/wp-content\/uploads\/2023\/01\/FIRMA-EDITORIAL-NV-1536x188.png 1536w, https:\/\/noticiasveracruz.com\/wp-content\/uploads\/2023\/01\/FIRMA-EDITORIAL-NV-2048x250.png 2048w\" sizes=\"auto, (max-width: 1000px) 100vw, 1000px\" \/><\/p>\n<p>&nbsp;<\/p>\n<p>&nbsp;<\/p>\n<p>&nbsp;<\/p>\n<p>&nbsp;<\/p>\n","protected":false},"excerpt":{"rendered":"<p>&nbsp; Por Jos\u00e9 Ure\u00f1a No se pudo. La c\u00fapula del Partido Acci\u00f3n Nacional (PAN) debe guardar sus pretensiones de imponer candidato presidencial de Va por M\u00e9xico para 2024. La culpa la tiene X\u00f3chitl G\u00e1lvez, la senadora panista no militante pero s\u00ed simpatizante, quien crece exponencialmente en el \u00e1nimo social. La plataforma de lanzamiento, dijimos aqu\u00ed [&hellip;]<\/p>\n","protected":false},"author":4,"featured_media":3258,"comment_status":"closed","ping_status":"closed","sticky":false,"template":"","format":"standard","meta":{"_jetpack_newsletter_access":"","_jetpack_dont_email_post_to_subs":false,"_jetpack_newsletter_tier_id":0,"_jetpack_memberships_contains_paywalled_content":false,"_jetpack_feature_clip_id":0,"_jetpack_memberships_contains_paid_content":false,"footnotes":"","jetpack_publicize_message":"","jetpack_publicize_feature_enabled":true,"jetpack_social_post_already_shared":true,"jetpack_social_options":{"image_generator_settings":{"template":"highway","default_image_id":0,"font":"","enabled":false},"version":2},"jetpack_post_was_ever_published":false},"categories":[6],"tags":[],"class_list":["post-17130","post","type-post","status-publish","format-standard","has-post-thumbnail","hentry","category-columnistas"],"jetpack_publicize_connections":[],"jetpack_sharing_enabled":true,"publishpress_future_action":{"enabled":false,"date":"2026-09-11 21:33:42","action":"change-status","newStatus":"draft","terms":[],"taxonomy":"category","extraData":[]},"publishpress_future_workflow_manual_trigger":{"enabledWorkflows":[]},"jetpack_featured_media_url":"https:\/\/noticiasveracruz.com\/wp-content\/uploads\/2022\/04\/JOSE\u0301-UREN\u0303A.png","_links":{"self":[{"href":"https:\/\/noticiasveracruz.com\/index.php\/wp-json\/wp\/v2\/posts\/17130","targetHints":{"allow":["GET"]}}],"collection":[{"href":"https:\/\/noticiasveracruz.com\/index.php\/wp-json\/wp\/v2\/posts"}],"about":[{"href":"https:\/\/noticiasveracruz.com\/index.php\/wp-json\/wp\/v2\/types\/post"}],"author":[{"embeddable":true,"href":"https:\/\/noticiasveracruz.com\/index.php\/wp-json\/wp\/v2\/users\/4"}],"replies":[{"embeddable":true,"href":"https:\/\/noticiasveracruz.com\/index.php\/wp-json\/wp\/v2\/comments?post=17130"}],"version-history":[{"count":0,"href":"https:\/\/noticiasveracruz.com\/index.php\/wp-json\/wp\/v2\/posts\/17130\/revisions"}],"wp:featuredmedia":[{"embeddable":true,"href":"https:\/\/noticiasveracruz.com\/index.php\/wp-json\/wp\/v2\/media\/3258"}],"wp:attachment":[{"href":"https:\/\/noticiasveracruz.com\/index.php\/wp-json\/wp\/v2\/media?parent=17130"}],"wp:term":[{"taxonomy":"category","embeddable":true,"href":"https:\/\/noticiasveracruz.com\/index.php\/wp-json\/wp\/v2\/categories?post=17130"},{"taxonomy":"post_tag","embeddable":true,"href":"https:\/\/noticiasveracruz.com\/index.php\/wp-json\/wp\/v2\/tags?post=17130"}],"curies":[{"name":"wp","href":"https:\/\/api.w.org\/{rel}","templated":true}]}}