{"id":17116,"date":"2023-07-03T15:31:26","date_gmt":"2023-07-03T20:31:26","guid":{"rendered":"https:\/\/noticiasveracruz.com\/?p=17116"},"modified":"2023-07-03T15:32:09","modified_gmt":"2023-07-03T20:32:09","slug":"en-el-lunes-civico-se-recordo-el-142-aniversario-de-la-ciudad-de-tuxpan","status":"publish","type":"post","link":"https:\/\/noticiasveracruz.com\/index.php\/2023\/07\/03\/en-el-lunes-civico-se-recordo-el-142-aniversario-de-la-ciudad-de-tuxpan\/","title":{"rendered":"En el lunes c\u00edvico se record\u00f3 el 142 Aniversario de la ciudad de Tuxpan"},"content":{"rendered":"<p>&nbsp;<\/p>\n<p class=\"p1\"><span style=\"font-size: 14pt;\"><em><strong>TUXPAN, VERACRUZ.<\/strong> <\/em>En el <strong>lunes c\u00edvico<\/strong> que realiz\u00f3 el <strong>Gobierno Municipal<\/strong> se record\u00f3 el <strong>142 Aniversario de que Tuxpan<\/strong> fuera elevada de villa a la categor\u00eda de ciudad. Estuvieron presentes autoridades civiles y militares.<\/span><\/p>\n<p class=\"p1\"><span style=\"font-size: 18pt;\"><strong>En esta ocasi\u00f3n participaron alumnas y alumnos de la escuela secundaria t\u00e9cnica particular \u201cPatria\u201d, quienes presentaron una rese\u00f1a titulada \u201cTuxpan, de villa a ciudad\u201d, de la autor\u00eda de Salvador Hern\u00e1ndez Garc\u00eda, cronista de la ciudad; y expusieron las efem\u00e9rides de la semana. <\/strong><\/span><\/p>\n<p>&nbsp;<\/p>\n<p><img loading=\"lazy\" decoding=\"async\" class=\"aligncenter wp-image-21836 size-large\" src=\"https:\/\/politicosaldesnudo.com.mx\/wp-content\/uploads\/2023\/07\/P-LC-ANIVERSARIO-TUXPAN-2-1024x573.png\" alt=\"\" width=\"800\" height=\"448\" \/><\/p>\n<p>&nbsp;<\/p>\n<p class=\"p1\"><span style=\"font-size: 18pt;\"><strong>Alumnos del jard\u00edn de ni\u00f1os \u201cGabriel Garc\u00eda M\u00e1rquez\u201d presentaron un n\u00famero art\u00edstico denominado \u201cTradiciones tuxpe\u00f1as\u201d.<\/strong><\/span><\/p>\n<p class=\"p1\"><span style=\"font-size: 14pt;\">Antes de finalizar el acto, las autoridades hicieron entrega de reconocimientos a los alumnos que participaron en los juegos deportivos escolares, representando a la zona norte de Veracruz Regi\u00f3n 1: <\/span><\/p>\n<p class=\"p1\"><span style=\"font-size: 18pt;\"><strong>Santiago P\u00e9rez Monroy, Dami\u00e1n Ruiz L\u00f3pez, Emilio G\u00f3mez Flores, Ren\u00e9 \u00c1lvarez de la Cuadra Far\u00edas, Carlos Enrique Ram\u00edrez Careaga, Marcos Jes\u00fas Al\u00ed Ortega Arias, Irvin Josu\u00e9 Cardona Sol\u00eds, Jos\u00e9 Miguel Salas Rebolledo, Juan Carlos Obando Santos, Santiago Barra Mercado, Rafael del Campo Camargo, Juan Pablo Granados Carmona, Fabricio Chipuli Casanova, Jocsan Boussart Fern\u00e1ndez, Mario Ignacio V\u00e1zquez Olvera, Jos\u00e9 Clemente Zavaleta Reyna, Jos\u00e9 Alberto P\u00e9rez Monroy y Rodrigo Gabriel Hern\u00e1ndez Rivas.<\/strong><\/span><\/p>\n<p>&nbsp;<\/p>\n<p><img loading=\"lazy\" decoding=\"async\" class=\"aligncenter wp-image-21835 size-large\" src=\"https:\/\/politicosaldesnudo.com.mx\/wp-content\/uploads\/2023\/07\/P-LC-ANIVERSARIO-TUXPAN-1-1024x573.png\" alt=\"\" width=\"800\" height=\"448\" \/><\/p>\n<p>&nbsp;<\/p>\n<p class=\"p1\"><span style=\"font-size: 14pt;\">Al acto c\u00edvico asistieron el director de Educaci\u00f3n, Jorge Arturo Garc\u00eda Robles en representaci\u00f3n del alcalde Jos\u00e9 Manuel Pozos Castro, el teniente de infanter\u00eda Fabi\u00e1n Leonardo Lorenzo Cruz en representaci\u00f3n de la 19\u00aa Zona Militar, los ediles Luis Demetrio L\u00f3pez Mar\u00edn, comisionado en Educaci\u00f3n; Maryanela Monroy Flores y Juan G\u00f3mez Garc\u00eda. <\/span><\/p>\n<p class=\"p1\"><span style=\"font-size: 14pt;\">De la misma manera, el delegado regional de la SEV en Tuxpan, On\u00e9simo P\u00e9rez Ramos; la directora de Museos y Bibliotecas, Marisol Miquelajauregui Guzm\u00e1n; as\u00ed como<span class=\"Apple-converted-space\">\u00a0 <\/span>Natalia Lorenzo Hern\u00e1ndez, de la secundaria \u201cPatria\u201d, Er\u00e9ndira Mart\u00ednez Cruz, directora del Jard\u00edn de Ni\u00f1os \u201cGabriel Garc\u00eda M\u00e1rquez\u201d en representaci\u00f3n de la supervisora de educaci\u00f3n preescolar estatal Zona 104 y el Ing. Gonzalo Monroy Garc\u00eda. <\/span><\/p>\n<p class=\"p1\"><span style=\"font-size: 14pt;\">Asimismo padres de familia, directores y coordinadores de las diferentes \u00e1reas del Ayuntamiento de Tuxpan, la secci\u00f3n de Fusileros y la Banda de Guerra del 39 Batall\u00f3n de Infanter\u00eda; elementos de la Polic\u00eda Municipal, Protecci\u00f3n Civil y Bomberos.<\/span><\/p>\n<p>&nbsp;<\/p>\n<p>&nbsp;<\/p>\n<p>&nbsp;<\/p>\n","protected":false},"excerpt":{"rendered":"<p>&nbsp; TUXPAN, VERACRUZ. En el lunes c\u00edvico que realiz\u00f3 el Gobierno Municipal se record\u00f3 el 142 Aniversario de que Tuxpan<\/p>\n","protected":false},"author":4,"featured_media":17119,"comment_status":"closed","ping_status":"closed","sticky":false,"template":"","format":"standard","meta":{"colormag_page_container_layout":"default_layout","colormag_page_sidebar_layout":"default_layout","_jetpack_memberships_contains_paid_content":false,"footnotes":"","jetpack_publicize_message":"","jetpack_publicize_feature_enabled":true,"jetpack_social_post_already_shared":true,"jetpack_social_options":{"image_generator_settings":{"template":"highway","default_image_id":0,"font":"","enabled":false},"version":2}},"categories":[356],"tags":[2569,72,73],"class_list":["post-17116","post","type-post","status-publish","format-standard","has-post-thumbnail","hentry","category-veracruz","tag-lunes-civico","tag-tuxpan","tag-veracruz"],"jetpack_publicize_connections":[],"jetpack_featured_media_url":"https:\/\/noticiasveracruz.com\/wp-content\/uploads\/2023\/07\/P-LC-ANIVERSARIO-TUXPAN-3.png","jetpack_sharing_enabled":true,"publishpress_future_action":{"enabled":false,"date":"2026-05-06 22:22:36","action":"change-status","newStatus":"draft","terms":[],"taxonomy":"category","extraData":[]},"publishpress_future_workflow_manual_trigger":{"enabledWorkflows":[]},"_links":{"self":[{"href":"https:\/\/noticiasveracruz.com\/index.php\/wp-json\/wp\/v2\/posts\/17116","targetHints":{"allow":["GET"]}}],"collection":[{"href":"https:\/\/noticiasveracruz.com\/index.php\/wp-json\/wp\/v2\/posts"}],"about":[{"href":"https:\/\/noticiasveracruz.com\/index.php\/wp-json\/wp\/v2\/types\/post"}],"author":[{"embeddable":true,"href":"https:\/\/noticiasveracruz.com\/index.php\/wp-json\/wp\/v2\/users\/4"}],"replies":[{"embeddable":true,"href":"https:\/\/noticiasveracruz.com\/index.php\/wp-json\/wp\/v2\/comments?post=17116"}],"version-history":[{"count":0,"href":"https:\/\/noticiasveracruz.com\/index.php\/wp-json\/wp\/v2\/posts\/17116\/revisions"}],"wp:featuredmedia":[{"embeddable":true,"href":"https:\/\/noticiasveracruz.com\/index.php\/wp-json\/wp\/v2\/media\/17119"}],"wp:attachment":[{"href":"https:\/\/noticiasveracruz.com\/index.php\/wp-json\/wp\/v2\/media?parent=17116"}],"wp:term":[{"taxonomy":"category","embeddable":true,"href":"https:\/\/noticiasveracruz.com\/index.php\/wp-json\/wp\/v2\/categories?post=17116"},{"taxonomy":"post_tag","embeddable":true,"href":"https:\/\/noticiasveracruz.com\/index.php\/wp-json\/wp\/v2\/tags?post=17116"}],"curies":[{"name":"wp","href":"https:\/\/api.w.org\/{rel}","templated":true}]}}