{"id":16966,"date":"2023-06-28T17:14:15","date_gmt":"2023-06-28T22:14:15","guid":{"rendered":"https:\/\/noticiasveracruz.com\/?p=16966"},"modified":"2023-06-28T17:14:15","modified_gmt":"2023-06-28T22:14:15","slug":"smn-adrian-pasa-de-tormenta-tropical-a-huracan-1-ocasionara-lluvias-torrenciales-en-el-pais","status":"publish","type":"post","link":"https:\/\/noticiasveracruz.com\/index.php\/2023\/06\/28\/smn-adrian-pasa-de-tormenta-tropical-a-huracan-1-ocasionara-lluvias-torrenciales-en-el-pais\/","title":{"rendered":"SMN: Adri\u00e1n pasa de tormenta tropical a hurac\u00e1n 1, ocasionar\u00e1 lluvias torrenciales en el pa\u00eds"},"content":{"rendered":"<p>&nbsp;<\/p>\n<p class=\"p2\"><span style=\"font-size: 14pt;\"><span class=\"s1\"><em><strong>CIUDAD DE M\u00c9XICO.<\/strong> <\/em>E<\/span>ste mi\u00e9rcoles la <strong>tormenta tropical\u00a0<i>Adrian<\/i>\u00a0se intensific\u00f3 a hurac\u00e1n categor\u00eda 1<\/strong> en la escala Saffir-Simpson, inform\u00f3 el <strong>Servicio Metereol\u00f3gico Nacional<\/strong> (SMN).<\/span><\/p>\n<p class=\"p2\"><span style=\"font-size: 18pt;\"><strong>En las pr\u00f3ximas horas sus bandas nubosas ocasionar\u00e1n lluvias muy fuertes en Colima, Guerrero, Jalisco y Michoac\u00e1n, y fuertes en Nayarit.<\/strong><\/span><\/p>\n<p class=\"p2\"><span style=\"font-size: 14pt;\">A las 09:00 horas, tiempo del centro de M\u00e9xico, su centro se localiz\u00f3 aproximadamente a 575 kil\u00f3metros al suroeste de Manzanillo, Colima, con vientos m\u00e1ximos sostenidos de 120 kil\u00f3metros por hora, rachas de 150 kil\u00f3metros por hora.<\/span><\/p>\n<p>&nbsp;<\/p>\n<p><img loading=\"lazy\" decoding=\"async\" class=\"aligncenter wp-image-21622 size-large\" src=\"https:\/\/politicosaldesnudo.com.mx\/wp-content\/uploads\/2023\/06\/P-LLIUVIA-TROPICAL-2-1024x573.png\" alt=\"\" width=\"800\" height=\"448\" \/><\/p>\n<p>&nbsp;<\/p>\n<p class=\"p2\"><span style=\"font-size: 14pt;\">Las precipitaciones podr\u00edan ser con descargas el\u00e9ctricas y generar incremento en niveles de r\u00edos y arroyos, desbordamientos, inundaciones y deslaves en zonas de los estados mencionados, por lo que se exhorta a la poblaci\u00f3n atender los avisos del SMN, de la Comisi\u00f3n Nacional del Agua, y seguir las recomendaciones de las autoridades estatales y de Protecci\u00f3n Civil.<\/span><\/p>\n<p class=\"p2\"><span style=\"font-size: 18pt;\"><strong>El SMN indic\u00f3 que la onda tropical n\u00famero 8 ocasionar\u00e1 lluvias\u00a0 torrenciales en Oaxaca y Chiapas; intensas en Tabasco y el sur de Veracruz; muy fuertes en Campeche y Guerrero; fuertes en Chihuahua, Estado de M\u00e9xico, Guanajuato, Puebla, Quintana Roo y Sonora.<\/strong><\/span><\/p>\n<p class=\"p2\"><span style=\"font-size: 14pt;\">Se esperan chubascos en la Ciudad de M\u00e9xico, Durango, Hidalgo, Morelos, Quer\u00e9taro, San Luis Potos\u00ed, Sinaloa, Tamaulipas, Tlaxcala, Yucat\u00e1n y Zacatecas.<\/span><\/p>\n<p class=\"p2\"><span style=\"font-size: 14pt;\">En cuanto a las temperaturas m\u00e1ximas se prev\u00e9n de 40 a 45 grados en Baja California, Chihuahua, Coahuila, Nayarit, Nuevo Le\u00f3n, Sinaloa, Sonora y Tamaulipas; de 35 a 40 grados en Baja California Sur, Campeche, Colima, Durango, Guerrero, Jalisco, Michoac\u00e1n, Morelos, Nayarit, San Luis Potos\u00ed, Tabasco, Veracruz, Yucat\u00e1n y Zacatecas, y de 30 a 35 grados en Aguascalientes, Chiapas, el suroeste del Estado de M\u00e9xico, Guanajuato, Hidalgo, Oaxaca, Puebla, Quer\u00e9taro y Quintana Roo.<\/span><\/p>\n<p>&nbsp;<\/p>\n<p>&nbsp;<\/p>\n","protected":false},"excerpt":{"rendered":"<p>&nbsp; CIUDAD DE M\u00c9XICO. Este mi\u00e9rcoles la tormenta tropical\u00a0Adrian\u00a0se intensific\u00f3 a hurac\u00e1n categor\u00eda 1 en la escala Saffir-Simpson, inform\u00f3 el<\/p>\n","protected":false},"author":4,"featured_media":16968,"comment_status":"closed","ping_status":"closed","sticky":false,"template":"","format":"standard","meta":{"colormag_page_container_layout":"default_layout","colormag_page_sidebar_layout":"default_layout","_jetpack_memberships_contains_paid_content":false,"footnotes":"","jetpack_publicize_message":"","jetpack_publicize_feature_enabled":true,"jetpack_social_post_already_shared":true,"jetpack_social_options":{"image_generator_settings":{"template":"highway","default_image_id":0,"font":"","enabled":false},"version":2}},"categories":[145],"tags":[2764,1330,844,570],"class_list":["post-16966","post","type-post","status-publish","format-standard","has-post-thumbnail","hentry","category-estados","tag-adrian","tag-huracan","tag-lluvias","tag-smn"],"jetpack_publicize_connections":[],"jetpack_featured_media_url":"https:\/\/noticiasveracruz.com\/wp-content\/uploads\/2023\/06\/P-LLUVIA-TROPICAL-2.png","jetpack_sharing_enabled":true,"publishpress_future_action":{"enabled":false,"date":"2026-05-06 21:15:55","action":"change-status","newStatus":"draft","terms":[],"taxonomy":"category","extraData":[]},"publishpress_future_workflow_manual_trigger":{"enabledWorkflows":[]},"_links":{"self":[{"href":"https:\/\/noticiasveracruz.com\/index.php\/wp-json\/wp\/v2\/posts\/16966","targetHints":{"allow":["GET"]}}],"collection":[{"href":"https:\/\/noticiasveracruz.com\/index.php\/wp-json\/wp\/v2\/posts"}],"about":[{"href":"https:\/\/noticiasveracruz.com\/index.php\/wp-json\/wp\/v2\/types\/post"}],"author":[{"embeddable":true,"href":"https:\/\/noticiasveracruz.com\/index.php\/wp-json\/wp\/v2\/users\/4"}],"replies":[{"embeddable":true,"href":"https:\/\/noticiasveracruz.com\/index.php\/wp-json\/wp\/v2\/comments?post=16966"}],"version-history":[{"count":0,"href":"https:\/\/noticiasveracruz.com\/index.php\/wp-json\/wp\/v2\/posts\/16966\/revisions"}],"wp:featuredmedia":[{"embeddable":true,"href":"https:\/\/noticiasveracruz.com\/index.php\/wp-json\/wp\/v2\/media\/16968"}],"wp:attachment":[{"href":"https:\/\/noticiasveracruz.com\/index.php\/wp-json\/wp\/v2\/media?parent=16966"}],"wp:term":[{"taxonomy":"category","embeddable":true,"href":"https:\/\/noticiasveracruz.com\/index.php\/wp-json\/wp\/v2\/categories?post=16966"},{"taxonomy":"post_tag","embeddable":true,"href":"https:\/\/noticiasveracruz.com\/index.php\/wp-json\/wp\/v2\/tags?post=16966"}],"curies":[{"name":"wp","href":"https:\/\/api.w.org\/{rel}","templated":true}]}}