{"id":16963,"date":"2023-06-28T16:55:35","date_gmt":"2023-06-28T21:55:35","guid":{"rendered":"https:\/\/noticiasveracruz.com\/?p=16963"},"modified":"2023-06-28T16:55:35","modified_gmt":"2023-06-28T21:55:35","slug":"gobierno-de-mexico-invierte-mil-200-mdd-en-modernizacion-de-20-hidroelectricas","status":"publish","type":"post","link":"https:\/\/noticiasveracruz.com\/index.php\/2023\/06\/28\/gobierno-de-mexico-invierte-mil-200-mdd-en-modernizacion-de-20-hidroelectricas\/","title":{"rendered":"Gobierno de M\u00e9xico Invierte mil 200 mdd en modernizaci\u00f3n de 20 hidroel\u00e9ctricas\u00a0"},"content":{"rendered":"<p class=\"p1\">\n<p>&nbsp;<\/p>\n<p class=\"p1\"><span style=\"font-size: 14pt;\"><em><strong>CIUDAD DE M\u00c9XICO.<\/strong> <\/em><strong>El gobierno federal<\/strong> est\u00e1 modernizando <strong>20 hidroel\u00e9ctricas<\/strong> \u2013de las 60 que existen en el pa\u00eds\u2013 para lo que se <strong>destinar\u00e1 una inversi\u00f3n de mil 200 millones de d\u00f3lares<\/strong>, asever\u00f3 el presidente <strong>Andr\u00e9s Manuel L\u00f3pez Obrador<\/strong>.<\/span><\/p>\n<p class=\"p1\"><span style=\"font-size: 18pt;\"><strong>El presidente Andr\u00e9s Manuel L\u00f3pez Obrador indic\u00f3\u00a0que estas obras se sumar\u00e1n a las 12 plantas de ciclo combinado y una solar que actualmente se construyen a fin de que la Comisi\u00f3n Federal de Electricidad (CFE) genere 60 por ciento del consumo de esa energ\u00eda al cierre del actual sexenio.<\/strong><\/span><\/p>\n<p class=\"p1\"><span style=\"font-size: 14pt;\">Se\u00f1al\u00f3 Andr\u00e9s Manuel L\u00f3pez Obrador que a diferencia de los gobiernos neoliberales, que quer\u00edan \u201cacabar con la CFE\u201d, en su gobierno se est\u00e1 rescatando a esa empresa del Estado y a Petr\u00f3leos Mexicanos.<\/span><\/p>\n<p>&nbsp;<\/p>\n<blockquote>\n<p class=\"p1\"><span style=\"font-size: 14pt;\">\u201cSi no se hubiese producido un cambio, (la CFE) estar\u00eda ahora generando 15, 20 por ciento de toda la energ\u00eda que consumimos en el pa\u00eds, y 80 por ciento estar\u00eda controlado por empresas particulares, sobre todo extranjeras, ese era el plan\u201d<\/span><\/p>\n<\/blockquote>\n<p>&nbsp;<\/p>\n<p class=\"p1\"><span style=\"font-size: 18pt;\"><strong>En el caso de las hidroel\u00e9ctricas que se modernizar\u00e1n, dijo que esto significa cambiar turbinas y otros equipos, pues de las 60 del pa\u00eds, algunas de ellas con 100 a\u00f1os de haber sido construidas, se encontraban en malas condiciones.<\/strong><\/span><\/p>\n<p class=\"p1\"><span style=\"font-size: 18pt; color: #e42d33;\"><strong>Destac\u00f3 Andr\u00e9s Manuel L\u00f3pez Obrador que con la compra de las 13 plantas de Ibedrola, por 6 mil millones de d\u00f3lares, la generaci\u00f3n de energ\u00eda el\u00e9ctrica de la CFE pas\u00f3 de 38 a 55 por ciento, y se pretende elevarla a 60 con la rehabilitaci\u00f3n de las 20 hidroel\u00e9ctricas m\u00e1s las 13 plantas que se construyen.<\/strong><\/span><\/p>\n<p class=\"p1\"><span style=\"font-size: 14pt;\">Por otro lado, afirm\u00f3 que en su administraci\u00f3n no se han dado concesiones para la explotaci\u00f3n de agua donde est\u00e1n agotados los acu\u00edferos ni para la explotaci\u00f3n energ\u00e9tica a trav\u00e9s del\u00a0fracking, y por el contrario se realizan obras para llevar el recurso a la gente en Sonora, Sinaloa, Nuevo Le\u00f3n, Jalisco, Tabasco y Campeche, \u201cde los que me acuerdo\u201d.<\/span><\/p>\n<p class=\"p1\"><span style=\"font-size: 14pt;\">Asimismo, reconoci\u00f3 que algunos puntos del pa\u00eds, como los l\u00edmites entre la Ciudad de M\u00e9xico y Morelos o en las sierra de Durango y Chihuahua, se sigue dando la tala clandestina; por lo que asegur\u00f3 que su administraci\u00f3n seguir\u00e1 combatiendo ese delito.<\/span><\/p>\n<p>&nbsp;<\/p>\n<p class=\"p1\"><span style=\"font-size: 18pt;\">Con informaci\u00f3n de La Jornada<\/span><\/p>\n<p>&nbsp;<\/p>\n<p>&nbsp;<\/p>\n<p>&nbsp;<\/p>\n","protected":false},"excerpt":{"rendered":"<p>&nbsp; CIUDAD DE M\u00c9XICO. El gobierno federal est\u00e1 modernizando 20 hidroel\u00e9ctricas \u2013de las 60 que existen en el pa\u00eds\u2013 para<\/p>\n","protected":false},"author":4,"featured_media":16964,"comment_status":"closed","ping_status":"closed","sticky":false,"template":"","format":"standard","meta":{"colormag_page_container_layout":"default_layout","colormag_page_sidebar_layout":"default_layout","_jetpack_memberships_contains_paid_content":false,"footnotes":"","jetpack_publicize_message":"","jetpack_publicize_feature_enabled":true,"jetpack_social_post_already_shared":true,"jetpack_social_options":{"image_generator_settings":{"template":"highway","default_image_id":0,"font":"","enabled":false},"version":2}},"categories":[1947],"tags":[65,940,2763,466],"class_list":["post-16963","post","type-post","status-publish","format-standard","has-post-thumbnail","hentry","category-economia","tag-andres-manuel-lopez-obrador","tag-cfe","tag-hidroelectricas","tag-inversion"],"jetpack_publicize_connections":[],"jetpack_featured_media_url":"https:\/\/noticiasveracruz.com\/wp-content\/uploads\/2023\/06\/P-HIDROELECTRICA-MEXICO.png","jetpack_sharing_enabled":true,"publishpress_future_action":{"enabled":false,"date":"2026-05-06 20:29:39","action":"change-status","newStatus":"draft","terms":[],"taxonomy":"category","extraData":[]},"publishpress_future_workflow_manual_trigger":{"enabledWorkflows":[]},"_links":{"self":[{"href":"https:\/\/noticiasveracruz.com\/index.php\/wp-json\/wp\/v2\/posts\/16963","targetHints":{"allow":["GET"]}}],"collection":[{"href":"https:\/\/noticiasveracruz.com\/index.php\/wp-json\/wp\/v2\/posts"}],"about":[{"href":"https:\/\/noticiasveracruz.com\/index.php\/wp-json\/wp\/v2\/types\/post"}],"author":[{"embeddable":true,"href":"https:\/\/noticiasveracruz.com\/index.php\/wp-json\/wp\/v2\/users\/4"}],"replies":[{"embeddable":true,"href":"https:\/\/noticiasveracruz.com\/index.php\/wp-json\/wp\/v2\/comments?post=16963"}],"version-history":[{"count":0,"href":"https:\/\/noticiasveracruz.com\/index.php\/wp-json\/wp\/v2\/posts\/16963\/revisions"}],"wp:featuredmedia":[{"embeddable":true,"href":"https:\/\/noticiasveracruz.com\/index.php\/wp-json\/wp\/v2\/media\/16964"}],"wp:attachment":[{"href":"https:\/\/noticiasveracruz.com\/index.php\/wp-json\/wp\/v2\/media?parent=16963"}],"wp:term":[{"taxonomy":"category","embeddable":true,"href":"https:\/\/noticiasveracruz.com\/index.php\/wp-json\/wp\/v2\/categories?post=16963"},{"taxonomy":"post_tag","embeddable":true,"href":"https:\/\/noticiasveracruz.com\/index.php\/wp-json\/wp\/v2\/tags?post=16963"}],"curies":[{"name":"wp","href":"https:\/\/api.w.org\/{rel}","templated":true}]}}