{"id":16960,"date":"2023-06-28T16:42:48","date_gmt":"2023-06-28T21:42:48","guid":{"rendered":"https:\/\/noticiasveracruz.com\/?p=16960"},"modified":"2023-06-28T16:42:48","modified_gmt":"2023-06-28T21:42:48","slug":"biden-llama-a-putin-paria-advierte-que-rusia-va-perdiendo-la-guerra","status":"publish","type":"post","link":"https:\/\/noticiasveracruz.com\/index.php\/2023\/06\/28\/biden-llama-a-putin-paria-advierte-que-rusia-va-perdiendo-la-guerra\/","title":{"rendered":"Biden llama a Putin \u201cparia\u201d, advierte que Rusia va perdiendo la guerra"},"content":{"rendered":"<p>&nbsp;<\/p>\n<p class=\"p1\"><span style=\"font-size: 14pt;\"><strong><i>WASHINGTON, EU.<\/i>\u00a0<\/strong>El presidente estadounidense, <strong>Joe Biden<\/strong>, dijo que su hom\u00f3logo ruso, <strong>Vladimir Putin<\/strong>, es un <strong>\u201cparia\u201d<\/strong> que est\u00e1<strong> \u201cperdiendo\u201d la guerra en Ucrania<\/strong>, pero que es demasiado pronto para saber si se ha visto debilitado por la fallida rebeli\u00f3n del grupo Wagner.<\/span><\/p>\n<p class=\"p1\"><span style=\"font-size: 18pt;\"><strong>A una pregunta de un periodista en la Casa Blanca sobre si Putin es ahora m\u00e1s d\u00e9bil, Biden contest\u00f3: \u201cEs dif\u00edcil de decir, pero est\u00e1 perdiendo claramente la guerra y est\u00e1 perdiendo la guerra en casa\u201d.<\/strong><\/span><\/p>\n<p>&nbsp;<\/p>\n<blockquote>\n<p class=\"p1\"><span style=\"font-size: 14pt;\">Putin es ahora \u201cun paria en todo el mundo\u201d<\/span><\/p>\n<\/blockquote>\n<p>&nbsp;<\/p>\n<p class=\"p1\"><span style=\"font-size: 18pt;\"><strong>Joe Biden se\u00f1al\u00f3 que Rusia est\u00e1 perdiendo la guerra en Irak en lugar de en Ucrania, un lapsus que ya tuvo el martes en un mitin.<\/strong><\/span><\/p>\n<p class=\"p1\"><span style=\"font-size: 14pt;\">Ese d\u00eda el presidente estadounidense dijo que hab\u00eda conseguido unir a los pa\u00edses occidentales contra el asalto de Mosc\u00fa a Irak.<\/span><\/p>\n<p class=\"p1\"><span style=\"font-size: 18pt;\"><strong>Joe Biden, candidato a su reelecci\u00f3n en 2024, suele tener lapsus que sus rivales republicanos aprovechan para descalificarlo diciendo que tiene las facultades mentales mermadas.<\/strong><\/span><\/p>\n<p>&nbsp;<\/p>\n<p><img loading=\"lazy\" decoding=\"async\" class=\"aligncenter wp-image-21457 size-large\" src=\"https:\/\/politicosaldesnudo.com.mx\/wp-content\/uploads\/2023\/06\/P-WAGNER-RUSIA-1024x573.png\" alt=\"\" width=\"800\" height=\"448\" \/><\/p>\n<p>&nbsp;<\/p>\n<p class=\"p1\"><span style=\"font-size: 18pt; color: #e42d33;\"><strong>La Casa Blanca sigue siendo prudente a la hora de interpretar las consecuencias de la fallida rebeli\u00f3n del grupo paramilitar Wagner, muy activo en Ucrania.<\/strong><\/span><\/p>\n<p class=\"p1\"><span style=\"font-size: 14pt;\">A finales de la semana pasada el grupo se amotin\u00f3 y se dirigi\u00f3 hacia Mosc\u00fa antes de dar marcha atr\u00e1s.<\/span><\/p>\n<p class=\"p1\"><span style=\"font-size: 14pt;\">Biden est\u00e1 al frente de una campa\u00f1a de Occidente en apoyo a Ucrania tras la invasi\u00f3n rusa lanzada en febrero del a\u00f1o pasado por Putin.<\/span><\/p>\n<p>&nbsp;<\/p>\n<p>&nbsp;<\/p>\n<p>&nbsp;<\/p>\n","protected":false},"excerpt":{"rendered":"<p>&nbsp; WASHINGTON, EU.\u00a0El presidente estadounidense, Joe Biden, dijo que su hom\u00f3logo ruso, Vladimir Putin, es un \u201cparia\u201d que est\u00e1 \u201cperdiendo\u201d<\/p>\n","protected":false},"author":4,"featured_media":16961,"comment_status":"closed","ping_status":"closed","sticky":false,"template":"","format":"standard","meta":{"colormag_page_container_layout":"default_layout","colormag_page_sidebar_layout":"default_layout","_jetpack_memberships_contains_paid_content":false,"footnotes":"","jetpack_publicize_message":"","jetpack_publicize_feature_enabled":true,"jetpack_social_post_already_shared":true,"jetpack_social_options":{"image_generator_settings":{"template":"highway","default_image_id":0,"font":"","enabled":false},"version":2}},"categories":[355],"tags":[657,92,2761,2760,19,2762,2759,13],"class_list":["post-16960","post","type-post","status-publish","format-standard","has-post-thumbnail","hentry","category-internacional","tag-casa-blanca","tag-estados-unidos","tag-grupo-wagner","tag-guerra-en-ucrania","tag-joe-biden","tag-paria","tag-putin","tag-rusia"],"jetpack_publicize_connections":[],"jetpack_featured_media_url":"https:\/\/noticiasveracruz.com\/wp-content\/uploads\/2023\/06\/P-BIDEN-Y-PUTIN.png","jetpack_sharing_enabled":true,"publishpress_future_action":{"enabled":false,"date":"2026-05-06 19:35:23","action":"change-status","newStatus":"draft","terms":[],"taxonomy":"category","extraData":[]},"publishpress_future_workflow_manual_trigger":{"enabledWorkflows":[]},"_links":{"self":[{"href":"https:\/\/noticiasveracruz.com\/index.php\/wp-json\/wp\/v2\/posts\/16960","targetHints":{"allow":["GET"]}}],"collection":[{"href":"https:\/\/noticiasveracruz.com\/index.php\/wp-json\/wp\/v2\/posts"}],"about":[{"href":"https:\/\/noticiasveracruz.com\/index.php\/wp-json\/wp\/v2\/types\/post"}],"author":[{"embeddable":true,"href":"https:\/\/noticiasveracruz.com\/index.php\/wp-json\/wp\/v2\/users\/4"}],"replies":[{"embeddable":true,"href":"https:\/\/noticiasveracruz.com\/index.php\/wp-json\/wp\/v2\/comments?post=16960"}],"version-history":[{"count":0,"href":"https:\/\/noticiasveracruz.com\/index.php\/wp-json\/wp\/v2\/posts\/16960\/revisions"}],"wp:featuredmedia":[{"embeddable":true,"href":"https:\/\/noticiasveracruz.com\/index.php\/wp-json\/wp\/v2\/media\/16961"}],"wp:attachment":[{"href":"https:\/\/noticiasveracruz.com\/index.php\/wp-json\/wp\/v2\/media?parent=16960"}],"wp:term":[{"taxonomy":"category","embeddable":true,"href":"https:\/\/noticiasveracruz.com\/index.php\/wp-json\/wp\/v2\/categories?post=16960"},{"taxonomy":"post_tag","embeddable":true,"href":"https:\/\/noticiasveracruz.com\/index.php\/wp-json\/wp\/v2\/tags?post=16960"}],"curies":[{"name":"wp","href":"https:\/\/api.w.org\/{rel}","templated":true}]}}