{"id":16952,"date":"2023-06-28T08:54:45","date_gmt":"2023-06-28T13:54:45","guid":{"rendered":"https:\/\/noticiasveracruz.com\/?p=16952"},"modified":"2023-06-28T08:56:02","modified_gmt":"2023-06-28T13:56:02","slug":"alcalde-jose-manuel-pozos-recibe-a-ninos-representantes-de-veracruz-en-la-olimpiada-del-conocimiento-infantil","status":"publish","type":"post","link":"https:\/\/noticiasveracruz.com\/index.php\/2023\/06\/28\/alcalde-jose-manuel-pozos-recibe-a-ninos-representantes-de-veracruz-en-la-olimpiada-del-conocimiento-infantil\/","title":{"rendered":"Alcalde Jos\u00e9 Manuel Pozos recibe a ni\u00f1os representantes de Veracruz en la \u201cOlimpiada del Conocimiento Infantil\u201d"},"content":{"rendered":"<p>&nbsp;<\/p>\n<p class=\"p1\"><span style=\"font-size: 14pt;\"><em><strong>TUXPAN, VERACRUZ.<\/strong> <\/em>El alcalde<strong> Jos\u00e9 Manuel Pozos<\/strong> recibe en la Sala de Cabildo de la Presidencia Municipal a <strong>estudiantes de primaria ganadores en la \u201cOlimpiada del Conocimiento Infantil 2023\u201d Veracruz.<\/strong><\/span><\/p>\n<p class=\"p1\"><span style=\"font-size: 18pt;\"><strong>Los alumnos representar\u00e1n al estado de Veracruz en la Olimpiada Nacional de Conocimiento, el pr\u00f3ximo 1 de agosto asistir\u00e1n a Palacio Nacional en el encuentro con el Presidente Andr\u00e9s Manuel L\u00f3pez Obrador.<\/strong><\/span><\/p>\n<p>&nbsp;<\/p>\n<p><img loading=\"lazy\" decoding=\"async\" class=\"aligncenter wp-image-21606 size-large\" src=\"https:\/\/politicosaldesnudo.com.mx\/wp-content\/uploads\/2023\/06\/P-NINOS-OLIMPIADA-3-1024x573.png\" alt=\"\" width=\"800\" height=\"448\" \/><\/p>\n<p>&nbsp;<\/p>\n<p class=\"p1\"><span style=\"font-size: 18pt; color: #e42d33;\"><strong>Los menores que representan al estado son: Ronni Axel del \u00c1ngel Reyes de la primaria Heriberto Jara Corona, Iker Alessandro M\u00e9ndez Ram\u00edrez de la escuela Distribuidores Nissan, Jorge Jacinto L\u00f3pez Meza de la primaria Ponciano Arriaga y Fryda Yamileth Salas Escamilla de la escuela Sor Juana In\u00e9s de la Cruz.<\/strong><\/span><\/p>\n<p>&nbsp;<\/p>\n<p><span style=\"font-size: 18pt; color: #e42d33;\"><strong>EJEMPLO PARA LA NI\u00d1EZ TUXPE\u00d1A<\/strong><\/span><\/p>\n<p class=\"p1\"><span style=\"font-size: 18pt;\"><strong>El alcalde Jos\u00e9 Manuel Pozos reconoci\u00f3 su dedicaci\u00f3n al estudio, y se\u00f1al\u00f3 que son un enorme ejemplo para la ni\u00f1ez.<\/strong><\/span><\/p>\n<p>&nbsp;<\/p>\n<blockquote>\n<p class=\"p1\"><span style=\"font-size: 14pt;\">Tuxpan se enorgullece de ustedes, porque son estudiantes triunfadores que inspiran y motivan a su propia generaci\u00f3n a esforzarse cada d\u00eda para alcanzar sus sue\u00f1os\u201d<\/span><\/p>\n<\/blockquote>\n<p>&nbsp;<\/p>\n<p><img loading=\"lazy\" decoding=\"async\" class=\"aligncenter wp-image-21604 size-large\" src=\"https:\/\/politicosaldesnudo.com.mx\/wp-content\/uploads\/2023\/06\/P-NINOS-OLIMPIADA-1-1024x573.png\" alt=\"\" width=\"800\" height=\"448\" \/><\/p>\n<p>&nbsp;<\/p>\n<p class=\"p1\"><span style=\"font-size: 18pt;\"><strong>Igualmente Jos\u00e9 Manuel Pozos felicit\u00f3 a los padres de familia y docentes por ser parte de la formaci\u00f3n de estos ni\u00f1os que est\u00e1n poniendo muy en alto el nombre de Tuxpan.<\/strong><\/span><\/p>\n<p class=\"p1\"><span style=\"font-size: 14pt;\">El presidente municipal, Jos\u00e9 Manuel Pozos se comprometi\u00f3 a que el Gobierno de Tuxpan les brindar\u00e1 apoyo para que asistan a la olimpiada, y adem\u00e1s se les otorgar\u00e1n uniformes. <\/span><\/p>\n<p class=\"p1\"><span style=\"font-size: 14pt;\">Los padres de familia y maestros agradecieron al Gobierno Municipal y al alcalde por su respaldo.<\/span><\/p>\n<p class=\"p1\"><span style=\"font-size: 14pt;\">En la reuni\u00f3n estuvieron presentes regidora Lucero Res\u00e9ndis Ambrocio y el regidor Axel Bernal Herrera.<\/span><\/p>\n<p>&nbsp;<\/p>\n<p>&nbsp;<\/p>\n<p>&nbsp;<\/p>\n","protected":false},"excerpt":{"rendered":"<p>&nbsp; TUXPAN, VERACRUZ. El alcalde Jos\u00e9 Manuel Pozos recibe en la Sala de Cabildo de la Presidencia Municipal a estudiantes<\/p>\n","protected":false},"author":4,"featured_media":16954,"comment_status":"closed","ping_status":"closed","sticky":false,"template":"","format":"standard","meta":{"colormag_page_container_layout":"default_layout","colormag_page_sidebar_layout":"default_layout","_jetpack_memberships_contains_paid_content":false,"footnotes":"","jetpack_publicize_message":"","jetpack_publicize_feature_enabled":true,"jetpack_social_post_already_shared":true,"jetpack_social_options":{"image_generator_settings":{"template":"highway","default_image_id":0,"font":"","enabled":false},"version":2}},"categories":[356],"tags":[1090,701,2758,72,73],"class_list":["post-16952","post","type-post","status-publish","format-standard","has-post-thumbnail","hentry","category-veracruz","tag-estudiantes","tag-jose-manuel-pozos","tag-olimpiada-del-conocimiento-infantil","tag-tuxpan","tag-veracruz"],"jetpack_publicize_connections":[],"jetpack_featured_media_url":"https:\/\/noticiasveracruz.com\/wp-content\/uploads\/2023\/06\/P-NINOS-OLIMPIADA-2.png","jetpack_sharing_enabled":true,"publishpress_future_action":{"enabled":false,"date":"2026-05-06 18:48:51","action":"change-status","newStatus":"draft","terms":[],"taxonomy":"category","extraData":[]},"publishpress_future_workflow_manual_trigger":{"enabledWorkflows":[]},"_links":{"self":[{"href":"https:\/\/noticiasveracruz.com\/index.php\/wp-json\/wp\/v2\/posts\/16952","targetHints":{"allow":["GET"]}}],"collection":[{"href":"https:\/\/noticiasveracruz.com\/index.php\/wp-json\/wp\/v2\/posts"}],"about":[{"href":"https:\/\/noticiasveracruz.com\/index.php\/wp-json\/wp\/v2\/types\/post"}],"author":[{"embeddable":true,"href":"https:\/\/noticiasveracruz.com\/index.php\/wp-json\/wp\/v2\/users\/4"}],"replies":[{"embeddable":true,"href":"https:\/\/noticiasveracruz.com\/index.php\/wp-json\/wp\/v2\/comments?post=16952"}],"version-history":[{"count":0,"href":"https:\/\/noticiasveracruz.com\/index.php\/wp-json\/wp\/v2\/posts\/16952\/revisions"}],"wp:featuredmedia":[{"embeddable":true,"href":"https:\/\/noticiasveracruz.com\/index.php\/wp-json\/wp\/v2\/media\/16954"}],"wp:attachment":[{"href":"https:\/\/noticiasveracruz.com\/index.php\/wp-json\/wp\/v2\/media?parent=16952"}],"wp:term":[{"taxonomy":"category","embeddable":true,"href":"https:\/\/noticiasveracruz.com\/index.php\/wp-json\/wp\/v2\/categories?post=16952"},{"taxonomy":"post_tag","embeddable":true,"href":"https:\/\/noticiasveracruz.com\/index.php\/wp-json\/wp\/v2\/tags?post=16952"}],"curies":[{"name":"wp","href":"https:\/\/api.w.org\/{rel}","templated":true}]}}