{"id":16950,"date":"2023-06-28T05:30:29","date_gmt":"2023-06-28T10:30:29","guid":{"rendered":"https:\/\/noticiasveracruz.com\/?p=16950"},"modified":"2023-06-28T08:21:08","modified_gmt":"2023-06-28T13:21:08","slug":"el-verticalismo-de-los-partidos-amaga-a-va-por-mexico","status":"publish","type":"post","link":"https:\/\/noticiasveracruz.com\/index.php\/2023\/06\/28\/el-verticalismo-de-los-partidos-amaga-a-va-por-mexico\/","title":{"rendered":"El verticalismo de los partidos amaga a Va por M\u00e9xico"},"content":{"rendered":"<p class=\"p1\">\n<p>&nbsp;<\/p>\n<p class=\"p1\"><span style=\"font-size: 18pt;\"><strong>Por Jos\u00e9 Ure\u00f1a<\/strong><\/span><\/p>\n<p class=\"p1\"><span style=\"font-size: 14pt;\">Oposici\u00f3n y oficialismo van contra sus fantasmas. Es un estigma mexicano.<\/span><\/p>\n<p class=\"p1\"><span style=\"font-size: 14pt;\">Partamos de un ejemplo: El Partido Revolucionario Institucional (PRI) organiz\u00f3 el desfile de sus propias corcholatas -pasarela, le llam\u00f3 el dirigente Alejandro Moreno- para conocer sus proyectos gubernativos.<\/span><\/p>\n<p class=\"p1\"><span style=\"font-size: 14pt;\">Alito hizo un experimento: a cada uno de los consejeros les fue entregado un cuestionario con los seis aspirantes a candidatos presidenciales con la propuesta de escucharlos y valorarlos.<\/span><\/p>\n<p class=\"p1\"><span style=\"font-size: 14pt;\">Puntos a favor, puntos en contra.<\/span><\/p>\n<p class=\"p1\"><span style=\"font-size: 14pt;\">Los cuestionarios deber\u00edan entregarse al final de las comparecencias y entregarse a las edecanes del partido para saber cu\u00e1l de todos los inscritos ten\u00eda mayor aceptaci\u00f3n.<\/span><\/p>\n<p class=\"p1\"><span style=\"font-size: 14pt;\">No hubo problema.<\/span><\/p>\n<p class=\"p1\"><span style=\"font-size: 14pt;\">Cada uno rellen\u00f3 las hojas y las entreg\u00f3 a las edecanes, pero luego gran parte de los consejeros fueron a una reuni\u00f3n a la presidencia del partido a hablar con Alito.<\/span><\/p>\n<p class=\"p1\"><span style=\"font-size: 14pt;\">-\u00bfQu\u00e9 les parecieron las propuestas? -les dijo sin aludir por nombres: Enrique de la Madrid, Alejandro Moreno, Jos\u00e9 Angel Gurr\u00eda, Claudia Ruiz Massieu, Ildefonso Guajardo\u2026<\/span><\/p>\n<p class=\"p1\"><span style=\"font-size: 14pt;\">-Muy interesantes, fue el consenso\u2026 pero d\u00edganos jefe: \u00bfqui\u00e9n es el bueno?<\/span><\/p>\n<p class=\"p1\"><span style=\"font-size: 14pt;\">As\u00ed de vertical es el PRI.<\/span><\/p>\n<p>&nbsp;<\/p>\n<p class=\"p1\"><span style=\"font-size: 18pt; color: #e42d33;\"><strong>TEMOR A LA DEMOCRACIA<\/strong><\/span><\/p>\n<p class=\"p1\"><span style=\"font-size: 14pt;\">Este ejemplo ilustra: La oposici\u00f3n vive de la l\u00ednea y de las imposiciones y ahora es el riesgo en puerta cuando de manera tripartita (PRI, PAN, PRD, m\u00e1s organizaciones civiles) han ideado un proyecto com\u00fan.<\/span><\/p>\n<p class=\"p1\"><span style=\"font-size: 14pt;\">Hoy el riesgo es la ambici\u00f3n de poder.<\/span><\/p>\n<p class=\"p1\"><span style=\"font-size: 14pt;\">Y, perm\u00edtaseme la acotaci\u00f3n: reflejo de la divisi\u00f3n imperante en el pa\u00eds e impulsada desde Palacio Nacional con el discurso permanentemente polarizante y de descalificaciones.<\/span><\/p>\n<p class=\"p1\"><span style=\"font-size: 14pt;\">Los partidos quieren imponerse y por eso se han ido algunos interesados en el mecanismo-Mauricio Vila, Germ\u00e1n Mart\u00ednez C\u00e1zares-, unos como contendientes, otros como jueces.<\/span><\/p>\n<p class=\"p1\"><span style=\"font-size: 14pt;\">Por eso en Acci\u00f3n Nacional (PAN, Marko Cort\u00e9s) hay la pretensi\u00f3n de impulsar a determinado candidato presidencial mientras se trata de obstaculizar el crecimiento de X\u00f3chitl G\u00e1lvez.<\/span><\/p>\n<p class=\"p1\"><span style=\"font-size: 14pt;\">Una imposici\u00f3n dar\u00eda al traste con un planteamiento largamente elaborado y en el cual est\u00e1n las esperanzas de contrapeso para la contienda federal de 2024.<\/span><\/p>\n<p class=\"p1\"><span style=\"font-size: 14pt;\">No nada m\u00e1s la del Ejecutivo Federal, sino cuanto ese candidato irradie de confianza en beneficio de los abanderados en nueve estados, a diputados, a senadores o a alcaldes y regidores.<\/span><\/p>\n<p class=\"p1\"><span style=\"font-size: 14pt;\">La democracia en riesgo.<\/span><\/p>\n<p>&nbsp;<\/p>\n<p class=\"p1\"><span style=\"font-size: 18pt; color: #e42d33;\"><strong>SUBSIDIOS A LA GASOLINA<\/strong><\/span><\/p>\n<p class=\"p1\"><span style=\"font-size: 14pt;\">Dos semanas atr\u00e1s anunciamos el estudio hacendario para ver si eliminan los subsidios a la gasolina magna, la m\u00e1s barata del mercado.<\/span><\/p>\n<p class=\"p1\"><span style=\"font-size: 14pt;\">El tema sigue. Se piensa en mucho dinero, algo as\u00ed como ocho mil millones de pesos, cifra de gran impacto si se dedica a reparto en programas sociales.<\/span><\/p>\n<p class=\"p1\"><span style=\"font-size: 14pt;\">El gabinete a\u00fan lo estudia y podr\u00edamos estar a d\u00edas de saber la decisi\u00f3n porque hasta ahora no ha habido consecuencias sociales por eliminar ese apoyo al diesel y a la premium.<\/span><\/p>\n<p class=\"p1\"><span style=\"font-size: 14pt;\">Hay varios puntos a favor:<\/span><\/p>\n<p class=\"p1\"><span style=\"font-size: 14pt;\">En primer lugar, el precio de las gasolinas en el mercado mundial ha bajado y eso ayuda a no impactar las importaciones.<\/span><\/p>\n<p class=\"p1\"><span style=\"font-size: 14pt;\">E internamente la cotizaci\u00f3n del peso frente al d\u00f3lar ayuda a comprar en el extranjero, mayoritariamente de Estados Unidos, sin mayores repercusiones en la venta al p\u00fablico.<\/span><\/p>\n<p class=\"p1\"><span style=\"font-size: 14pt;\">Lo dicho: todo a favor, pero veremos.<\/span><\/p>\n<p>&nbsp;<\/p>\n<hr \/>\n<p>&nbsp;<\/p>\n<p><img loading=\"lazy\" decoding=\"async\" class=\"aligncenter wp-image-11449\" src=\"http:\/\/noticiasveracruz.com\/wp-content\/uploads\/2023\/01\/FIRMA-EDITORIAL-NV-300x37.png\" alt=\"\" width=\"1000\" height=\"122\" srcset=\"https:\/\/noticiasveracruz.com\/wp-content\/uploads\/2023\/01\/FIRMA-EDITORIAL-NV-300x37.png 300w, https:\/\/noticiasveracruz.com\/wp-content\/uploads\/2023\/01\/FIRMA-EDITORIAL-NV-1024x125.png 1024w, https:\/\/noticiasveracruz.com\/wp-content\/uploads\/2023\/01\/FIRMA-EDITORIAL-NV-768x94.png 768w, https:\/\/noticiasveracruz.com\/wp-content\/uploads\/2023\/01\/FIRMA-EDITORIAL-NV-1536x188.png 1536w, https:\/\/noticiasveracruz.com\/wp-content\/uploads\/2023\/01\/FIRMA-EDITORIAL-NV-2048x250.png 2048w\" sizes=\"auto, (max-width: 1000px) 100vw, 1000px\" \/><\/p>\n<p>&nbsp;<\/p>\n<p>&nbsp;<\/p>\n<p>&nbsp;<\/p>\n<p>&nbsp;<\/p>\n","protected":false},"excerpt":{"rendered":"<p>&nbsp; Por Jos\u00e9 Ure\u00f1a Oposici\u00f3n y oficialismo van contra sus fantasmas. Es un estigma mexicano. Partamos de un ejemplo: El<\/p>\n","protected":false},"author":4,"featured_media":3258,"comment_status":"closed","ping_status":"closed","sticky":false,"template":"","format":"standard","meta":{"colormag_page_container_layout":"default_layout","colormag_page_sidebar_layout":"default_layout","_jetpack_memberships_contains_paid_content":false,"footnotes":"","jetpack_publicize_message":"","jetpack_publicize_feature_enabled":true,"jetpack_social_post_already_shared":true,"jetpack_social_options":{"image_generator_settings":{"template":"highway","default_image_id":0,"font":"","enabled":false},"version":2}},"categories":[6],"tags":[],"class_list":["post-16950","post","type-post","status-publish","format-standard","has-post-thumbnail","hentry","category-columnistas"],"jetpack_publicize_connections":[],"jetpack_featured_media_url":"https:\/\/noticiasveracruz.com\/wp-content\/uploads\/2022\/04\/JOSE\u0301-UREN\u0303A.png","jetpack_sharing_enabled":true,"publishpress_future_action":{"enabled":false,"date":"2026-05-07 04:24:13","action":"change-status","newStatus":"draft","terms":[],"taxonomy":"category","extraData":[]},"publishpress_future_workflow_manual_trigger":{"enabledWorkflows":[]},"_links":{"self":[{"href":"https:\/\/noticiasveracruz.com\/index.php\/wp-json\/wp\/v2\/posts\/16950","targetHints":{"allow":["GET"]}}],"collection":[{"href":"https:\/\/noticiasveracruz.com\/index.php\/wp-json\/wp\/v2\/posts"}],"about":[{"href":"https:\/\/noticiasveracruz.com\/index.php\/wp-json\/wp\/v2\/types\/post"}],"author":[{"embeddable":true,"href":"https:\/\/noticiasveracruz.com\/index.php\/wp-json\/wp\/v2\/users\/4"}],"replies":[{"embeddable":true,"href":"https:\/\/noticiasveracruz.com\/index.php\/wp-json\/wp\/v2\/comments?post=16950"}],"version-history":[{"count":0,"href":"https:\/\/noticiasveracruz.com\/index.php\/wp-json\/wp\/v2\/posts\/16950\/revisions"}],"wp:featuredmedia":[{"embeddable":true,"href":"https:\/\/noticiasveracruz.com\/index.php\/wp-json\/wp\/v2\/media\/3258"}],"wp:attachment":[{"href":"https:\/\/noticiasveracruz.com\/index.php\/wp-json\/wp\/v2\/media?parent=16950"}],"wp:term":[{"taxonomy":"category","embeddable":true,"href":"https:\/\/noticiasveracruz.com\/index.php\/wp-json\/wp\/v2\/categories?post=16950"},{"taxonomy":"post_tag","embeddable":true,"href":"https:\/\/noticiasveracruz.com\/index.php\/wp-json\/wp\/v2\/tags?post=16950"}],"curies":[{"name":"wp","href":"https:\/\/api.w.org\/{rel}","templated":true}]}}