{"id":16941,"date":"2023-06-28T05:00:38","date_gmt":"2023-06-28T10:00:38","guid":{"rendered":"https:\/\/noticiasveracruz.com\/?p=16941"},"modified":"2023-06-28T07:58:14","modified_gmt":"2023-06-28T12:58:14","slug":"el-halconazo-de-cuitlahuac","status":"publish","type":"post","link":"https:\/\/noticiasveracruz.com\/index.php\/2023\/06\/28\/el-halconazo-de-cuitlahuac\/","title":{"rendered":"El \u201chalconazo\u201d de Cuitl\u00e1huac"},"content":{"rendered":"<p>&nbsp;<\/p>\n<p class=\"p1\"><span style=\"font-size: 18pt;\"><strong>Por Aurelio Contreras Moreno<\/strong><\/span><\/p>\n<p class=\"p1\"><span style=\"font-size: 14pt;\">Una tentaci\u00f3n com\u00fan recurrente entre los pol\u00edticos de diferentes filiaciones pol\u00edticas y adscripciones ideol\u00f3gicas es la de usar equipos deportivos para hacer pol\u00edtica. Y negocios.<\/span><\/p>\n<p class=\"p1\"><span style=\"font-size: 14pt;\">En Veracruz, por lo menos durante tres sexenios el equipo de f\u00fatbol soccer profesional Tiburones Rojos del Veracruz fue usado como parte de la estrategia de las diferentes administraciones estatales para hacer populismo rampl\u00f3n, gastando recursos p\u00fablicos en un negocio privado en el que, por otro lado, siempre hubo sospechas de participaci\u00f3n accionaria simulada de autoridades, como fue el caso del entonces gobernador Miguel Alem\u00e1n Velasco y el empresario taurino metido a \u201cpanbolero\u201d Rafael Herrer\u00edas.<\/span><\/p>\n<p class=\"p1\"><span style=\"font-size: 14pt;\">De Fidel Herrera se dec\u00eda que se met\u00eda hasta en la decisi\u00f3n sobre qu\u00e9 jugadores aparecer\u00edan en la alineaci\u00f3n de cada partido de los Tiburones Rojos, que fueron usados tambi\u00e9n para la propaganda electoral durante ese sexenio y el de Javier Duarte, adem\u00e1s de como una palanca para apuntalar aspiraciones pol\u00edticas de personajes como Fidel Kuri, quien termin\u00f3 por enterrar al club por su p\u00e9sima y fraudulenta manera de administrarlo.<\/span><\/p>\n<p class=\"p1\"><span style=\"font-size: 14pt;\">Adem\u00e1s del soccer, Fidel Herrera Beltr\u00e1n puso su inter\u00e9s en el basquetbol, m\u00e1s por las presiones de su esposa que por su propia voluntad. Y fue as\u00ed que se cre\u00f3 a los Halcones Rojos del Veracruz como respuesta al, en esos a\u00f1os, muy exitoso Halcones UV de Xalapa, que logr\u00f3 campeonatos para la Universidad Veracruzana que encendieron la envidia de quienes gobernaban la entidad como si fuera de su propiedad.<\/span><\/p>\n<p class=\"p1\"><span style=\"font-size: 14pt;\">M\u00e1s all\u00e1 de los dividendos pol\u00edticos, que el gobierno se inmiscuyera en equipos deportivos profesionales result\u00f3 siempre una mala idea, pues hab\u00eda que desviar recursos del erario que eran necesarios en otras \u00e1reas realmente prioritarias, para financiar un barril sin fondo como el de un club profesional, cuyo objetivo principal es generar ganancias, contrario a los fines de las entidades p\u00fablicas.<\/span><\/p>\n<p class=\"p1\"><span style=\"font-size: 14pt;\">Los gobiernos emanados de la \u201c4t\u201d no han estado exentos de este fen\u00f3meno. Como al presidente le encanta el b\u00e9isbol, tambi\u00e9n se han desviado millonarios recursos a la rehabilitaci\u00f3n de estadios, a la creaci\u00f3n de escuelas y al beneficio de clubes privados, propiedad de allegados y hasta de familiares de Andr\u00e9s Manuel L\u00f3pez Obrador, quien seguido deja botadas, a media ma\u00f1ana y entre semana, sus responsabilidades como primer mandatario para irse un rato a \u201cmacanear\u201d.<\/span><\/p>\n<p class=\"p1\"><span style=\"font-size: 14pt;\">En Veracruz, alguien los convenci\u00f3 de que ser\u00eda buena idea \u201cresucitar\u201d a los fidelistas Halcones Rojos y en octubre del a\u00f1o pasado, Cuitl\u00e1huac Garc\u00eda Jim\u00e9nez anunci\u00f3 su regreso a la\u00a0Liga Nacional de Baloncesto Profesional, para lo cual, el gobierno remodelar\u00eda el Auditorio \u201cBenito Ju\u00e1rez\u201d del puerto de Veracruz, propiedad de la administraci\u00f3n estatal, con una inversi\u00f3n p\u00fablica de \u201cnada m\u00e1s\u201d 61 millones de pesos, m\u00e1s otros 20 millones que aportar\u00eda la empresa privada que lo operar\u00e1.<\/span><\/p>\n<p class=\"p1\"><span style=\"font-size: 14pt;\">Dicha empresa es \u201cBaloncesto, Campamentos y Actividades Deportivas, A.C.\u201d, que encabeza \u2013al menos visiblemente- un tal Roberto Carlos Alvarado Rosete, quien tambi\u00e9n funge como presidente del equipo deportivo. <\/span><\/p>\n<p class=\"p1\"><span style=\"font-size: 14pt;\">Este martes, la empresa de Roberto Carlos Alvarado Rosete, que fue constituida como tal apenas el pasado 17 de octubre de 2022 \u2013al mismo tiempo que Cuitl\u00e1huac Garc\u00eda anunciaba el \u201cregreso\u201d de los Halcones Rojos- recibi\u00f3 un regalazo: el Congreso del Estado le entreg\u00f3 en comodato el auditorio \u201cBenito Ju\u00e1rez\u201d \u2013ya rehabilitado con recursos p\u00fablicos- durante los pr\u00f3ximos seis a\u00f1os. <\/span><\/p>\n<p class=\"p1\"><span style=\"font-size: 14pt;\">B\u00e1sicamente, el gobierno que \u201cpugna\u201d por \u201cseparar\u201d al poder pol\u00edtico del poder econ\u00f3mico entreg\u00f3 un bien p\u00fablico para usufructo de una empresa privada y un club deportivo profesional, cuyo fin, como ya se apunt\u00f3, no es el beneficio social. Y adem\u00e1s, con alcances transexenales.<\/span><\/p>\n<p class=\"p1\"><span style=\"font-size: 14pt;\">\u00bfPues qui\u00e9nes son los otros \u201csocios\u201d que no aparecen abiertamente en este \u201chalconazo\u201d?<\/span><\/p>\n<p>&nbsp;<\/p>\n<hr \/>\n<p>&nbsp;<\/p>\n<p class=\"p1\"><span style=\"font-size: 18pt;\"><strong>Correo: <a href=\"mailto:aureliocontreras@gmail.com\">aureliocontreras@gmail.com<\/a><\/strong><\/span><\/p>\n<p class=\"p1\"><span style=\"font-size: 18pt;\"><strong>Twitter: <a href=\"http:\/\/www.twitter.com\/yeyocontreras\">@yeyocontreras<\/a><\/strong><\/span><\/p>\n<p>&nbsp;<\/p>\n<p><img loading=\"lazy\" decoding=\"async\" class=\"aligncenter wp-image-11449\" src=\"http:\/\/noticiasveracruz.com\/wp-content\/uploads\/2023\/01\/FIRMA-EDITORIAL-NV-300x37.png\" alt=\"\" width=\"1000\" height=\"122\" srcset=\"https:\/\/noticiasveracruz.com\/wp-content\/uploads\/2023\/01\/FIRMA-EDITORIAL-NV-300x37.png 300w, https:\/\/noticiasveracruz.com\/wp-content\/uploads\/2023\/01\/FIRMA-EDITORIAL-NV-1024x125.png 1024w, https:\/\/noticiasveracruz.com\/wp-content\/uploads\/2023\/01\/FIRMA-EDITORIAL-NV-768x94.png 768w, https:\/\/noticiasveracruz.com\/wp-content\/uploads\/2023\/01\/FIRMA-EDITORIAL-NV-1536x188.png 1536w, https:\/\/noticiasveracruz.com\/wp-content\/uploads\/2023\/01\/FIRMA-EDITORIAL-NV-2048x250.png 2048w\" sizes=\"auto, (max-width: 1000px) 100vw, 1000px\" \/><\/p>\n<p>&nbsp;<\/p>\n<p>&nbsp;<\/p>\n<p>&nbsp;<\/p>\n","protected":false},"excerpt":{"rendered":"<p>&nbsp; Por Aurelio Contreras Moreno Una tentaci\u00f3n com\u00fan recurrente entre los pol\u00edticos de diferentes filiaciones pol\u00edticas y adscripciones ideol\u00f3gicas es<\/p>\n","protected":false},"author":4,"featured_media":3578,"comment_status":"closed","ping_status":"closed","sticky":false,"template":"","format":"standard","meta":{"colormag_page_container_layout":"default_layout","colormag_page_sidebar_layout":"default_layout","_jetpack_memberships_contains_paid_content":false,"footnotes":"","jetpack_publicize_message":"","jetpack_publicize_feature_enabled":true,"jetpack_social_post_already_shared":true,"jetpack_social_options":{"image_generator_settings":{"template":"highway","default_image_id":0,"font":"","enabled":false},"version":2}},"categories":[6],"tags":[],"class_list":["post-16941","post","type-post","status-publish","format-standard","has-post-thumbnail","hentry","category-columnistas"],"jetpack_publicize_connections":[],"jetpack_featured_media_url":"https:\/\/noticiasveracruz.com\/wp-content\/uploads\/2022\/04\/P-AURELIO-CONTRERAS.png","jetpack_sharing_enabled":true,"publishpress_future_action":{"enabled":false,"date":"2026-05-08 01:50:11","action":"change-status","newStatus":"draft","terms":[],"taxonomy":"category","extraData":[]},"publishpress_future_workflow_manual_trigger":{"enabledWorkflows":[]},"_links":{"self":[{"href":"https:\/\/noticiasveracruz.com\/index.php\/wp-json\/wp\/v2\/posts\/16941","targetHints":{"allow":["GET"]}}],"collection":[{"href":"https:\/\/noticiasveracruz.com\/index.php\/wp-json\/wp\/v2\/posts"}],"about":[{"href":"https:\/\/noticiasveracruz.com\/index.php\/wp-json\/wp\/v2\/types\/post"}],"author":[{"embeddable":true,"href":"https:\/\/noticiasveracruz.com\/index.php\/wp-json\/wp\/v2\/users\/4"}],"replies":[{"embeddable":true,"href":"https:\/\/noticiasveracruz.com\/index.php\/wp-json\/wp\/v2\/comments?post=16941"}],"version-history":[{"count":0,"href":"https:\/\/noticiasveracruz.com\/index.php\/wp-json\/wp\/v2\/posts\/16941\/revisions"}],"wp:featuredmedia":[{"embeddable":true,"href":"https:\/\/noticiasveracruz.com\/index.php\/wp-json\/wp\/v2\/media\/3578"}],"wp:attachment":[{"href":"https:\/\/noticiasveracruz.com\/index.php\/wp-json\/wp\/v2\/media?parent=16941"}],"wp:term":[{"taxonomy":"category","embeddable":true,"href":"https:\/\/noticiasveracruz.com\/index.php\/wp-json\/wp\/v2\/categories?post=16941"},{"taxonomy":"post_tag","embeddable":true,"href":"https:\/\/noticiasveracruz.com\/index.php\/wp-json\/wp\/v2\/tags?post=16941"}],"curies":[{"name":"wp","href":"https:\/\/api.w.org\/{rel}","templated":true}]}}