{"id":16937,"date":"2023-06-28T07:44:48","date_gmt":"2023-06-28T12:44:48","guid":{"rendered":"https:\/\/noticiasveracruz.com\/?p=16937"},"modified":"2023-06-28T07:44:58","modified_gmt":"2023-06-28T12:44:58","slug":"la-unidad-de-las-alianzas-en-peligro","status":"publish","type":"post","link":"https:\/\/noticiasveracruz.com\/index.php\/2023\/06\/28\/la-unidad-de-las-alianzas-en-peligro\/","title":{"rendered":"La unidad de las alianzas en peligro"},"content":{"rendered":"<p>&nbsp;<\/p>\n<p class=\"p1\"><span style=\"font-size: 18pt;\"><b>Por \u00c1ngel \u00c1lvaro Pe\u00f1a<\/b><\/span><\/p>\n<p class=\"p1\"><span style=\"font-size: 14pt;\">Las repercusiones de un m\u00e9todo que deja mucho que desear se vio reflejado en el retiro del <em>Consejo Electoral Ciudadano<\/em>, conformado por ex consejeros electorales y ex ministros del tribunal electoral, quienes argumentaron que se alter\u00f3 el acuerdo original de asesorar un movimiento social y no partidos pol\u00edticos.<\/span><\/p>\n<p class=\"p1\"><span style=\"font-size: 18pt;\"><strong>Pero no s\u00f3lo fue el cambio de condiciones que finalmente conduc\u00eda a la alianza electoral <em>Va por M\u00e9xico<\/em>, sino que las cr\u00edticas de la poblaci\u00f3n hacia los integrantes de <em>Consejo Electoral Ciudadano<\/em> se multiplicaron, porque fueron, en su momento, personas que debieron ser imparciales no s\u00f3lo en los momentos en los que desempe\u00f1aban un papel dentro de la autoridad electoral sino en la vida privada; sin embargo, m\u00e1s de uno a\u00fan dentro de sus funciones, se lanz\u00f3 al ruedo de los medios y les dio por impartir c\u00e1tedra de democracia, presentar libros, asesorar candidatos, lo cual impidi\u00f3 de manera importante su permanencia en <i>Va por M\u00e9xico<\/i>.<\/strong><\/span><\/p>\n<p class=\"p1\"><span style=\"font-size: 14pt;\">El alejamiento de una \u00e9lite de personajes que ten\u00edan en el pasado la autoridad electoral en sus manos deteriora la solidez que deb\u00eda tener la reci\u00e9n renovada alianza opositora que deber\u00e1 aprender de sus errores para ser competitivo. La prueba de fuego de esos tres partidos ser\u00e1 lanzar un candidato con el que est\u00e9n de acuerdos todos, es decir, las c\u00fapulas de los partidos, la militancia y los simpatizantes.<\/span><\/p>\n<p>&nbsp;<\/p>\n<p><img loading=\"lazy\" decoding=\"async\" class=\"aligncenter wp-image-21575 size-large\" src=\"https:\/\/politicosaldesnudo.com.mx\/wp-content\/uploads\/2023\/06\/P-FRENTE-AMPLIO-2-1024x573.png\" alt=\"\" width=\"800\" height=\"448\" \/><\/p>\n<p>&nbsp;<\/p>\n<p class=\"p1\"><span style=\"font-size: 18pt;\"><strong>Aqu\u00ed se observa, al igual que la coalici\u00f3n electoral que encabeza Morena, la necesidad de la unidad. En ambos lados es fr\u00e1gil la cohesi\u00f3n, y menos a\u00fan el apoyo generalizado a una figura ganadora de la candidatura. En ambos casos, se anuncia, desde ahora, un voto de castigo que puede da\u00f1ar, de manera importante, pero que poca merma har\u00e1 si se mantiene la unidad. Es decir, si en la alianza opositora no le gana el protagonismo y alguno prefiere competir s\u00f3lo por su partido.<\/strong><\/span><\/p>\n<p class=\"p1\"><span style=\"font-size: 14pt;\">En Morena es igual, porque el protagonismo pol\u00edtico es una enfermedad incurable, que no respeta colores, porque si alguna de las corcholatas se mueve, da\u00f1a al partido en el poder y si bien puede no ganar la elecci\u00f3n de 2024, le impedir\u00e1 a Morena ganar, con holgura, las elecciones, o bien tener espacios importantes en el Poder Legislativo.<\/span><\/p>\n<p class=\"p1\"><span style=\"font-size: 18pt;\"><strong>La salida de los ex consejeros y magistrados, anuncia un deterioro interior en la alianza opositora, pero tambi\u00e9n en Morena hace agua la unidad, porque desde ahora hay inconformidades que pueden forzar a alguno de sus miembros a apuntarse en otro partido.<\/strong><\/span><\/p>\n<p class=\"p1\"><span style=\"font-size: 18pt; color: #139eca;\"><strong>Algunos de los morenistas inconformes han exigido piso parejo, debates, l\u00edmite de campa\u00f1as, ampliaci\u00f3n de medios para dar a conocer sus ideas, etc. Muestra de que no est\u00e1n completamente de acuerdo con las reglas que ellos mismos firmaron.<\/strong><\/span><\/p>\n<p class=\"p1\"><span style=\"font-size: 14pt;\">En el desarrollo de los 72 d\u00edas para conocer las necesidades de la poblaci\u00f3n se ver\u00e1 qui\u00e9n visita el M\u00e9xico profundo y quien se queda en las ciudades sin ensuciarse los zapatos, en el caso de Morena. En cuanto a la oposici\u00f3n deber\u00e1n debatir entre las c\u00fapulas, el nombre de la persona que los represente, y esto le da ventaja a Morena en cuanto a la penetraci\u00f3n dentro de la sociedad que en este momento realizan sus precandidatos.<\/span><\/p>\n<p class=\"p1\"><span style=\"font-size: 18pt;\"><strong>Pero el peligro de ambos lados no est\u00e1 en el conocimiento del pa\u00eds sino en la unidad. Porque entre ellos, hay un partido que puede capitalizar la divisi\u00f3n y quedarse con un buen candidato, que es Movimiento Ciudadano, que no es de izquierda ni de derecha sino todo lo contrario, que observa y calla, pero act\u00faa, por debajo del agua, con negociaciones en ambos lados de la pol\u00edtica partidista del pa\u00eds.<\/strong><\/span><\/p>\n<p>&nbsp;<\/p>\n<p class=\"p1\"><span style=\"font-size: 18pt; color: #e42d33;\"><strong>PEGA Y CORRE<\/strong><\/span><\/p>\n<p class=\"p1\"><span style=\"font-size: 14pt;\">Uno de los precandidatos de la alianza encabezada por Morena, Manuel Velasco Coello, propone mando \u00fanico para combatir la inseguridad del pa\u00eds. Una experiencia que ha tenido logros importantes en algunos estados y que deber\u00e1 probarse a nivel nacional ante los intentos fallidos de la estrategia actual.<\/span><\/p>\n<p>&nbsp;<\/p>\n<p><em><span style=\"font-size: 18pt;\"><strong>Esta columna se publica los lunes, mi\u00e9rcoles y viernes<\/strong><\/span><\/em><\/p>\n<p>&nbsp;<\/p>\n<hr \/>\n<p>&nbsp;<\/p>\n<p><img loading=\"lazy\" decoding=\"async\" class=\"aligncenter wp-image-11449\" src=\"http:\/\/noticiasveracruz.com\/wp-content\/uploads\/2023\/01\/FIRMA-EDITORIAL-NV-300x37.png\" alt=\"\" width=\"1000\" height=\"122\" srcset=\"https:\/\/noticiasveracruz.com\/wp-content\/uploads\/2023\/01\/FIRMA-EDITORIAL-NV-300x37.png 300w, https:\/\/noticiasveracruz.com\/wp-content\/uploads\/2023\/01\/FIRMA-EDITORIAL-NV-1024x125.png 1024w, https:\/\/noticiasveracruz.com\/wp-content\/uploads\/2023\/01\/FIRMA-EDITORIAL-NV-768x94.png 768w, https:\/\/noticiasveracruz.com\/wp-content\/uploads\/2023\/01\/FIRMA-EDITORIAL-NV-1536x188.png 1536w, https:\/\/noticiasveracruz.com\/wp-content\/uploads\/2023\/01\/FIRMA-EDITORIAL-NV-2048x250.png 2048w\" sizes=\"auto, (max-width: 1000px) 100vw, 1000px\" \/><\/p>\n<p>&nbsp;<\/p>\n<p>&nbsp;<\/p>\n<p>&nbsp;<\/p>\n<p>&nbsp;<\/p>\n","protected":false},"excerpt":{"rendered":"<p>&nbsp; Por \u00c1ngel \u00c1lvaro Pe\u00f1a Las repercusiones de un m\u00e9todo que deja mucho que desear se vio reflejado en el<\/p>\n","protected":false},"author":4,"featured_media":3187,"comment_status":"closed","ping_status":"closed","sticky":false,"template":"","format":"standard","meta":{"colormag_page_container_layout":"default_layout","colormag_page_sidebar_layout":"default_layout","_jetpack_memberships_contains_paid_content":false,"footnotes":"","jetpack_publicize_message":"","jetpack_publicize_feature_enabled":true,"jetpack_social_post_already_shared":true,"jetpack_social_options":{"image_generator_settings":{"template":"highway","default_image_id":0,"font":"","enabled":false},"version":2}},"categories":[6],"tags":[2757,84,213],"class_list":["post-16937","post","type-post","status-publish","format-standard","has-post-thumbnail","hentry","category-columnistas","tag-consejo-electoral-ciudadano","tag-morena","tag-va-por-mexico"],"jetpack_publicize_connections":[],"jetpack_featured_media_url":"https:\/\/noticiasveracruz.com\/wp-content\/uploads\/2022\/04\/A\u0301NGEL-A\u0301LVARO-PEN\u0303A.png","jetpack_sharing_enabled":true,"publishpress_future_action":{"enabled":false,"date":"2026-05-07 03:47:36","action":"change-status","newStatus":"draft","terms":[],"taxonomy":"category","extraData":[]},"publishpress_future_workflow_manual_trigger":{"enabledWorkflows":[]},"_links":{"self":[{"href":"https:\/\/noticiasveracruz.com\/index.php\/wp-json\/wp\/v2\/posts\/16937","targetHints":{"allow":["GET"]}}],"collection":[{"href":"https:\/\/noticiasveracruz.com\/index.php\/wp-json\/wp\/v2\/posts"}],"about":[{"href":"https:\/\/noticiasveracruz.com\/index.php\/wp-json\/wp\/v2\/types\/post"}],"author":[{"embeddable":true,"href":"https:\/\/noticiasveracruz.com\/index.php\/wp-json\/wp\/v2\/users\/4"}],"replies":[{"embeddable":true,"href":"https:\/\/noticiasveracruz.com\/index.php\/wp-json\/wp\/v2\/comments?post=16937"}],"version-history":[{"count":0,"href":"https:\/\/noticiasveracruz.com\/index.php\/wp-json\/wp\/v2\/posts\/16937\/revisions"}],"wp:featuredmedia":[{"embeddable":true,"href":"https:\/\/noticiasveracruz.com\/index.php\/wp-json\/wp\/v2\/media\/3187"}],"wp:attachment":[{"href":"https:\/\/noticiasveracruz.com\/index.php\/wp-json\/wp\/v2\/media?parent=16937"}],"wp:term":[{"taxonomy":"category","embeddable":true,"href":"https:\/\/noticiasveracruz.com\/index.php\/wp-json\/wp\/v2\/categories?post=16937"},{"taxonomy":"post_tag","embeddable":true,"href":"https:\/\/noticiasveracruz.com\/index.php\/wp-json\/wp\/v2\/tags?post=16937"}],"curies":[{"name":"wp","href":"https:\/\/api.w.org\/{rel}","templated":true}]}}