{"id":16930,"date":"2023-06-27T12:34:05","date_gmt":"2023-06-27T17:34:05","guid":{"rendered":"https:\/\/noticiasveracruz.com\/?p=16930"},"modified":"2023-06-27T12:36:26","modified_gmt":"2023-06-27T17:36:26","slug":"incorpora-sectur-a-45-nuevas-localidades-como-pueblos-magicos-2023","status":"publish","type":"post","link":"https:\/\/noticiasveracruz.com\/index.php\/2023\/06\/27\/incorpora-sectur-a-45-nuevas-localidades-como-pueblos-magicos-2023\/","title":{"rendered":"Incorpora Sectur a 45 nuevas localidades como \u201cPueblos M\u00e1gicos 2023\u201d"},"content":{"rendered":"<p>&nbsp;<\/p>\n<p class=\"p1\"><span style=\"font-size: 14pt;\"><em><strong>CIUDAD DE M\u00c9XICO.<\/strong> <\/em>Acompa\u00f1ado del presidente de la Asociaci\u00f3n de Secretarios de Turismo (Asetur), y secretario de Turismo de Nayarit, Juan Enrique Su\u00e1rez del Real Tostado, el titular de la Secretar\u00eda de Turismo (Sectur) destac\u00f3 que <strong>M\u00e9xico ahora cuenta con 177 Pueblos M\u00e1gicos<\/strong>, destinos que, por sus caracter\u00edsticas de naturaleza, vida comunitaria, costumbres y tradiciones, son preferidos por visitantes nacionales y extranjeros de todo el mundo.<\/span><\/p>\n<p class=\"p1\"><span style=\"font-size: 18pt;\"><strong>Miguel Torruco Marqu\u00e9s, secretario de Turismo, indic\u00f3 que en la \u201cConvocatoria para el Nombramiento de Pueblos M\u00e1gicos, 2023\u201d, vigente del 8 de mayo al 2 de junio, se recibieron 123 solicitudes de 27 estados, de las cuales, 87 contaban con expediente completo, y 45 cumplieron con los requisitos, es decir 37% del total.<\/strong><\/span><\/p>\n<p>&nbsp;<\/p>\n<blockquote>\n<p class=\"p1\"><span style=\"font-size: 14pt;\">Este es un d\u00eda muy significativo para la actividad tur\u00edstica de M\u00e9xico, porque nuevos Pueblos M\u00e1gicos se incorporan a nuestra vasta oferta tur\u00edstica, ampli\u00e1ndola y diversific\u00e1ndola. Con su riqueza natural, cultural y gastron\u00f3mica, ser\u00e1n desde hoy importantes motivadores de viaje, que atraer\u00e1n mayores flujos tur\u00edsticos y, en consecuencia, incrementar\u00e1n la derrama econ\u00f3mica, la inversi\u00f3n y el empleo, en beneficio de nuestras poblaciones locales\u201d, Miguel Torruco Marqu\u00e9s.<\/span><\/p>\n<\/blockquote>\n<p>&nbsp;<\/p>\n<p><img loading=\"lazy\" decoding=\"async\" class=\"aligncenter wp-image-21564 size-large\" src=\"https:\/\/politicosaldesnudo.com.mx\/wp-content\/uploads\/2023\/06\/P-PUEBLOS-MAGICOS-2023-2-1024x573.png\" alt=\"\" width=\"800\" height=\"448\" \/><\/p>\n<p>&nbsp;<\/p>\n<p class=\"p1\"><span style=\"font-size: 14pt;\">Miguel Torruco Marqu\u00e9s detall\u00f3 que el novedoso programa Pueblos M\u00e1gicos naci\u00f3 hace casi 22 a\u00f1os, a iniciativa de la entonces secretaria de Turismo, Leticia Navarro, con el prop\u00f3sito de ampliar el abanico de alternativas tur\u00edsticas, adem\u00e1s de mostrar los atributos hist\u00f3rico-culturales de estos peculiares sitios.<\/span><\/p>\n<p class=\"p1\"><span style=\"font-size: 18pt;\"><strong>Record\u00f3 que se dieron de baja dos: Mexcaltit\u00e1n, Nayarit, y San Miguel de Allende, Guanajuato, este \u00faltimo porque fue designado ciudad Patrimonio de la Humanidad por la Unesco; de manera que quedaban 121 nombramientos.<\/strong><\/span><\/p>\n<p>&nbsp;<\/p>\n<blockquote>\n<p class=\"p1\"><span style=\"font-size: 14pt;\">En la presente administraci\u00f3n, hasta el d\u00eda de ayer, se hab\u00edan otorgado 11 nombramientos, entre ellos, nuevamente Mexcaltit\u00e1n, que actualmente est\u00e1 totalmente renovado, con lo cual llegamos a 132 Pueblos M\u00e1gicos. En virtud del inter\u00e9s de autoridades estatales y municipales, as\u00ed como del sector privado, decidimos integrar a otras localidades que mucho tienen por ofrecer al turismo, y cuentan con las cualidades suficientes para hacerse acreedoras a este importante distintivo, s\u00edmbolo de identidad\u201d<\/span><\/p>\n<\/blockquote>\n<p>&nbsp;<\/p>\n<hr \/>\n<p>&nbsp;<\/p>\n<p class=\"p1\" style=\"text-align: center;\"><span style=\"font-size: 24pt; color: #e42d33;\"><strong>LOS NUEVOS PUEBLOS M\u00c1GICOS <\/strong><\/span><\/p>\n<p class=\"p1\" style=\"text-align: center;\"><span style=\"font-size: 18pt;\"><em><strong>Aguascalientes<\/strong><\/em><\/span><\/p>\n<p style=\"text-align: center;\"><span style=\"font-size: 14pt;\">Pabell\u00f3n de Hidalgo<\/span><\/p>\n<hr \/>\n<p class=\"p1\" style=\"text-align: center;\"><span style=\"font-size: 18pt;\"><em><strong>Baja California Sur<\/strong><\/em><\/span><\/p>\n<p style=\"text-align: center;\"><span style=\"font-size: 14pt;\">Santa Rosal\u00eda<\/span><\/p>\n<hr \/>\n<p class=\"p1\" style=\"text-align: center;\"><span style=\"font-size: 18pt;\"><em><strong>Campeche<\/strong><\/em><\/span><\/p>\n<p style=\"text-align: center;\"><span style=\"font-size: 14pt;\">Candelaria<\/span><\/p>\n<hr \/>\n<p class=\"p1\" style=\"text-align: center;\"><span style=\"font-size: 18pt;\"><em><strong>Chiapas<\/strong><\/em><\/span><\/p>\n<p style=\"text-align: center;\"><span style=\"font-size: 14pt;\">Copainal\u00e1<\/span><\/p>\n<p style=\"text-align: center;\"><span style=\"font-size: 14pt;\">Ocozocoautla de Espinosa<\/span><\/p>\n<hr \/>\n<p class=\"p1\" style=\"text-align: center;\"><span style=\"font-size: 18pt;\"><em><strong>Chihuahua<\/strong><\/em><\/span><\/p>\n<p style=\"text-align: center;\"><span style=\"font-size: 14pt;\">Guachochi<\/span><\/p>\n<p style=\"text-align: center;\"><span style=\"font-size: 14pt;\">Hidalgo del Parral<\/span><\/p>\n<hr \/>\n<p class=\"p1\" style=\"text-align: center;\"><span style=\"font-size: 18pt;\"><em><strong>Coahuila<\/strong><\/em><\/span><\/p>\n<p style=\"text-align: center;\"><span style=\"font-size: 14pt;\">General Cepeda<\/span><\/p>\n<hr \/>\n<p class=\"p1\" style=\"text-align: center;\"><span style=\"font-size: 18pt;\"><em><strong>Estado de M\u00e9xico<\/strong><\/em><\/span><\/p>\n<p style=\"text-align: center;\"><span style=\"font-size: 14pt;\">Jilotepec<\/span><\/p>\n<p style=\"text-align: center;\"><span style=\"font-size: 14pt;\">Otumba<\/span><\/p>\n<hr \/>\n<p class=\"p1\" style=\"text-align: center;\"><span style=\"font-size: 18pt;\"><em><strong>Guerrero<\/strong><\/em><\/span><\/p>\n<p style=\"text-align: center;\"><span style=\"font-size: 14pt;\">Ixcateopan de Cuauht\u00e9moc<\/span><\/p>\n<p style=\"text-align: center;\"><span style=\"font-size: 14pt;\">Zihuatanejo<\/span><\/p>\n<hr \/>\n<p class=\"p1\" style=\"text-align: center;\"><span style=\"font-size: 18pt;\"><em><strong>Hidalgo<\/strong><\/em><\/span><\/p>\n<p style=\"text-align: center;\"><span style=\"font-size: 14pt;\">Acaxochitl\u00e1n<\/span><\/p>\n<p style=\"text-align: center;\"><span style=\"font-size: 14pt;\">Metztitl\u00e1n<\/span><\/p>\n<hr \/>\n<p class=\"p1\" style=\"text-align: center;\"><span style=\"font-size: 18pt;\"><em><strong>Jalisco<\/strong><\/em><\/span><\/p>\n<p style=\"text-align: center;\"><span style=\"font-size: 14pt;\">Cocula<\/span><\/p>\n<p style=\"text-align: center;\"><span style=\"font-size: 14pt;\">Sayula<\/span><\/p>\n<p style=\"text-align: center;\"><span style=\"font-size: 14pt;\">Temacapul\u00edn<\/span><\/p>\n<hr \/>\n<p class=\"p1\" style=\"text-align: center;\"><span style=\"font-size: 18pt;\"><em><strong>Michoac\u00e1n<\/strong><\/em><\/span><\/p>\n<p style=\"text-align: center;\"><span style=\"font-size: 14pt;\">Cotija<\/span><\/p>\n<hr \/>\n<p class=\"p1\" style=\"text-align: center;\"><span style=\"font-size: 18pt;\"><em><strong>Morelos<\/strong><\/em><\/span><\/p>\n<p style=\"text-align: center;\"><span style=\"font-size: 14pt;\">Tlaltizap\u00e1n de Zapata<\/span><\/p>\n<p style=\"text-align: center;\"><span style=\"font-size: 14pt;\">Xochitepec<\/span><\/p>\n<hr \/>\n<p class=\"p1\" style=\"text-align: center;\"><span style=\"font-size: 18pt;\"><em><strong>Nayarit<\/strong><\/em><\/span><\/p>\n<p style=\"text-align: center;\"><span style=\"font-size: 14pt;\">Ahuacatl\u00e1n<\/span><\/p>\n<p style=\"text-align: center;\"><span style=\"font-size: 14pt;\">Amatl\u00e1n de Ca\u00f1as<\/span><\/p>\n<p style=\"text-align: center;\"><span style=\"font-size: 14pt;\">Ixtl\u00e1n del\u00a0R\u00edo<\/span><\/p>\n<p style=\"text-align: center;\"><span style=\"font-size: 14pt;\">San Blas<\/span><\/p>\n<p style=\"text-align: center;\"><span style=\"font-size: 14pt;\">Puerto Balleto (Islas Mar\u00edas)<\/span><\/p>\n<hr \/>\n<p class=\"p1\" style=\"text-align: center;\"><span style=\"font-size: 18pt;\"><em><strong>Nuevo Le\u00f3n<\/strong><\/em><\/span><\/p>\n<p style=\"text-align: center;\"><span style=\"font-size: 14pt;\">General Ter\u00e1n<\/span><\/p>\n<p style=\"text-align: center;\"><span style=\"font-size: 14pt;\">General Zaragoza<\/span><\/p>\n<hr \/>\n<p class=\"p1\" style=\"text-align: center;\"><span style=\"font-size: 18pt;\"><em><strong>Puebla<\/strong><\/em><\/span><\/p>\n<p style=\"text-align: center;\"><span style=\"font-size: 14pt;\">Huejotzingo<\/span><\/p>\n<p style=\"text-align: center;\"><span style=\"font-size: 14pt;\">Teziutl\u00e1n<\/span><\/p>\n<hr \/>\n<p class=\"p1\" style=\"text-align: center;\"><span style=\"font-size: 18pt;\"><strong><em>Quer\u00e9taro<\/em><\/strong><\/span><\/p>\n<p style=\"text-align: center;\"><span style=\"font-size: 14pt;\">Pinal de Amoles<\/span><\/p>\n<hr \/>\n<p class=\"p1\" style=\"text-align: center;\"><span style=\"font-size: 18pt;\"><em><strong>Quintana Roo<\/strong><\/em><\/span><\/p>\n<p style=\"text-align: center;\"><span style=\"font-size: 14pt;\">Cozumel<\/span><\/p>\n<hr \/>\n<p class=\"p1\" style=\"text-align: center;\"><span style=\"font-size: 18pt;\"><em><strong>San Luis Potos\u00ed<\/strong><\/em><\/span><\/p>\n<p style=\"text-align: center;\"><span style=\"font-size: 14pt;\">Ciudad del Ma\u00edz<\/span><\/p>\n<p style=\"text-align: center;\"><span style=\"font-size: 14pt;\">Tierra Nueva<\/span><\/p>\n<hr \/>\n<p class=\"p1\" style=\"text-align: center;\"><span style=\"font-size: 18pt;\"><em><strong>Sinaloa<\/strong><\/em><\/span><\/p>\n<p style=\"text-align: center;\"><span style=\"font-size: 14pt;\">San Ignacio<\/span><\/p>\n<hr \/>\n<p class=\"p1\" style=\"text-align: center;\"><span style=\"font-size: 18pt;\"><em><strong>Sonora<\/strong><\/em><\/span><\/p>\n<p style=\"text-align: center;\"><span style=\"font-size: 14pt;\">San Carlos<\/span><\/p>\n<p style=\"text-align: center;\"><span style=\"font-size: 14pt;\">Ures<\/span><\/p>\n<hr \/>\n<p class=\"p1\" style=\"text-align: center;\"><span style=\"font-size: 18pt;\"><em><strong>Tabasco<\/strong><\/em><\/span><\/p>\n<p style=\"text-align: center;\"><span style=\"font-size: 14pt;\">Frontera<\/span><\/p>\n<p style=\"text-align: center;\"><span style=\"font-size: 14pt;\">Teapa<\/span><\/p>\n<hr \/>\n<p class=\"p1\" style=\"text-align: center;\"><span style=\"font-size: 18pt;\"><em><strong>Tlaxcala<\/strong><\/em><\/span><\/p>\n<p style=\"text-align: center;\"><span style=\"font-size: 14pt;\">Ixtenco<\/span><\/p>\n<hr \/>\n<p class=\"p1\" style=\"text-align: center;\"><span style=\"font-size: 18pt;\"><em><strong>Veracruz<\/strong><\/em><\/span><\/p>\n<p style=\"text-align: center;\"><span style=\"font-size: 14pt;\">C\u00f3rdoba<\/span><\/p>\n<p style=\"text-align: center;\"><span style=\"font-size: 14pt;\">Naolinco de Victoria<\/span><\/p>\n<hr \/>\n<p class=\"p1\" style=\"text-align: center;\"><span style=\"font-size: 18pt;\"><em><strong>Yucat\u00e1n<\/strong><\/em><\/span><\/p>\n<p style=\"text-align: center;\"><span style=\"font-size: 14pt;\">Espita<\/span><\/p>\n<p style=\"text-align: center;\"><span style=\"font-size: 14pt;\">Motul<\/span><\/p>\n<p style=\"text-align: center;\"><span style=\"font-size: 14pt;\">Tekax<\/span><\/p>\n<hr \/>\n<p class=\"p1\" style=\"text-align: center;\"><span style=\"font-size: 18pt;\"><em><strong>Zacatecas<\/strong><\/em><\/span><\/p>\n<p style=\"text-align: center;\"><span style=\"font-size: 14pt;\">Villa Nueva\u00a0<\/span><\/p>\n<p>&nbsp;<\/p>\n<hr \/>\n<p>&nbsp;<\/p>\n<p>&nbsp;<\/p>\n<p><img loading=\"lazy\" decoding=\"async\" class=\"aligncenter wp-image-21565 size-large\" src=\"https:\/\/politicosaldesnudo.com.mx\/wp-content\/uploads\/2023\/06\/P-PUEBLOS-MAGICOS-2023-3-1024x573.png\" alt=\"\" width=\"800\" height=\"448\" \/><\/p>\n<p>&nbsp;<\/p>\n<p class=\"p1\"><span style=\"font-size: 18pt; color: #e42d33;\"><strong>CRECIMIENTO ECON\u00d3MICO <\/strong><\/span><\/p>\n<p class=\"p1\"><span style=\"font-size: 18pt;\"><strong>El secretario de Turismo, Miguel Torruco, asever\u00f3 que la marca \u201cPueblos M\u00e1gicos\u201d, implica un incremento anual del 8% del Valor Agregado Censal Bruto del destino acreedor del nombramiento. Aunado a ello, Sectur seguir\u00e1 impulsando a estos singulares destinos, a trav\u00e9s de la iniciativa \u201cRutas M\u00e1gicas de Color\u201d, para mejorar su imagen urbana con la pinta de fachadas de viviendas y murales art\u00edsticos en espacios p\u00fablicos.<\/strong><\/span><\/p>\n<p class=\"p1\"><span style=\"font-size: 14pt;\">Adem\u00e1s, enfatiz\u00f3 que se redoblar\u00e1n esfuerzos para promover su patrimonio tur\u00edstico a trav\u00e9s del Tianguis Internacional de Pueblos M\u00e1gicos, cuya segunda edici\u00f3n, del 21 al 24 de septiembre, ser\u00e1 en Los \u00c1ngeles, California; y el Tianguis de Pueblos M\u00e1gicos, que celebrar\u00e1 su 5\u00aa edici\u00f3n del 22 al 25 de noviembre, en Pachuca, Hidalgo; junto con el tradicional Tianguis Tur\u00edstico M\u00e9xico, que realizar\u00e1 la 48 edici\u00f3n en su sede permanente bienal: Acapulco, Guerrero, del 11 al 15 de marzo del 2024.<\/span><\/p>\n<p>&nbsp;<\/p>\n<blockquote>\n<p class=\"p1\"><span style=\"font-size: 14pt;\">Felicito a las y los gobernadores de los estados que obtuvieron un dictamen favorable para hacerse acreedores a nuevos Pueblos M\u00e1gicos. Felicito tambi\u00e9n, a las y los secretarios de Turismo y alcaldes, por dichas designaciones, que estoy seguro, har\u00e1n de estos destinos, \u2018focos\u2019 de atracci\u00f3n tur\u00edstica\u201d, concluy\u00f3 Torruco Marqu\u00e9s.<\/span><\/p>\n<\/blockquote>\n<p>&nbsp;<\/p>\n<p>&nbsp;<\/p>\n<p>&nbsp;<\/p>\n","protected":false},"excerpt":{"rendered":"<p>&nbsp; CIUDAD DE M\u00c9XICO. Acompa\u00f1ado del presidente de la Asociaci\u00f3n de Secretarios de Turismo (Asetur), y secretario de Turismo de<\/p>\n","protected":false},"author":4,"featured_media":16931,"comment_status":"closed","ping_status":"closed","sticky":false,"template":"","format":"standard","meta":{"colormag_page_container_layout":"default_layout","colormag_page_sidebar_layout":"default_layout","_jetpack_memberships_contains_paid_content":false,"footnotes":"","jetpack_publicize_message":"","jetpack_publicize_feature_enabled":true,"jetpack_social_post_already_shared":true,"jetpack_social_options":{"image_generator_settings":{"template":"highway","default_image_id":0,"font":"","enabled":false},"version":2}},"categories":[145],"tags":[2133,2755,185,205],"class_list":["post-16930","post","type-post","status-publish","format-standard","has-post-thumbnail","hentry","category-estados","tag-miguel-torruco","tag-pueblos-magicos","tag-sectur","tag-turismo"],"jetpack_publicize_connections":[],"jetpack_featured_media_url":"https:\/\/noticiasveracruz.com\/wp-content\/uploads\/2023\/06\/P-PUEBLOS-MAGICOS-2023-1.png","jetpack_sharing_enabled":true,"publishpress_future_action":{"enabled":false,"date":"2026-05-08 03:04:12","action":"change-status","newStatus":"draft","terms":[],"taxonomy":"category","extraData":[]},"publishpress_future_workflow_manual_trigger":{"enabledWorkflows":[]},"_links":{"self":[{"href":"https:\/\/noticiasveracruz.com\/index.php\/wp-json\/wp\/v2\/posts\/16930","targetHints":{"allow":["GET"]}}],"collection":[{"href":"https:\/\/noticiasveracruz.com\/index.php\/wp-json\/wp\/v2\/posts"}],"about":[{"href":"https:\/\/noticiasveracruz.com\/index.php\/wp-json\/wp\/v2\/types\/post"}],"author":[{"embeddable":true,"href":"https:\/\/noticiasveracruz.com\/index.php\/wp-json\/wp\/v2\/users\/4"}],"replies":[{"embeddable":true,"href":"https:\/\/noticiasveracruz.com\/index.php\/wp-json\/wp\/v2\/comments?post=16930"}],"version-history":[{"count":0,"href":"https:\/\/noticiasveracruz.com\/index.php\/wp-json\/wp\/v2\/posts\/16930\/revisions"}],"wp:featuredmedia":[{"embeddable":true,"href":"https:\/\/noticiasveracruz.com\/index.php\/wp-json\/wp\/v2\/media\/16931"}],"wp:attachment":[{"href":"https:\/\/noticiasveracruz.com\/index.php\/wp-json\/wp\/v2\/media?parent=16930"}],"wp:term":[{"taxonomy":"category","embeddable":true,"href":"https:\/\/noticiasveracruz.com\/index.php\/wp-json\/wp\/v2\/categories?post=16930"},{"taxonomy":"post_tag","embeddable":true,"href":"https:\/\/noticiasveracruz.com\/index.php\/wp-json\/wp\/v2\/tags?post=16930"}],"curies":[{"name":"wp","href":"https:\/\/api.w.org\/{rel}","templated":true}]}}