{"id":16696,"date":"2023-06-21T05:00:31","date_gmt":"2023-06-21T10:00:31","guid":{"rendered":"https:\/\/noticiasveracruz.com\/?p=16696"},"modified":"2023-06-21T08:12:41","modified_gmt":"2023-06-21T13:12:41","slug":"veracruz-estado-de-indefension","status":"publish","type":"post","link":"https:\/\/noticiasveracruz.com\/index.php\/2023\/06\/21\/veracruz-estado-de-indefension\/","title":{"rendered":"Veracruz, estado de indefensi\u00f3n"},"content":{"rendered":"<p>&nbsp;<\/p>\n<p class=\"p1\"><span style=\"font-size: 18pt;\"><strong>Por Aurelio Contreras Moreno<\/strong><\/span><\/p>\n<p class=\"p1\"><span style=\"font-size: 14pt;\">El caso de la detenci\u00f3n de la jueza Ang\u00e9lica S\u00e1nchez Hern\u00e1ndez es tan escandaloso, que ha escalado hasta la misma Presidencia de la Rep\u00fablica ante la ola de indignaci\u00f3n que ha provocado en el \u00e1mbito jur\u00eddico del pa\u00eds por lo que, a todas luces, es un brutal abuso de poder del gobierno de Cuitl\u00e1huac Garc\u00eda Jim\u00e9nez.<\/span><\/p>\n<p class=\"p1\"><span style=\"font-size: 14pt;\">Claro. Con el peque\u00f1o detalle de que el presidente Andr\u00e9s Manuel L\u00f3pez Obrador sali\u00f3 por en\u00e9sima ocasi\u00f3n en defensa de las arbitrariedades que comente su \u201cbendici\u00f3n\u201d sin escr\u00fapulo alguno y que, alineado con su propia estrategia a nivel federal, tiene como objetivo desbaratar la independencia judicial para someter a jueces, magistrados y ministros, como muy claramente sucede en la entidad que Garc\u00eda Jim\u00e9nez mal gobierna.<\/span><\/p>\n<p class=\"p1\"><span style=\"font-size: 14pt;\">En dos ocasiones, la jueza Ang\u00e9lica S\u00e1nchez ha sido detenida de manera irregular, por no decir que francamente ilegal. La primera, tras acatar el amparo concedido a un presunto criminal \u2013que obtuvo ese beneficio de la justicia federal gracias al p\u00e9simo trabajo de la Fiscal\u00eda General del Estado de Veracruz en la integraci\u00f3n de la carpeta de investigaci\u00f3n-, y durante la cual fue evidente que se trataba de una revancha, pues no ten\u00edan ni siquiera un caso firme en su contra. Por ello, los polic\u00edas estatales le intentaron inventar delitos disparatados y hasta sembrar droga.<\/span><\/p>\n<p class=\"p1\"><span style=\"font-size: 14pt;\">En la segunda, fue detenida bajo argumentos absurdos, por delitos que ni siquiera ameritan prisi\u00f3n preventiva y por una autoridad que no ten\u00eda vela en el entierro, como la Guardia Nacional, que en lugar de perseguir criminales verdaderamente peligrosos \u2013pretexto con el cual fue creada y militarizada-, se ensa\u00f1a con una mujer que ya es casi adulta mayor.<\/span><\/p>\n<p class=\"p1\"><span style=\"font-size: 14pt;\">El mensaje del \u201cescarmiento\u201d a la jueza S\u00e1nchez Hern\u00e1ndez est\u00e1 dirigido a todos los impartidores de justicia: cuidadito y se creen eso de que \u201cla ley es la ley\u201d y que existe la independencia judicial. Y en Veracruz, literalmente, as\u00ed se los mandaron a decir.<\/span><\/p>\n<p class=\"p1\"><span style=\"font-size: 14pt;\">Un d\u00eda despu\u00e9s de la detenci\u00f3n de Ang\u00e9lica S\u00e1nchez, al menos 124 jueces de control de los 21 distritos judiciales del estado de Veracruz fueron citados a una reuni\u00f3n en una finca de Coatepec \u2013propiedad de Jos\u00e9 Alberto P\u00e9rez Fuentes, ex candidato del obradorista PES a la alcald\u00eda de Xalapa-, con la presidenta del Tribunal Superior de Justicia del Estado (TSJE), Lisbeth Aurelia Jim\u00e9nez Aguirre. La misma que le reclam\u00f3 a la jueza adscrita a Cosamaloapan que no le hubiese consultado si pod\u00eda acatar el amparo que provoc\u00f3 este marem\u00e1gnum.<\/span><\/p>\n<p class=\"p1\"><span style=\"font-size: 14pt;\">Asistentes a la reuni\u00f3n aseguran que recibieron un mensaje amenazante de parte del gobernador Cuitl\u00e1huac Garc\u00eda Jim\u00e9nez, quien de acuerdo con esto les habr\u00eda dicho que lo que le pas\u00f3 a Ang\u00e9lica S\u00e1nchez les podr\u00eda suceder a ellos tambi\u00e9n, y que en adelante primero deb\u00edan consultar con la presidenta del TSJE si pod\u00edan acatar los amparos otorgados por la justicia federal.<\/span><\/p>\n<p class=\"p1\"><span style=\"font-size: 14pt;\">Lo que esto representa, sin ambages, es el quebranto total del Estado de Derecho. Si un juez tiene que pedir permiso para hacer su trabajo, no hay impartici\u00f3n de justicia que valga. Y si encima se desacatan flagrantemente las decisiones del Poder Judicial federal, estamos ante un escenario de franco, primitivo y bananero autoritarismo que afecta a todos los ciudadanos, pues quedamos en estado de indefensi\u00f3n ante cualquier abuso que le d\u00e9 la gana cometer a las autoridades.<\/span><\/p>\n<p class=\"p1\"><span style=\"font-size: 14pt;\">No habr\u00e1 m\u00e1s ley que la suya. La que les brote de los intestinos. <\/span><\/p>\n<p>&nbsp;<\/p>\n<p class=\"p1\"><span style=\"font-size: 18pt; color: #e42d33;\"><strong>SOLIDARIDAD CON CLAUDIA<\/strong><\/span><\/p>\n<p class=\"p1\"><span style=\"font-size: 14pt;\">Sin cortapisas ni mezquindades, mi solidaridad con la compa\u00f1era Claudia Guerrero, quien sufre directamente los embates revanchistas de Cuitl\u00e1huac Garc\u00eda y su fiscal Ver\u00f3nica Hern\u00e1ndez Giad\u00e1ns.<\/span><\/p>\n<p class=\"p1\"><span style=\"font-size: 14pt;\">Como se mencion\u00f3 en este mismo espacio en la entrega del lunes, si se deja pasar un ataque a un periodista desde el poder, los siguientes seremos todos los dem\u00e1s. No hay que olvidar el sexenio de Javier Duarte. Fuera los autoritarios.<\/span><\/p>\n<p>&nbsp;<\/p>\n<hr \/>\n<p>&nbsp;<\/p>\n<p class=\"p1\"><span style=\"font-size: 18pt;\"><strong>Correo: <a href=\"mailto:aureliocontreras@gmail.com\">aureliocontreras@gmail.com<\/a><\/strong><\/span><\/p>\n<p class=\"p1\"><span style=\"font-size: 18pt;\"><strong>Twitter: <a href=\"http:\/\/www.twitter.com\/yeyocontreras\">@yeyocontreras<\/a><\/strong><\/span><\/p>\n<p>&nbsp;<\/p>\n<p><img loading=\"lazy\" decoding=\"async\" class=\"aligncenter wp-image-11449\" src=\"http:\/\/noticiasveracruz.com\/wp-content\/uploads\/2023\/01\/FIRMA-EDITORIAL-NV-300x37.png\" alt=\"\" width=\"1000\" height=\"122\" srcset=\"https:\/\/noticiasveracruz.com\/wp-content\/uploads\/2023\/01\/FIRMA-EDITORIAL-NV-300x37.png 300w, https:\/\/noticiasveracruz.com\/wp-content\/uploads\/2023\/01\/FIRMA-EDITORIAL-NV-1024x125.png 1024w, https:\/\/noticiasveracruz.com\/wp-content\/uploads\/2023\/01\/FIRMA-EDITORIAL-NV-768x94.png 768w, https:\/\/noticiasveracruz.com\/wp-content\/uploads\/2023\/01\/FIRMA-EDITORIAL-NV-1536x188.png 1536w, https:\/\/noticiasveracruz.com\/wp-content\/uploads\/2023\/01\/FIRMA-EDITORIAL-NV-2048x250.png 2048w\" sizes=\"auto, (max-width: 1000px) 100vw, 1000px\" \/><\/p>\n<p>&nbsp;<\/p>\n<p>&nbsp;<\/p>\n<p>&nbsp;<\/p>\n","protected":false},"excerpt":{"rendered":"<p>&nbsp; Por Aurelio Contreras Moreno El caso de la detenci\u00f3n de la jueza Ang\u00e9lica S\u00e1nchez Hern\u00e1ndez es tan escandaloso, que<\/p>\n","protected":false},"author":4,"featured_media":3578,"comment_status":"closed","ping_status":"closed","sticky":false,"template":"","format":"standard","meta":{"colormag_page_container_layout":"default_layout","colormag_page_sidebar_layout":"default_layout","_jetpack_memberships_contains_paid_content":false,"footnotes":"","jetpack_publicize_message":"","jetpack_publicize_feature_enabled":true,"jetpack_social_post_already_shared":true,"jetpack_social_options":{"image_generator_settings":{"template":"highway","default_image_id":0,"font":"","enabled":false},"version":2}},"categories":[6],"tags":[],"class_list":["post-16696","post","type-post","status-publish","format-standard","has-post-thumbnail","hentry","category-columnistas"],"jetpack_publicize_connections":[],"jetpack_featured_media_url":"https:\/\/noticiasveracruz.com\/wp-content\/uploads\/2022\/04\/P-AURELIO-CONTRERAS.png","jetpack_sharing_enabled":true,"publishpress_future_action":{"enabled":false,"date":"2026-05-08 04:33:41","action":"change-status","newStatus":"draft","terms":[],"taxonomy":"category","extraData":[]},"publishpress_future_workflow_manual_trigger":{"enabledWorkflows":[]},"_links":{"self":[{"href":"https:\/\/noticiasveracruz.com\/index.php\/wp-json\/wp\/v2\/posts\/16696","targetHints":{"allow":["GET"]}}],"collection":[{"href":"https:\/\/noticiasveracruz.com\/index.php\/wp-json\/wp\/v2\/posts"}],"about":[{"href":"https:\/\/noticiasveracruz.com\/index.php\/wp-json\/wp\/v2\/types\/post"}],"author":[{"embeddable":true,"href":"https:\/\/noticiasveracruz.com\/index.php\/wp-json\/wp\/v2\/users\/4"}],"replies":[{"embeddable":true,"href":"https:\/\/noticiasveracruz.com\/index.php\/wp-json\/wp\/v2\/comments?post=16696"}],"version-history":[{"count":0,"href":"https:\/\/noticiasveracruz.com\/index.php\/wp-json\/wp\/v2\/posts\/16696\/revisions"}],"wp:featuredmedia":[{"embeddable":true,"href":"https:\/\/noticiasveracruz.com\/index.php\/wp-json\/wp\/v2\/media\/3578"}],"wp:attachment":[{"href":"https:\/\/noticiasveracruz.com\/index.php\/wp-json\/wp\/v2\/media?parent=16696"}],"wp:term":[{"taxonomy":"category","embeddable":true,"href":"https:\/\/noticiasveracruz.com\/index.php\/wp-json\/wp\/v2\/categories?post=16696"},{"taxonomy":"post_tag","embeddable":true,"href":"https:\/\/noticiasveracruz.com\/index.php\/wp-json\/wp\/v2\/tags?post=16696"}],"curies":[{"name":"wp","href":"https:\/\/api.w.org\/{rel}","templated":true}]}}