{"id":16670,"date":"2023-06-20T05:21:09","date_gmt":"2023-06-20T10:21:09","guid":{"rendered":"https:\/\/noticiasveracruz.com\/?p=16670"},"modified":"2023-06-20T08:25:04","modified_gmt":"2023-06-20T13:25:04","slug":"el-pan-va-por-todo-o-nada-en-la-alianza","status":"publish","type":"post","link":"https:\/\/noticiasveracruz.com\/index.php\/2023\/06\/20\/el-pan-va-por-todo-o-nada-en-la-alianza\/","title":{"rendered":"El PAN va por todo o nada en la alianza"},"content":{"rendered":"<p class=\"p1\">\n<p>&nbsp;<\/p>\n<p class=\"p1\"><span style=\"font-size: 18pt;\"><strong>Por Jos\u00e9 Ure\u00f1a<\/strong><\/span><\/p>\n<p class=\"p1\"><span style=\"font-size: 14pt;\">Todos se confiesan amor. Marko Cort\u00e9s, Alejandro Moreno y Jes\u00fas Zambrano firman y confirman la decisi\u00f3n tripartidista de ir en alianza Va por M\u00e9xico de costa a costa y de frontera a frontera en 2024.<\/span><\/p>\n<p class=\"p1\"><span style=\"font-size: 14pt;\">Eso incluye, naturalmente, la b\u00fasqueda de la Presidencia de la Rep\u00fablica, el Senado, la C\u00e1mara de Diputados, las nueve gubernaturas y miles de diputaciones locales y alcald\u00edas.<\/span><\/p>\n<p class=\"p1\"><span style=\"font-size: 14pt;\">Pero los hechos no los respaldan.<\/span><\/p>\n<p class=\"p1\"><span style=\"font-size: 14pt;\">El punto de partida y dir\u00edase manzana de la discordia es X\u00f3chitl G\u00e1lvez, cuya primicia de ir por la candidatura presidencial aliancista la ley\u00f3 usted en este espacio.<\/span><\/p>\n<p class=\"p1\"><span style=\"font-size: 14pt;\">Tras acudir el lunes pasado a Palacio Nacional para hacer valer -y neg\u00e1rsele- su derecho de r\u00e9plica, mucha gente empez\u00f3 a verla como posible sucesora de su cr\u00edtico y falsario.<\/span><\/p>\n<p class=\"p1\"><span style=\"font-size: 14pt;\">Una semana ha bastado a la hidalguense para posicionarla como alternativa ante panistas, priistas, perredistas y potenciales prospectos de la sociedad civil, pero a la vez despertaron recelos.<\/span><\/p>\n<p class=\"p1\"><span style=\"font-size: 14pt;\">Deber\u00e1 hacer una campa\u00f1a muy s\u00f3lida a fin de ganar aliados e imponerse como lo hicieron Vicente Fox y Felipe Calder\u00f3n en 2000 y 2006 en el PAN.<\/span><\/p>\n<p>&nbsp;<\/p>\n<p class=\"p1\"><span style=\"font-size: 18pt; color: #e42d33;\"><strong>EL PAN HACE SU REPARTO<\/strong><\/span><\/p>\n<p class=\"p1\"><span style=\"font-size: 14pt;\">X\u00f3chitl G\u00e1lvez lo sinti\u00f3 meses atr\u00e1s. <\/span><span style=\"font-size: 14pt;\">Sin propon\u00e9rselo, su nombre figur\u00f3 entre prospectos para competir por la Ciudad de M\u00e9xico, pero donde menos eco encontr\u00f3 fue en la c\u00fapula panista presidida por Marko Cort\u00e9s.<\/span><\/p>\n<p class=\"p1\"><span style=\"font-size: 14pt;\">Lo confes\u00f3: <\/span><span style=\"font-size: 14pt;\">-No s\u00e9 si me dejen, pero yo tengo que luchar. Nada me ha sido f\u00e1cil. La candidatura tengo que ganarla y sumar apoyos no nada m\u00e1s de los partidos, sino de la poblaci\u00f3n en general.<\/span><\/p>\n<p class=\"p1\"><span style=\"font-size: 14pt;\">Hoy ha roto el esquema azul.<\/span><\/p>\n<p class=\"p1\"><span style=\"font-size: 14pt;\">Porque el reparto de posiciones parti\u00f3 del supuesto acuerdo, negado por PRI y PRD, mediante el cual el PAN es mano en la nominaci\u00f3n de candidatos a Presidente y a jefe de Gobierno.<\/span><\/p>\n<p class=\"p1\"><span style=\"font-size: 14pt;\">Como eso la \u00e9lite panista lo da por hecho, se ha repartido los principales cargos para el 2024: Santiago Creel de candidato presidencial, Marko Cort\u00e9s para l\u00edder senatorial, Jorge Romero para presidente del PAN y Santiago Taboada para la Ciudad de M\u00e9xico.<\/span><\/p>\n<p class=\"p1\"><span style=\"font-size: 14pt;\">Como se ve, X\u00f3chitl no tiene acomodo en ese reparto de poder y ah\u00ed est\u00e1 el mayor obst\u00e1culo\u2026 sobre todo si Alejandro Moreno y Jes\u00fas Zambrano aceptan d\u00f3cilmente las imposiciones y no la apoyan.<\/span><\/p>\n<p>&nbsp;<\/p>\n<p class=\"p1\"><span style=\"font-size: 18pt; color: #e42d33;\"><strong>CADA QUIEN SU ENCUESTA<\/strong><\/span><\/p>\n<p class=\"p1\"><span style=\"font-size: 14pt;\">1. El juego morenista no ha cambiado. <\/span><span style=\"font-size: 14pt;\">En el Estado de M\u00e9xico hizo campa\u00f1a con el manejo de encuestas pagadas para proyectar la victoria de Delfina G\u00f3mez y desanimar a los votantes.<\/span><\/p>\n<p class=\"p1\"><span style=\"font-size: 14pt;\">Ahora cada corcholata se da la libertad de aprobar empresas demosc\u00f3picas para presentarse como favorita, aunque en realidad est\u00e9n lejos de penetrar socialmente.<\/span><\/p>\n<p class=\"p1\"><span style=\"font-size: 14pt;\">Prep\u00e1rese para ver este espect\u00e1culo de n\u00fameros hasta agosto.<\/span><\/p>\n<p class=\"p1\"><span style=\"font-size: 14pt;\">2. Sin mirar esas cifras y sin aspavientos, el tabasque\u00f1o Ad\u00e1n Augusto L\u00f3pez se ha dedicado a estructurar una s\u00f3lida red de alianzas para reposicionarse en las pr\u00f3ximas semanas.<\/span><\/p>\n<p class=\"p1\"><span style=\"font-size: 14pt;\">Pronto se ver\u00e1n los resultados.<\/span><\/p>\n<p class=\"p1\"><span style=\"font-size: 14pt;\">Adem\u00e1s, el exsecretario de Gobernaci\u00f3n a diario habla con su amigo el Presidente de la Rep\u00fablica, quien le ha ratificado su confianza y, algo mejor, lo consulta sobre asuntos nacionales.<\/span><\/p>\n<p class=\"p1\"><span style=\"font-size: 14pt;\">Quienes escuchan el di\u00e1logo entre ambos no advierten cambio alguno en tono y temas con el relevo de Luisa Mar\u00eda Alcalde.<\/span><\/p>\n<p>&nbsp;<\/p>\n<p>&nbsp;<\/p>\n<hr \/>\n<p>&nbsp;<\/p>\n<p><img loading=\"lazy\" decoding=\"async\" class=\"aligncenter wp-image-11449\" src=\"http:\/\/noticiasveracruz.com\/wp-content\/uploads\/2023\/01\/FIRMA-EDITORIAL-NV-300x37.png\" alt=\"\" width=\"1000\" height=\"122\" srcset=\"https:\/\/noticiasveracruz.com\/wp-content\/uploads\/2023\/01\/FIRMA-EDITORIAL-NV-300x37.png 300w, https:\/\/noticiasveracruz.com\/wp-content\/uploads\/2023\/01\/FIRMA-EDITORIAL-NV-1024x125.png 1024w, https:\/\/noticiasveracruz.com\/wp-content\/uploads\/2023\/01\/FIRMA-EDITORIAL-NV-768x94.png 768w, https:\/\/noticiasveracruz.com\/wp-content\/uploads\/2023\/01\/FIRMA-EDITORIAL-NV-1536x188.png 1536w, https:\/\/noticiasveracruz.com\/wp-content\/uploads\/2023\/01\/FIRMA-EDITORIAL-NV-2048x250.png 2048w\" sizes=\"auto, (max-width: 1000px) 100vw, 1000px\" \/><\/p>\n<p>&nbsp;<\/p>\n<p>&nbsp;<\/p>\n<p>&nbsp;<\/p>\n","protected":false},"excerpt":{"rendered":"<p>&nbsp; Por Jos\u00e9 Ure\u00f1a Todos se confiesan amor. Marko Cort\u00e9s, Alejandro Moreno y Jes\u00fas Zambrano firman y confirman la decisi\u00f3n<\/p>\n","protected":false},"author":4,"featured_media":3258,"comment_status":"closed","ping_status":"closed","sticky":false,"template":"","format":"standard","meta":{"colormag_page_container_layout":"default_layout","colormag_page_sidebar_layout":"default_layout","_jetpack_memberships_contains_paid_content":false,"footnotes":"","jetpack_publicize_message":"","jetpack_publicize_feature_enabled":true,"jetpack_social_post_already_shared":true,"jetpack_social_options":{"image_generator_settings":{"template":"highway","default_image_id":0,"font":"","enabled":false},"version":2}},"categories":[6],"tags":[],"class_list":["post-16670","post","type-post","status-publish","format-standard","has-post-thumbnail","hentry","category-columnistas"],"jetpack_publicize_connections":[],"jetpack_featured_media_url":"https:\/\/noticiasveracruz.com\/wp-content\/uploads\/2022\/04\/JOSE\u0301-UREN\u0303A.png","jetpack_sharing_enabled":true,"publishpress_future_action":{"enabled":false,"date":"2026-05-08 06:06:07","action":"change-status","newStatus":"draft","terms":[],"taxonomy":"category","extraData":[]},"publishpress_future_workflow_manual_trigger":{"enabledWorkflows":[]},"_links":{"self":[{"href":"https:\/\/noticiasveracruz.com\/index.php\/wp-json\/wp\/v2\/posts\/16670","targetHints":{"allow":["GET"]}}],"collection":[{"href":"https:\/\/noticiasveracruz.com\/index.php\/wp-json\/wp\/v2\/posts"}],"about":[{"href":"https:\/\/noticiasveracruz.com\/index.php\/wp-json\/wp\/v2\/types\/post"}],"author":[{"embeddable":true,"href":"https:\/\/noticiasveracruz.com\/index.php\/wp-json\/wp\/v2\/users\/4"}],"replies":[{"embeddable":true,"href":"https:\/\/noticiasveracruz.com\/index.php\/wp-json\/wp\/v2\/comments?post=16670"}],"version-history":[{"count":0,"href":"https:\/\/noticiasveracruz.com\/index.php\/wp-json\/wp\/v2\/posts\/16670\/revisions"}],"wp:featuredmedia":[{"embeddable":true,"href":"https:\/\/noticiasveracruz.com\/index.php\/wp-json\/wp\/v2\/media\/3258"}],"wp:attachment":[{"href":"https:\/\/noticiasveracruz.com\/index.php\/wp-json\/wp\/v2\/media?parent=16670"}],"wp:term":[{"taxonomy":"category","embeddable":true,"href":"https:\/\/noticiasveracruz.com\/index.php\/wp-json\/wp\/v2\/categories?post=16670"},{"taxonomy":"post_tag","embeddable":true,"href":"https:\/\/noticiasveracruz.com\/index.php\/wp-json\/wp\/v2\/tags?post=16670"}],"curies":[{"name":"wp","href":"https:\/\/api.w.org\/{rel}","templated":true}]}}