{"id":16647,"date":"2023-06-19T19:14:38","date_gmt":"2023-06-20T00:14:38","guid":{"rendered":"https:\/\/noticiasveracruz.com\/?p=16647"},"modified":"2023-06-19T19:16:35","modified_gmt":"2023-06-20T00:16:35","slug":"presidente-firmara-acuerdo-para-evitar-uso-de-maiz-transgenico-en-tortillerias","status":"publish","type":"post","link":"https:\/\/noticiasveracruz.com\/index.php\/2023\/06\/19\/presidente-firmara-acuerdo-para-evitar-uso-de-maiz-transgenico-en-tortillerias\/","title":{"rendered":"Presidente firmar\u00e1 acuerdo para evitar uso de ma\u00edz transg\u00e9nico en tortiller\u00edas"},"content":{"rendered":"<p>&nbsp;<\/p>\n<p class=\"p1\"><span style=\"font-size: 14pt;\"><em><strong>CIUDAD DE M\u00c9XICO.<\/strong> El <\/em>presidente <strong>Andr\u00e9s Manuel L\u00f3pez Obrador adelant\u00f3 que esta semana firmar\u00e1 un acuerdo para que las tortiller\u00edas<\/strong> del pa\u00eds s\u00f3lo usen ma\u00edz blanco no transg\u00e9nico, medida que estar\u00e1 acompa\u00f1ada del establecimiento de aranceles con el objetivo de evitar la importaci\u00f3n de este grano.<\/span><\/p>\n<p class=\"p1\"><span style=\"font-size: 18pt;\"><strong>Esta acci\u00f3n, dijo Andr\u00e9s Manuel L\u00f3pez Obrador impulsar\u00e1 a los productores nacionales de ma\u00edz blanco, que actualmente son beneficiados por los Programas para el Bienestar.<\/strong><\/span><\/p>\n<p>&nbsp;<\/p>\n<blockquote>\n<p class=\"p1\"><span style=\"font-size: 14pt;\">Ha crecido mucho la producci\u00f3n de ma\u00edz blanco en los \u00faltimos tiempos, precisamente porque se le est\u00e1 dando apoyo a los peque\u00f1os productores con Producci\u00f3n para el Bienestar, a ellos les ayuda los precios de garant\u00eda porque sus excedentes pueden venderlos a mejores precios, a ellos va dirigido el fertilizante gratuito\u201d<\/span><\/p>\n<\/blockquote>\n<p>&nbsp;<\/p>\n<p><img loading=\"lazy\" decoding=\"async\" class=\"aligncenter wp-image-21222 size-large\" src=\"https:\/\/politicosaldesnudo.com.mx\/wp-content\/uploads\/2023\/06\/P-TORTILLERIA-AMLO-2-1024x573.png\" alt=\"\" width=\"800\" height=\"448\" \/><\/p>\n<p>&nbsp;<\/p>\n<p class=\"p1\"><span style=\"font-size: 18pt;\"><strong>El mandatario Andr\u00e9s Manuel L\u00f3pez Obrador indic\u00f3 que ya es una realidad la integraci\u00f3n econ\u00f3mica y comercial entre M\u00e9xico, Estados Unidos y Canad\u00e1 a partir del Tratado de Libre Comercio (T-MEC). Consider\u00f3 que la cooperaci\u00f3n debe fundamentarse en el bienestar de los pueblos.<\/strong><\/span><\/p>\n<p>&nbsp;<\/p>\n<blockquote>\n<p class=\"p1\"><span style=\"font-size: 14pt;\">\u00a0\u2018Se importa ma\u00edz blanco m\u00e1s barato\u2019. S\u00ed, pero resulta que ese ma\u00edz es transg\u00e9nico y tenemos las pruebas, entonces estamos poniendo orden\u201d<\/span><\/p>\n<\/blockquote>\n<p>&nbsp;<\/p>\n<p class=\"p1\"><span style=\"font-size: 18pt;\"><strong>Actualmente, el ma\u00edz amarillo importado se destina a la crianza de animales de aves y cerdos, enfatiz\u00f3.<\/strong><\/span><\/p>\n<p class=\"p1\"><span style=\"font-size: 14pt;\">Respecto a las recientes consultas a partir del Tratado de Libre Comercio (T-MEC) sobre el empleo de ma\u00edz amarillo, el mandatario indic\u00f3 que ya es una realidad la integraci\u00f3n econ\u00f3mica y comercial entre M\u00e9xico, Estados Unidos y Canad\u00e1; adem\u00e1s, consider\u00f3 que debe basarse en el bienestar de los pueblos.<\/span><\/p>\n<p>&nbsp;<\/p>\n<blockquote>\n<p class=\"p1\"><span style=\"font-size: 14pt;\">Es ya un hecho la integraci\u00f3n, nada m\u00e1s hay que cuidar que sea una integraci\u00f3n en beneficio de los pueblos, con respeto a las soberan\u00edas y en donde nos podamos fortalecer sin afectar la naturaleza, sin afectar la salud y con bienestar porque progreso sin justicia es retroceso, entonces todo esto lo estamos viendo y se est\u00e1 trabajando bastante bien\u201d<\/span><\/p>\n<\/blockquote>\n<p>&nbsp;<\/p>\n<p class=\"p1\"><span style=\"font-size: 14pt;\">Andr\u00e9s Manuel L\u00f3pez Obrador insisti\u00f3 en la propuesta de realizar las tres naciones un an\u00e1lisis conjunto para conocer los impactos del consumo de ma\u00edz transg\u00e9nico en la salud.<\/span><\/p>\n<p>&nbsp;<\/p>\n<p>&nbsp;<\/p>\n<p>&nbsp;<\/p>\n<p>&nbsp;<\/p>\n","protected":false},"excerpt":{"rendered":"<p>&nbsp; CIUDAD DE M\u00c9XICO. El presidente Andr\u00e9s Manuel L\u00f3pez Obrador adelant\u00f3 que esta semana firmar\u00e1 un acuerdo para que las tortiller\u00edas del pa\u00eds s\u00f3lo usen ma\u00edz blanco no transg\u00e9nico, medida que estar\u00e1 acompa\u00f1ada del establecimiento de aranceles con el objetivo de evitar la importaci\u00f3n de este grano. Esta acci\u00f3n, dijo Andr\u00e9s Manuel L\u00f3pez Obrador impulsar\u00e1 [&hellip;]<\/p>\n","protected":false},"author":4,"featured_media":16648,"comment_status":"closed","ping_status":"closed","sticky":false,"template":"","format":"standard","meta":{"_jetpack_newsletter_access":"","_jetpack_dont_email_post_to_subs":false,"_jetpack_newsletter_tier_id":0,"_jetpack_memberships_contains_paywalled_content":false,"_jetpack_feature_clip_id":0,"_jetpack_memberships_contains_paid_content":false,"footnotes":"","jetpack_publicize_message":"","jetpack_publicize_feature_enabled":true,"jetpack_social_post_already_shared":true,"jetpack_social_options":{"image_generator_settings":{"template":"highway","default_image_id":0,"font":"","enabled":false},"version":2},"jetpack_post_was_ever_published":false},"categories":[4],"tags":[65,1819,1132,2699],"class_list":["post-16647","post","type-post","status-publish","format-standard","has-post-thumbnail","hentry","category-nacional","tag-andres-manuel-lopez-obrador","tag-maiz","tag-tmec","tag-tortilleria"],"jetpack_publicize_connections":[],"jetpack_sharing_enabled":true,"publishpress_future_action":{"enabled":false,"date":"2026-09-13 02:25:32","action":"change-status","newStatus":"draft","terms":[],"taxonomy":"category","extraData":[]},"publishpress_future_workflow_manual_trigger":{"enabledWorkflows":[]},"jetpack_featured_media_url":"https:\/\/noticiasveracruz.com\/wp-content\/uploads\/2023\/06\/P-TORTILLERIA-AMLO-1.png","_links":{"self":[{"href":"https:\/\/noticiasveracruz.com\/index.php\/wp-json\/wp\/v2\/posts\/16647","targetHints":{"allow":["GET"]}}],"collection":[{"href":"https:\/\/noticiasveracruz.com\/index.php\/wp-json\/wp\/v2\/posts"}],"about":[{"href":"https:\/\/noticiasveracruz.com\/index.php\/wp-json\/wp\/v2\/types\/post"}],"author":[{"embeddable":true,"href":"https:\/\/noticiasveracruz.com\/index.php\/wp-json\/wp\/v2\/users\/4"}],"replies":[{"embeddable":true,"href":"https:\/\/noticiasveracruz.com\/index.php\/wp-json\/wp\/v2\/comments?post=16647"}],"version-history":[{"count":0,"href":"https:\/\/noticiasveracruz.com\/index.php\/wp-json\/wp\/v2\/posts\/16647\/revisions"}],"wp:featuredmedia":[{"embeddable":true,"href":"https:\/\/noticiasveracruz.com\/index.php\/wp-json\/wp\/v2\/media\/16648"}],"wp:attachment":[{"href":"https:\/\/noticiasveracruz.com\/index.php\/wp-json\/wp\/v2\/media?parent=16647"}],"wp:term":[{"taxonomy":"category","embeddable":true,"href":"https:\/\/noticiasveracruz.com\/index.php\/wp-json\/wp\/v2\/categories?post=16647"},{"taxonomy":"post_tag","embeddable":true,"href":"https:\/\/noticiasveracruz.com\/index.php\/wp-json\/wp\/v2\/tags?post=16647"}],"curies":[{"name":"wp","href":"https:\/\/api.w.org\/{rel}","templated":true}]}}