{"id":16197,"date":"2023-06-05T02:51:25","date_gmt":"2023-06-05T07:51:25","guid":{"rendered":"https:\/\/noticiasveracruz.com\/?p=16197"},"modified":"2023-06-05T02:51:52","modified_gmt":"2023-06-05T07:51:52","slug":"remes-jefe-de-plaza","status":"publish","type":"post","link":"https:\/\/noticiasveracruz.com\/index.php\/2023\/06\/05\/remes-jefe-de-plaza\/","title":{"rendered":"Remes, jefe de plaza"},"content":{"rendered":"<p>&nbsp;<\/p>\n<p class=\"p1\"><span style=\"font-size: 18pt;\"><b>Por \u00c1ngel \u00c1lvaro Pe\u00f1a<\/b><\/span><\/p>\n<p class=\"p1\"><span style=\"font-size: 14pt;\">El municipio de Poza Rica se volvi\u00f3 inhabitable desde que lleg\u00f3 Fernando Remes a la presidencia municipal con toda su carga de delitos. En la Ciudad de M\u00e9xico qued\u00f3 el h\u00e9roe deportista que jug\u00f3 en su tiempo con los Tigres, a Veracruz enviaron al mafioso que ahora, como buen delincuente, se apodera de la plaza de Poza Rica, gozando de la impunidad que le otorga su cargo.<\/span><\/p>\n<p class=\"p1\"><span style=\"font-size: 14pt;\">El \u00faltimo d\u00eda de mayo se detuvo a los directores de Prevenci\u00f3n del Delito de Poza Rica y Tihuatl\u00e1n para investigarlos por ser sospechosos de mantener v\u00ednculos con hechos delictivos. Las acciones de los polic\u00edas en Poza Rica tuvieron su m\u00e1xima expresi\u00f3n al detener, la noche del viernes 2 de junio en el Boulevard Adolfo Ruiz Cortines, a un veh\u00edculo de prensa del portal informativo <i>Presente!<\/i>, con el pretexto de que era conducido a exceso de velocidad, situaci\u00f3n que justificaba su labor profesional.<\/span><\/p>\n<p class=\"p1\"><span style=\"font-size: 14pt;\">El veh\u00edculo del medio de informaci\u00f3n con sede en Poza Rica, no s\u00f3lo fue detenido sino que amenazaron a sus tripulantes con conducirlos a la c\u00e1rcel, no sin antes llamarlos delincuentes y amenazarlos con llev\u00e1rselos.<\/span><\/p>\n<p class=\"p1\"><span style=\"font-size: 14pt;\">La patrulla 3994 de la Polic\u00eda Estatal, con lujo de violencia y una prepotencia propia de quienes est\u00e1n protegidos por autoridades superiores bajaron de sus veh\u00edculos de trabajo a los comunicadores, a quienes empujaron y exigieron a gritos y con palabras altisonantes documentos.<\/span><\/p>\n<p class=\"p1\"><span style=\"font-size: 18pt;\"><strong>Los periodistas, a quienes manifestamos toda nuestra solidaridad, llevaban escolta proporcionada por el Mecanismo de Protecci\u00f3n a Defensores de Derechos Humanos y Periodistas, perteneciente a la secretar\u00eda de Gobernaci\u00f3n, por lo que la Polic\u00eda Estatal, asentados en Poza Roca intent\u00f3 desarmarlos, a pesar de mostrar identificaci\u00f3n de una corporaci\u00f3n federal. Los retuvieron por m\u00e1s de una hora, a pesar de que llevaban prisa porque cubrir\u00edan un accidente automovil\u00edstico, motivo por el cual iban a exceso de velocidad.<\/strong><\/span><\/p>\n<p class=\"p1\"><span style=\"font-size: 14pt;\">La Polic\u00eda Estatal rebas\u00f3 sus atribuciones al detener al veh\u00edculo por exceso de velocidad, ya que esa es responsabilidad de la Polic\u00eda de Tr\u00e1nsito; sin embargo, los propios comunicadores agredidos afirman que la Polic\u00eda Estatal, al mando del comandante Lobo, llam\u00f3 hasta 7 patrullas m\u00e1s para amedrentar a los periodistas y ceder ante las exigencias de acompa\u00f1arlos. Cada patrulla llevaba de ocho a diez elementos uniformados y armados.<\/span><\/p>\n<p class=\"p1\"><span style=\"font-size: 14pt;\">Debe tomarse en cuenta que al impedir que se cubriera period\u00edsticamente un accidente, la Polic\u00eda Estatal quer\u00eda evitar difusi\u00f3n a lo que en realidad ocurren en Poza Rica, que se ha vuelto tierra de nadie. La Delegaci\u00f3n de la Polic\u00eda Estatal en el municipio est\u00e1 al servicio de la delincuencia y no de la poblaci\u00f3n, como pudo advertirse en este lamentable incidente.<\/span><\/p>\n<p class=\"p1\"><span style=\"font-size: 18pt; color: #e42d33;\"><strong>El portal <i>Presente! <\/i>se\u00f1ala que anteriormente el grupo que comanda El Lobo, trabaj\u00f3 en Mart\u00ednez de la Torre, donde empez\u00f3 su mala fama.<\/strong><\/span><\/p>\n<p class=\"p1\"><span style=\"font-size: 18pt;\"><strong>El comandante Lobo es famoso por allanar domicilios y llevarse a padres de familia detenidos, golpearlos frente a sus hijos menores, acus\u00e1ndolos de delitos que nunca cometieron con la protecci\u00f3n del presidente municipal. Situaci\u00f3n que pone en entre dicho la protecci\u00f3n de los derechos humanos que debe existir en cada rinc\u00f3n de nuestro territorio.<\/strong><\/span><\/p>\n<p class=\"p1\"><span style=\"font-size: 14pt;\">En el incidente fue necesario que llegara la Marina, Armada de M\u00e9xico, para aclarar los hechos, ya que, desde el momento de la ilegal aprehensi\u00f3n, exigieron la documentaci\u00f3n que apara la portaci\u00f3n de armas, identificaciones, licencias, de los responsables de la integridad de los periodistas.<\/span><\/p>\n<p class=\"p1\"><span style=\"font-size: 18pt;\"><strong>La Marina deslind\u00f3 responsabilidades y los uniformados de la Polic\u00eda Estatal, quienes siempre estuvieron con el rostro cubierto, se fueron sin lograr detener ni desarmar a las v\u00edctimas, pero tampoco impusieron sanci\u00f3n alguna a los polic\u00edas ni siquiera una amonestaci\u00f3n. Cuando debieron ser encarcelados, no sin antes mostrar el rostro.<\/strong><\/span><\/p>\n<p>&nbsp;<\/p>\n<p><strong><img loading=\"lazy\" decoding=\"async\" class=\"aligncenter wp-image-20638 size-large\" src=\"https:\/\/politicosaldesnudo.com.mx\/wp-content\/uploads\/2023\/06\/P-FERNANDO-REMES-1024x573.png\" alt=\"\" width=\"800\" height=\"448\" \/><\/strong><\/p>\n<p>&nbsp;<\/p>\n<p class=\"p1\"><span style=\"font-size: 18pt; color: #e42d33;\"><b>REMES SE APROVECHA DE POZA RICA<\/b><\/span><\/p>\n<p class=\"p1\"><span style=\"font-size: 14pt;\">Estas acciones son comunes en Poza Rica y no se explican sin la anuencia del propio presidente municipal, Fernando Remes, quien desde su llegada a la entidad se ha dedicado a delinquir desde el robo de ganado, motores de tr\u00e1ileres, camiones transportistas, apoderarse de propiedades a la mala, aprovechando su cargo, en su vida p\u00fablica, hasta maltrato, violencia intrafamiliar, deuda de pensi\u00f3n alimentaria a sus hijos, los deja sin comer, acoso en su vida privada.<\/span><\/p>\n<p class=\"p1\"><span style=\"font-size: 18pt; color: #e42d33;\"><strong>El equilibro mental de Fernando Remes, jefe de la delincuencia autorizada en Poza Rica, est\u00e1 en duda debido a su comportamiento denunciado hasta por sus colaboradores en las oficinas de la presidencia municipal.<\/strong><\/span><\/p>\n<p class=\"p1\"><span style=\"font-size: 14pt;\">Mientras esto sucede con los habitantes pac\u00edficos, la delincuencia act\u00faa sin ninguna restricci\u00f3n, prueba de ello es la denuncia hace p\u00fabica Marco Antonio Trejo, quien encabeza la Coalici\u00f3n de Taxistas de Poza Rica, al se\u00f1alar que en los cinco meses que van del a\u00f1o, han robado 22 taxistas, a cuyos propietarios han bajado de sus unidades, durante su servicio nocturno, para utilizar las unidades en los delitos que comenten. Los veh\u00edculos no aparecen debido a que los encargados de encontrarlas forman parte de la delincuencia que comanda el propio presidente municipal.<\/span><\/p>\n<p class=\"p1\"><span style=\"font-size: 18pt;\"><strong>El gobernador de la entidad, Cuitl\u00e1huac Garc\u00eda ha tomado medidas contra la gente del presidente municipal dadas las denuncias sobre su permanente violaci\u00f3n a los derechos humanos de los habitantes del municipio.<\/strong><\/span><\/p>\n<p class=\"p1\"><span style=\"font-size: 14pt;\">Cuitl\u00e1huac Garc\u00eda anunci\u00f3 que comenzar\u00e1 a realizar un diagn\u00f3stico para conocer los problemas internos y externos que deban cubrirse para reforzar las acciones y garantizar la seguridad de la ciudadan\u00eda.<\/span><\/p>\n<p class=\"p1\"><span style=\"font-size: 18pt;\"><strong>Fernando Remes se sinti\u00f3 protegido por la amistad del Presidente de la Rep\u00fablica, quien lo consider\u00f3, inexplicablemente, cercano por coincidir con su gusto por el b\u00e9isbol, donde, hace muchos a\u00f1os, Remes fue un h\u00e9roe. Ahora no es m\u00e1s que un delincuente que L\u00f3pez Obrador lo quiere lo m\u00e1s alejado posible. Lo mismo sucede con el gobernador, quien conoce todo el historial del ex beisbolista, quien no se detiene a la hora de ampliar su campo de acci\u00f3n y va cada d\u00eda por delitos mayores, amparado en la protecci\u00f3n que el brinda su puesto porque cree que todav\u00eda cuenta con la protecci\u00f3n del presidente y el gobernador, quienes han rechazado p\u00fablicamente su amistad.<\/strong><\/span><\/p>\n<p class=\"p1\"><span style=\"font-size: 14pt;\">Durante muchos a\u00f1os los grupos de delincuentes se pelearon por la plaza de Poza Rica, y quien vino a obtenerla fue el propio presidente municipal, quien cont\u00f3 con todo el aparato de poder que coloc\u00f3 al servicio de los infractores para erigirse como en due\u00f1o y se\u00f1or del territorio de Poza Rica y sus alrededores.<\/span><\/p>\n<p>&nbsp;<\/p>\n<p class=\"p1\"><span style=\"font-size: 18pt; color: #e42d33;\"><b>PEGA Y CORRE<\/b><\/span><\/p>\n<p class=\"p1\"><span style=\"font-size: 14pt;\">Anomal\u00edas en las casillas especiales, que tienen una cantidad limitada de boletas, porque llegan los pri\u00edstas, se meten a la fila e impiden que otros voten\u2026 Esta columna se publica los lunes, mi\u00e9rcoles y viernes.<\/span><\/p>\n<p>&nbsp;<\/p>\n<p><em><span style=\"font-size: 18pt;\"><strong>Esta columna se publica los lunes, mi\u00e9rcoles y viernes<\/strong><\/span><\/em><\/p>\n<p>&nbsp;<\/p>\n<hr \/>\n<p>&nbsp;<\/p>\n<p><img loading=\"lazy\" decoding=\"async\" class=\"aligncenter wp-image-11449\" src=\"http:\/\/noticiasveracruz.com\/wp-content\/uploads\/2023\/01\/FIRMA-EDITORIAL-NV-300x37.png\" alt=\"\" width=\"1000\" height=\"122\" srcset=\"https:\/\/noticiasveracruz.com\/wp-content\/uploads\/2023\/01\/FIRMA-EDITORIAL-NV-300x37.png 300w, https:\/\/noticiasveracruz.com\/wp-content\/uploads\/2023\/01\/FIRMA-EDITORIAL-NV-1024x125.png 1024w, https:\/\/noticiasveracruz.com\/wp-content\/uploads\/2023\/01\/FIRMA-EDITORIAL-NV-768x94.png 768w, https:\/\/noticiasveracruz.com\/wp-content\/uploads\/2023\/01\/FIRMA-EDITORIAL-NV-1536x188.png 1536w, https:\/\/noticiasveracruz.com\/wp-content\/uploads\/2023\/01\/FIRMA-EDITORIAL-NV-2048x250.png 2048w\" sizes=\"auto, (max-width: 1000px) 100vw, 1000px\" \/><\/p>\n<p>&nbsp;<\/p>\n<p>&nbsp;<\/p>\n","protected":false},"excerpt":{"rendered":"<p>&nbsp; Por \u00c1ngel \u00c1lvaro Pe\u00f1a El municipio de Poza Rica se volvi\u00f3 inhabitable desde que lleg\u00f3 Fernando Remes a la<\/p>\n","protected":false},"author":4,"featured_media":3187,"comment_status":"closed","ping_status":"closed","sticky":false,"template":"","format":"standard","meta":{"colormag_page_container_layout":"default_layout","colormag_page_sidebar_layout":"default_layout","_jetpack_memberships_contains_paid_content":false,"footnotes":"","jetpack_publicize_message":"","jetpack_publicize_feature_enabled":true,"jetpack_social_post_already_shared":true,"jetpack_social_options":{"image_generator_settings":{"template":"highway","default_image_id":0,"font":"","enabled":false},"version":2}},"categories":[6],"tags":[1079,273,433],"class_list":["post-16197","post","type-post","status-publish","format-standard","has-post-thumbnail","hentry","category-columnistas","tag-delicuentes","tag-fernando-remes","tag-poza-rica"],"jetpack_publicize_connections":[],"jetpack_featured_media_url":"https:\/\/noticiasveracruz.com\/wp-content\/uploads\/2022\/04\/A\u0301NGEL-A\u0301LVARO-PEN\u0303A.png","jetpack_sharing_enabled":true,"publishpress_future_action":{"enabled":false,"date":"2026-05-06 15:57:26","action":"change-status","newStatus":"draft","terms":[],"taxonomy":"category","extraData":[]},"publishpress_future_workflow_manual_trigger":{"enabledWorkflows":[]},"_links":{"self":[{"href":"https:\/\/noticiasveracruz.com\/index.php\/wp-json\/wp\/v2\/posts\/16197","targetHints":{"allow":["GET"]}}],"collection":[{"href":"https:\/\/noticiasveracruz.com\/index.php\/wp-json\/wp\/v2\/posts"}],"about":[{"href":"https:\/\/noticiasveracruz.com\/index.php\/wp-json\/wp\/v2\/types\/post"}],"author":[{"embeddable":true,"href":"https:\/\/noticiasveracruz.com\/index.php\/wp-json\/wp\/v2\/users\/4"}],"replies":[{"embeddable":true,"href":"https:\/\/noticiasveracruz.com\/index.php\/wp-json\/wp\/v2\/comments?post=16197"}],"version-history":[{"count":0,"href":"https:\/\/noticiasveracruz.com\/index.php\/wp-json\/wp\/v2\/posts\/16197\/revisions"}],"wp:featuredmedia":[{"embeddable":true,"href":"https:\/\/noticiasveracruz.com\/index.php\/wp-json\/wp\/v2\/media\/3187"}],"wp:attachment":[{"href":"https:\/\/noticiasveracruz.com\/index.php\/wp-json\/wp\/v2\/media?parent=16197"}],"wp:term":[{"taxonomy":"category","embeddable":true,"href":"https:\/\/noticiasveracruz.com\/index.php\/wp-json\/wp\/v2\/categories?post=16197"},{"taxonomy":"post_tag","embeddable":true,"href":"https:\/\/noticiasveracruz.com\/index.php\/wp-json\/wp\/v2\/tags?post=16197"}],"curies":[{"name":"wp","href":"https:\/\/api.w.org\/{rel}","templated":true}]}}