{"id":16134,"date":"2023-06-02T19:07:25","date_gmt":"2023-06-03T00:07:25","guid":{"rendered":"https:\/\/noticiasveracruz.com\/?p=16134"},"modified":"2023-06-02T19:08:38","modified_gmt":"2023-06-03T00:08:38","slug":"ciudad-de-mexico-principal-destino-de-inversion-extranjera-capta-mas-de-7-mil-mdd","status":"publish","type":"post","link":"https:\/\/noticiasveracruz.com\/index.php\/2023\/06\/02\/ciudad-de-mexico-principal-destino-de-inversion-extranjera-capta-mas-de-7-mil-mdd\/","title":{"rendered":"Ciudad de M\u00e9xico principal destino de Inversi\u00f3n Extranjera, capta m\u00e1s de 7 mil millones de d\u00f3lares"},"content":{"rendered":"<p>&nbsp;<\/p>\n<p class=\"p3\"><span style=\"font-size: 14pt;\"><em><strong>CIUDAD DE M\u00c9XICO.<\/strong> <\/em><strong>La Secretar\u00eda de Desarrollo Econ\u00f3mico (Sedeco)<\/strong> inform\u00f3 que, de acuerdo con datos de la <strong>Secretar\u00eda de Econom\u00eda del Gobierno de M\u00e9xico<\/strong> durante el primer trimestre de 2023, la <strong>Ciudad de M\u00e9xico fue la entidad federativa que m\u00e1s Inversi\u00f3n Extranjera Directa (IED) recibi\u00f3, al captar 7 mil 39 millones de d\u00f3lares<\/strong> (mdd), seguida de Nuevo Le\u00f3n con 2 mil 332 mdd y Jalisco con mil 179 mdd.<\/span><\/p>\n<p class=\"p3\"><span style=\"font-size: 18pt;\"><strong>El titular de la dependencia, Fadlala Akabani Hneide, indic\u00f3 que la estabilidad macroecon\u00f3mica que ha logrado el Gobierno de M\u00e9xico junto a la pol\u00edtica de reindustrializaci\u00f3n implementada por la Jefa de Gobierno, Claudia Sheinbaum, mantienen a la capital del pa\u00eds como la principal entidad receptora de IED acumulando el 38 por ciento del total nacional.<\/strong><\/span><\/p>\n<p>&nbsp;<\/p>\n<blockquote>\n<p class=\"p3\"><span style=\"font-size: 14pt;\">Los pa\u00edses que m\u00e1s han invertido en la Ciudad de M\u00e9xico son Estados Unidos, Espa\u00f1a, Canad\u00e1, Reino Unido y Alemania. En los sectores en donde m\u00e1s se concentra el capital son los siguientes: Servicios financieros, Informaci\u00f3n en medios masivos e industria manufacturera; sin duda, hoy m\u00e1s que nunca somos el motor econ\u00f3mico del pa\u00eds\u201d<\/span><\/p>\n<\/blockquote>\n<p>&nbsp;<\/p>\n<p class=\"p3\"><span style=\"font-size: 18pt;\"><strong>Fadlala Akabani Hneide tambi\u00e9n explic\u00f3 que, con base a las nuevas actualizaciones de la Secretar\u00eda de Econom\u00eda, la cifra registrada en la IED de 2022 pas\u00f3 de 10 mil 923 mdd a 11 mil 108 mdd, lo que consolida la recuperaci\u00f3n econ\u00f3mica y un a\u00f1o hist\u00f3rico para las empresas que han confiado en la seguridad y estabilidad que la capital del pa\u00eds provee a sus capitales.<\/strong><\/span><\/p>\n<p>&nbsp;<\/p>\n<p>&nbsp;<\/p>\n<p>&nbsp;<\/p>\n","protected":false},"excerpt":{"rendered":"<p>&nbsp; CIUDAD DE M\u00c9XICO. La Secretar\u00eda de Desarrollo Econ\u00f3mico (Sedeco) inform\u00f3 que, de acuerdo con datos de la Secretar\u00eda de Econom\u00eda del Gobierno de M\u00e9xico durante el primer trimestre de 2023, la Ciudad de M\u00e9xico fue la entidad federativa que m\u00e1s Inversi\u00f3n Extranjera Directa (IED) recibi\u00f3, al captar 7 mil 39 millones de d\u00f3lares (mdd), [&hellip;]<\/p>\n","protected":false},"author":4,"featured_media":16135,"comment_status":"closed","ping_status":"closed","sticky":false,"template":"","format":"standard","meta":{"_jetpack_newsletter_access":"","_jetpack_dont_email_post_to_subs":false,"_jetpack_newsletter_tier_id":0,"_jetpack_memberships_contains_paywalled_content":false,"_jetpack_feature_clip_id":0,"_jetpack_memberships_contains_paid_content":false,"footnotes":"","jetpack_publicize_message":"","jetpack_publicize_feature_enabled":true,"jetpack_social_post_already_shared":true,"jetpack_social_options":{"image_generator_settings":{"template":"highway","default_image_id":0,"font":"","enabled":false},"version":2},"jetpack_post_was_ever_published":false},"categories":[145],"tags":[598,1345,791],"class_list":["post-16134","post","type-post","status-publish","format-standard","has-post-thumbnail","hentry","category-estados","tag-ciudad-de-mexico","tag-fadlala-akabani","tag-inversion-extranjera"],"jetpack_publicize_connections":[],"jetpack_sharing_enabled":true,"publishpress_future_action":{"enabled":false,"date":"2026-09-10 09:23:29","action":"change-status","newStatus":"draft","terms":[],"taxonomy":"category","extraData":[]},"publishpress_future_workflow_manual_trigger":{"enabledWorkflows":[]},"jetpack_featured_media_url":"https:\/\/noticiasveracruz.com\/wp-content\/uploads\/2023\/06\/P-CDMX-INVERSION.png","_links":{"self":[{"href":"https:\/\/noticiasveracruz.com\/index.php\/wp-json\/wp\/v2\/posts\/16134","targetHints":{"allow":["GET"]}}],"collection":[{"href":"https:\/\/noticiasveracruz.com\/index.php\/wp-json\/wp\/v2\/posts"}],"about":[{"href":"https:\/\/noticiasveracruz.com\/index.php\/wp-json\/wp\/v2\/types\/post"}],"author":[{"embeddable":true,"href":"https:\/\/noticiasveracruz.com\/index.php\/wp-json\/wp\/v2\/users\/4"}],"replies":[{"embeddable":true,"href":"https:\/\/noticiasveracruz.com\/index.php\/wp-json\/wp\/v2\/comments?post=16134"}],"version-history":[{"count":0,"href":"https:\/\/noticiasveracruz.com\/index.php\/wp-json\/wp\/v2\/posts\/16134\/revisions"}],"wp:featuredmedia":[{"embeddable":true,"href":"https:\/\/noticiasveracruz.com\/index.php\/wp-json\/wp\/v2\/media\/16135"}],"wp:attachment":[{"href":"https:\/\/noticiasveracruz.com\/index.php\/wp-json\/wp\/v2\/media?parent=16134"}],"wp:term":[{"taxonomy":"category","embeddable":true,"href":"https:\/\/noticiasveracruz.com\/index.php\/wp-json\/wp\/v2\/categories?post=16134"},{"taxonomy":"post_tag","embeddable":true,"href":"https:\/\/noticiasveracruz.com\/index.php\/wp-json\/wp\/v2\/tags?post=16134"}],"curies":[{"name":"wp","href":"https:\/\/api.w.org\/{rel}","templated":true}]}}