{"id":16122,"date":"2023-06-02T05:17:33","date_gmt":"2023-06-02T10:17:33","guid":{"rendered":"https:\/\/noticiasveracruz.com\/?p=16122"},"modified":"2023-06-02T12:27:08","modified_gmt":"2023-06-02T17:27:08","slug":"que-barbaridad","status":"publish","type":"post","link":"https:\/\/noticiasveracruz.com\/index.php\/2023\/06\/02\/que-barbaridad\/","title":{"rendered":"\u00a1Qu\u00e9 barbaridad!"},"content":{"rendered":"<p class=\"p1\">\n<p>&nbsp;<\/p>\n<p class=\"p1\"><span style=\"font-size: 18pt;\"><strong>Por Mois\u00e9s S\u00e1nchez Lim\u00f3n<\/strong><\/span><\/p>\n<p class=\"p1\"><span style=\"font-size: 14pt;\">La verdad, la pura verdad, no pudimos remontar la herencia. Se nos hizo bolas el engrudo.<\/span><\/p>\n<p class=\"p1\"><span style=\"font-size: 14pt;\">\u00a1Caray!<\/span><\/p>\n<p class=\"p1\"><span style=\"font-size: 14pt;\">As\u00ed se entiende la respuesta del due\u00f1o del poder sexenal en el corte de caja de los muertos por violencia, en cuatro a\u00f1os y medio del sexenio de la 4T, que supera a los registrados en toda la gesti\u00f3n del culto Enrique Pe\u00f1a Nieto y la del villano favorito Felipe Calder\u00f3n.<\/span><\/p>\n<p class=\"p1\"><span style=\"font-size: 14pt;\">S\u00ed, el licenciado presidente impl\u00edcitamente admiti\u00f3 que no pudo cumplir su oferta de que el clima de violencia y el actuar del crimen organizado, cambiar\u00eda al d\u00eda siguiente de asumir la Presidencia de la Rep\u00fablica. Aunque fue domingo, d\u00eda de descanso.<\/span><\/p>\n<p class=\"p1\"><span style=\"font-size: 14pt;\">Pero\u2026<\/span><\/p>\n<p class=\"p1\"><span style=\"font-size: 14pt;\">Usted lo sabe.<\/span><\/p>\n<p class=\"p1\"><span style=\"font-size: 14pt;\">Las cifras son de p\u00e1nico porque la alarma son\u00f3 desde el mismo momento en que se recurri\u00f3 a la militarizaci\u00f3n del sistema de seguridad p\u00fablica y se hicieron virales las im\u00e1genes de soldados y elementos de la Guardia Nacional abofeteados, pateados, agredidos por sospechosos ciudadanos que los quieren fuera de zonas bajo control de c\u00e9lulas de los c\u00e1rteles que se disputan plazas, territorio libre para delinquir.<\/span><\/p>\n<p class=\"p1\"><span style=\"font-size: 14pt;\">La \u00f1o\u00f1a pol\u00edtica de abrazos, no balazos para combatir al crimen organizado ha sido eso, en cuatro a\u00f1os del gobierno de la 4T: mojigata y melindrosa, cuanto pueril juego de polic\u00edas y ladrones, que acarrear\u00eda aplausos del pueblo bueno, cuando precisamente la v\u00edctima es el pueblo bueno, al que asaltan, matan y secuestran, violentan y someten al clima de terror.<\/span><\/p>\n<p class=\"p1\"><span style=\"font-size: 14pt;\">Recurrentemente, organizaciones civiles, defensoras de los derechos humanos, las madres buscadoras de hijas e hijos desaparecidos, e incluso el senador morenista Ricardo Monreal, han pedido, planteado y exigido la revisi\u00f3n de la pol\u00edtica de seguridad p\u00fablica porque ha fracasado.<\/span><\/p>\n<p class=\"p1\"><span style=\"font-size: 14pt;\">Igual, usted ha escuchado, desde el m\u00e1ximo p\u00falpito del poder p\u00fablico en M\u00e9xico, el principal oligarca ha rechazado cambiar la estrategia.<\/span><\/p>\n<p class=\"p1\"><span style=\"font-size: 14pt;\">Y s\u00ed, en efecto, para \u00e9l, para el licenciado presidente no hay raz\u00f3n para revisar y cambiar la estrategia. No importa el n\u00famero de homicidios dolosos, \u00a1total!, aduce, ya no hay tantos secuestros ni extorsiones ni feminicidios.<\/span><\/p>\n<p class=\"p1\"><span style=\"font-size: 14pt;\">Y cierra los ojos frente a la insultante y aterradora realidad en la que vivimos los mexicanos porque nos cuidamos del que, en el transporte p\u00fablico, por ejemplo, viaja a nuestro lado, por quien nos mira desde el veh\u00edculo que se emparej\u00f3 al nuestro, ordenado por el sem\u00e1foro en rojo.<\/span><\/p>\n<p class=\"p1\"><span style=\"font-size: 14pt;\">\u00bfQu\u00e9 se ha hecho en cuatro a\u00f1os y medio?<\/span><\/p>\n<p class=\"p1\"><span style=\"font-size: 14pt;\">Simple, aplicar la f\u00f3rmula de culpar a gobiernos anteriores o la foxiana \u201c\u00bfy yo por qu\u00e9?, para evadir la responsabilidad de cumplir con esa oferta de cambiar el clima de inseguridad en todo el pa\u00eds.<\/span><\/p>\n<p class=\"p1\"><span style=\"font-size: 14pt;\">Lea usted la confesi\u00f3n del licenciado Andr\u00e9s Manuel L\u00f3pez Obrador, hecha ayer jueves en Tampico, Tamaulipas, durante su ilustrativa conferencia conocida por el alias de \u201cla ma\u00f1anera\u201d.<\/span><\/p>\n<p class=\"p1\"><span style=\"font-size: 14pt;\">Y es que ya no lo qued\u00f3 de otra y acept\u00f3 sin aceptar literalmente, pos ya qu\u00e9, que eso de abrazos y no balazos ha valido lo que se le unta al queso.<\/span><\/p>\n<p class=\"p1\"><span style=\"font-size: 14pt;\">Lea, porfis, y no se r\u00eda. \u00a0<\/span><\/p>\n<p class=\"p1\"><span style=\"font-size: 14pt;\">\u201cEntonces\u00a0 -declar\u00f3 sin rubor Su Alteza Seren\u00edsima&#8211; tenemos que seguir avanzando. Porque ahora nos dicen: \u2018\u00a1Qu\u00e9 barbaridad! \u00a1El gobierno de ahora es el gobierno que tiene m\u00e1s homicidios!\u2019<\/span><\/p>\n<p class=\"p1\"><span style=\"font-size: 14pt;\">\u201cS\u00ed, pero\u2026<\/span><\/p>\n<p class=\"p1\"><span style=\"font-size: 14pt;\">\u201c\u00bfPor qu\u00e9 no pones la l\u00e1mina de homicidios para que vean c\u00f3mo nos dejaron el pa\u00eds? \u2013pidi\u00f3 a su ujier, el culto escritor y argumentista Chucho Ram\u00edrez&#8211;.<\/span><\/p>\n<p class=\"p1\"><span style=\"font-size: 14pt;\">\u201cPorque este es una mala herencia en seguridad, pero as\u00ed nos dejaron salud, y as\u00ed nos dejaron educaci\u00f3n, y as\u00ed nos dejaron todo.<\/span><\/p>\n<p class=\"p1\"><span style=\"font-size: 14pt;\">\u201cEl pa\u00eds estaba en bancarrota, el pa\u00eds estaba inmerso en una decadencia. Ni siquiera era una crisis, era una decadencia y por eso frente a una decadencia lo \u00fanico que deb\u00eda hacerse era llevar a cabo un proceso de transformaci\u00f3n, arrancar de ra\u00edz la corrupci\u00f3n. Y eso no les ha gustado a los que antes se sent\u00edan los due\u00f1os de M\u00e9xico y son los responsables de la tragedia nacional; deber\u00edan de estar ofreciendo disculpas\u201d.<\/span><\/p>\n<p class=\"p1\"><span style=\"font-size: 14pt;\">En serio, lo dijo el licenciado Andr\u00e9s Manuel I. en la ma\u00f1anera, previa al acto que se celebrar\u00eda en Ciudad Madero en ocasi\u00f3n del D\u00eda de la Marina.<\/span><\/p>\n<p class=\"p1\"><span style=\"font-size: 14pt;\">\u00bfY?<\/span><\/p>\n<p class=\"p1\"><span style=\"font-size: 14pt;\">Pues, he ah\u00ed que la maldita herencia le vino como anillo al dedo para justificar el fracaso en la oferta de devolver la tranquilidad a m\u00e1s de 130 millones de mexicanos, no s\u00f3lo a quienes votaron por \u00e9l para cumplirle ese cuasi capricho de ser Presidente, aunque cuando se sent\u00f3 en la silla del \u00e1guila no atin\u00f3 a saber c\u00f3mo se gobierna a un pa\u00eds, s\u00ed, a un pa\u00eds\u2026<\/span><\/p>\n<p class=\"p1\"><span style=\"font-size: 14pt;\">Lo que s\u00ed se instal\u00f3 en su expediente de rencores, fue eso que la senadora y ministra en situaci\u00f3n de retiro y ex secretaria de Gobernaci\u00f3n, Olga S\u00e1nchez Cordero, llam\u00f3 \u201csu historia personal\u201d, que se enraiz\u00f3 cuando fue desaforado y luego perdonado por el entonces presidente Vicente Fox Quesada.<\/span><\/p>\n<p class=\"p1\"><span style=\"font-size: 14pt;\">Y esa historia personal, de acuerdo con do\u00f1a Olga, justifica el proceder mis\u00f3gino y rencoroso del licenciado presidente contra todo lo que tiene aroma de tiempos idos, del partidazo y el panismo y eso que llama neoliberales, conservadores y traidores a la patria, pero especialmente hacia la ministra presidenta de la Suprema Corte de Justicia de la Naci\u00f3n, Norma Luc\u00eda Pi\u00f1a Hern\u00e1ndez.<\/span><\/p>\n<p class=\"p1\"><span style=\"font-size: 14pt;\">S\u00ed, se han cometido m\u00e1s homicidios dolosos en cuatro y medio a\u00f1os de su gesti\u00f3n que en toda la del aspiracionista Pe\u00f1a Nieto.<\/span><\/p>\n<p class=\"p1\"><span style=\"font-size: 14pt;\">Acusa haber recibido, \u00a1en 2018!, \u201cuna mala herencia en seguridad, pero as\u00ed nos dejaron salud, y as\u00ed nos dejaron educaci\u00f3n, y as\u00ed nos dejaron todo\u201d.<\/span><\/p>\n<p class=\"p1\"><span style=\"font-size: 14pt;\">\u00bfY?<\/span><\/p>\n<p class=\"p1\"><span style=\"font-size: 14pt;\">De acuerdo con el informe del Instituto de Nacional de Estad\u00edstica y Geograf\u00eda, del Secretariado Ejecutivo del Sistema Nacional de Seguridad P\u00fablica y del reporte diario de la Secretar\u00eda de Seguridad y Protecci\u00f3n Ciudadana del gobierno federal, en el periodo de diciembre de 2018 al 24 de mayo de 2023, se cometieron 156 mil 136 asesinatos en M\u00e9xico.<\/span><\/p>\n<p class=\"p1\"><span style=\"font-size: 14pt;\">Este informe implica que el sexenio de L\u00f3pez Obrador es el m\u00e1s violento registrado en la historia contempor\u00e1nea de M\u00e9xico.<\/span><\/p>\n<p class=\"p1\"><span style=\"font-size: 14pt;\">Nada m\u00e1s para que no me acusen de amarillista al servicio de los conservadores y neoliberales, las cifras oficiales refiere que, en todo el gobierno de Pe\u00f1a Nieto, es decir, en seis a\u00f1os, se cometieron 156 mil 66<\/span><\/p>\n<p class=\"p1\"><span style=\"font-size: 14pt;\">Y al gobierno de la 4T le falta a\u00f1o y medio de gesti\u00f3n para bordar finamente el escenario del fracaso de la pol\u00edtica de seguridad p\u00fablica nacional, de la tarea encomendada a la Guardia Nacional y a las Fuerzas Armadas cuyos altos mandos, la burocracia dorada militar, hoy como nunca est\u00e1 inmersa en actos de corrupci\u00f3n.<\/span><\/p>\n<p class=\"p1\"><span style=\"font-size: 14pt;\">\u00bfA poco?<\/span><\/p>\n<p class=\"p1\"><span style=\"font-size: 14pt;\">Pero, adem\u00e1s, he ah\u00ed que el licenciado Andr\u00e9s Manuel dice que, hace cuatro a\u00f1os y medio, \u201cel pa\u00eds estaba en bancarrota, inmerso en una decadencia (\u2026)\u201d.<\/span><\/p>\n<p class=\"p1\"><span style=\"font-size: 14pt;\">Pues se\u00f1or, resulta que Espergencia 15 a\u00f1os cumpli\u00f3 y hasta hoy, que va a cumplir los 30, se le festej\u00f3, cantar\u00eda el maestro Chava Flores y le queda al licenciado presidente en la justificaci\u00f3n de no haber hecho nada por revertir esa canija herencia maldita.<\/span><\/p>\n<p class=\"p1\"><span style=\"font-size: 14pt;\">Porque, total, primo hermano, la apuesta es que quien lo releve el lunes 30 de septiembre de 2024 ser\u00e1 de la misma Mafia del Joder, cuyo compromiso es continuar con la 4T en busca de su consolidaci\u00f3n.<\/span><\/p>\n<p class=\"p1\"><span style=\"font-size: 14pt;\">Aunque no guste \u201ca los que antes se sent\u00edan los due\u00f1os de M\u00e9xico\u201d, s\u00ed, s\u00ed, esos que, asegura Su Alteza Seren\u00edsima, \u201cson los responsables de la tragedia nacional\u201d y que, a hueso, \u201cdeber\u00edan de estar ofreciendo disculpas\u201d.<\/span><\/p>\n<p class=\"p1\"><span style=\"font-size: 14pt;\">\u00bfY por qu\u00e9 ofrece justificaciones mas no disculpas por el enorme cementerio en que ha convertido al pa\u00eds, consecuencia de su p\u00e9sima visi\u00f3n respecto de la seguridad p\u00fablica y del manejo de la epidemia del Covid <\/span><span style=\"font-size: 14pt;\">19? \u00a1Qu\u00e9 barbaridad, Drakko! Digo.<\/span><\/p>\n<p>&nbsp;<\/p>\n<hr \/>\n<p>&nbsp;<\/p>\n<p><strong><span style=\"font-size: 18pt;\">Correo: <\/span><span class=\"s1\"><a href=\"mailto:sanchezlimon@gmail.com\"><span style=\"font-size: 18pt;\">sanchezlimon@gmail.com<\/span><\/a><\/span><span class=\"s2\" style=\"font-size: 18pt;\">\u00a0<\/span><\/strong><\/p>\n<p class=\"p3\"><strong><span style=\"font-size: 18pt;\"><span class=\"s2\">Twitter: <a href=\"https:\/\/twitter.com\/sanchezlimon1\">@sanchezlimon1<\/a><\/span><\/span><\/strong><\/p>\n<p>&nbsp;<\/p>\n<p><img loading=\"lazy\" decoding=\"async\" class=\"aligncenter wp-image-11449\" src=\"http:\/\/noticiasveracruz.com\/wp-content\/uploads\/2023\/01\/FIRMA-EDITORIAL-NV-300x37.png\" alt=\"\" width=\"1000\" height=\"122\" srcset=\"https:\/\/noticiasveracruz.com\/wp-content\/uploads\/2023\/01\/FIRMA-EDITORIAL-NV-300x37.png 300w, https:\/\/noticiasveracruz.com\/wp-content\/uploads\/2023\/01\/FIRMA-EDITORIAL-NV-1024x125.png 1024w, https:\/\/noticiasveracruz.com\/wp-content\/uploads\/2023\/01\/FIRMA-EDITORIAL-NV-768x94.png 768w, https:\/\/noticiasveracruz.com\/wp-content\/uploads\/2023\/01\/FIRMA-EDITORIAL-NV-1536x188.png 1536w, https:\/\/noticiasveracruz.com\/wp-content\/uploads\/2023\/01\/FIRMA-EDITORIAL-NV-2048x250.png 2048w\" sizes=\"auto, (max-width: 1000px) 100vw, 1000px\" \/><\/p>\n<p>&nbsp;<\/p>\n<p>&nbsp;<\/p>\n<p>&nbsp;<\/p>\n","protected":false},"excerpt":{"rendered":"<p>&nbsp; Por Mois\u00e9s S\u00e1nchez Lim\u00f3n La verdad, la pura verdad, no pudimos remontar la herencia. Se nos hizo bolas el<\/p>\n","protected":false},"author":4,"featured_media":12769,"comment_status":"closed","ping_status":"closed","sticky":false,"template":"","format":"standard","meta":{"colormag_page_container_layout":"default_layout","colormag_page_sidebar_layout":"default_layout","_jetpack_memberships_contains_paid_content":false,"footnotes":"","jetpack_publicize_message":"","jetpack_publicize_feature_enabled":true,"jetpack_social_post_already_shared":true,"jetpack_social_options":{"image_generator_settings":{"template":"highway","default_image_id":0,"font":"","enabled":false},"version":2}},"categories":[6],"tags":[],"class_list":["post-16122","post","type-post","status-publish","format-standard","has-post-thumbnail","hentry","category-columnistas"],"jetpack_publicize_connections":[],"jetpack_featured_media_url":"https:\/\/noticiasveracruz.com\/wp-content\/uploads\/2023\/02\/P-MOISES-SANCHEZ.png","jetpack_sharing_enabled":true,"publishpress_future_action":{"enabled":false,"date":"2026-05-06 12:55:11","action":"change-status","newStatus":"draft","terms":[],"taxonomy":"category","extraData":[]},"publishpress_future_workflow_manual_trigger":{"enabledWorkflows":[]},"_links":{"self":[{"href":"https:\/\/noticiasveracruz.com\/index.php\/wp-json\/wp\/v2\/posts\/16122","targetHints":{"allow":["GET"]}}],"collection":[{"href":"https:\/\/noticiasveracruz.com\/index.php\/wp-json\/wp\/v2\/posts"}],"about":[{"href":"https:\/\/noticiasveracruz.com\/index.php\/wp-json\/wp\/v2\/types\/post"}],"author":[{"embeddable":true,"href":"https:\/\/noticiasveracruz.com\/index.php\/wp-json\/wp\/v2\/users\/4"}],"replies":[{"embeddable":true,"href":"https:\/\/noticiasveracruz.com\/index.php\/wp-json\/wp\/v2\/comments?post=16122"}],"version-history":[{"count":0,"href":"https:\/\/noticiasveracruz.com\/index.php\/wp-json\/wp\/v2\/posts\/16122\/revisions"}],"wp:featuredmedia":[{"embeddable":true,"href":"https:\/\/noticiasveracruz.com\/index.php\/wp-json\/wp\/v2\/media\/12769"}],"wp:attachment":[{"href":"https:\/\/noticiasveracruz.com\/index.php\/wp-json\/wp\/v2\/media?parent=16122"}],"wp:term":[{"taxonomy":"category","embeddable":true,"href":"https:\/\/noticiasveracruz.com\/index.php\/wp-json\/wp\/v2\/categories?post=16122"},{"taxonomy":"post_tag","embeddable":true,"href":"https:\/\/noticiasveracruz.com\/index.php\/wp-json\/wp\/v2\/tags?post=16122"}],"curies":[{"name":"wp","href":"https:\/\/api.w.org\/{rel}","templated":true}]}}