{"id":16111,"date":"2023-06-02T05:00:29","date_gmt":"2023-06-02T10:00:29","guid":{"rendered":"https:\/\/noticiasveracruz.com\/?p=16111"},"modified":"2023-06-02T06:40:27","modified_gmt":"2023-06-02T11:40:27","slug":"enemigos-de-las-mujeres","status":"publish","type":"post","link":"https:\/\/noticiasveracruz.com\/index.php\/2023\/06\/02\/enemigos-de-las-mujeres\/","title":{"rendered":"Enemigos de las mujeres"},"content":{"rendered":"<p class=\"p1\">\n<p>&nbsp;<\/p>\n<p class=\"p1\"><span style=\"font-size: 18pt;\"><strong>Por Aurelio Contreras Moreno<\/strong><\/span><\/p>\n<p class=\"p1\"><span style=\"font-size: 14pt;\">El r\u00e9gimen de la autoproclamada \u201ccuarta transformaci\u00f3n\u201d ha pretendido arrogarse la representaci\u00f3n del \u201cfeminismo\u201d y de la defensa de los derechos de las mujeres porque, seg\u00fan, es un gobierno de \u201cizquierda\u201d.<\/span><\/p>\n<p class=\"p1\"><span style=\"font-size: 14pt;\">Sin embargo, en los hechos solo se trata de un gobierno neopopulista emergido de un amasijo sin mayor ideolog\u00eda que la obediencia ciega a un l\u00edder carism\u00e1tico que, en realidad, es un conservador de cepa, como Andr\u00e9s Manuel L\u00f3pez Obrador.<\/span><\/p>\n<p class=\"p1\"><span style=\"font-size: 14pt;\">Y como tal, los derechos de las infancias, de las mujeres y en general de los grupos vulnerables le tienen sin mayor cuidado. En sus \u00e9pocas de opositor solo los us\u00f3 como bandera, pero en la actualidad le estorban y detesta a grado m\u00e1ximo que le hagan reclamos por ello.<\/span><\/p>\n<p class=\"p1\"><span style=\"font-size: 14pt;\">Lo \u00fanico que en realidad le importa a este gobierno, a este presidente y a sus \u201cachichincles\u201d \u2013porque as\u00ed los trata- legisladores, gobernadores, alcaldes y funcionarios de todos los \u00f3rdenes es mantenerse en el poder al costo que sea. Y eso incluye la salud y el bienestar de esos grupos vulnerables y en general de la poblaci\u00f3n del pa\u00eds.<\/span><\/p>\n<p class=\"p1\"><span style=\"font-size: 14pt;\">Este jueves, se public\u00f3 en el Diario Oficial de la Federaci\u00f3n el Suplemento del Programa Nacional de Infraestructura de la Calidad 2023, a cargo de la Secretar\u00eda de Econom\u00eda, en el cual se cancelan las Normas Oficiales para atenci\u00f3n de c\u00e1ncer de mama y c\u00e9rvico uterino, as\u00ed como el fomento a la lactancia materna, entre varios otros temas.<\/span><\/p>\n<p class=\"p1\"><span style=\"font-size: 14pt;\">La \u201cjustificaci\u00f3n\u201d que se arguye para cancelar estas normas, que son las reglas de operaci\u00f3n bajo las cuales se llevan a cabo los programas para atender \u00e9stos y otros temas, es de antolog\u00eda: \u201calinear las Normas Oficiales Mexicanas y Est\u00e1ndares a las prioridades y objetivos\u00a0fundamentales de esta administraci\u00f3n, as\u00ed como aquellas que podr\u00edan tener incidencia en los rubros de\u00a0nuevas inversiones, competitividad y competencia\u201d.<\/span><\/p>\n<p class=\"p1\"><span style=\"font-size: 14pt;\">En realidad, la explicaci\u00f3n es m\u00e1s sencilla: el gobierno del \u201chumanismo mexicano\u201d \u2013as\u00ed se automotej\u00f3- no quiere invertir en estos rubros, pues ya no sabe de d\u00f3nde sacar dinero para mantener sus programas sociales clientelares ni el barril sin fondo de sus obras fara\u00f3nicas en el sureste del pa\u00eds. Literalmente, est\u00e1n buscando sangrar a las piedras.<\/span><\/p>\n<p class=\"p1\"><span style=\"font-size: 14pt;\">Lo monstruoso es que en ese af\u00e1n por comprar consciencias y voluntades a cambio de migajas, est\u00e9n dispuestos a dejar a su suerte a la poblaci\u00f3n y comprometer su salud y su vida. El c\u00e1ncer de mama es la primera causa de muerte de mujeres en M\u00e9xico. Cancelar una norma que guiaba la actuaci\u00f3n del sector salud en su diagn\u00f3stico y tratamiento es un acto criminal. Propio de un gobierno como el actual, que se comport\u00f3 de manera similar durante la pandemia, con el costo de alrededor de un mill\u00f3n de muertes en M\u00e9xico por ese motivo.<\/span><\/p>\n<p class=\"p1\"><span style=\"font-size: 14pt;\">As\u00ed como han destruido instituciones, fideicomisos, programas e iniciativas que s\u00ed funcionaban y que permitieron que el pa\u00eds avanzara aunque fuese un poco los \u00faltimos 25 a\u00f1os, la \u201c4t\u201d demuestra una vez m\u00e1s que la salud de las mujeres no es, en absoluto, su prioridad. <\/span><span style=\"font-size: 14pt;\">As\u00ed de \u201cfeministas\u201d son.<\/span><\/p>\n<p>&nbsp;<\/p>\n<p class=\"p1\"><span style=\"font-size: 18pt; color: #e42d33;\"><strong>LA IGNORANTE MISOGINIA DE CUITL\u00c1HUAC<\/strong><\/span><\/p>\n<p class=\"p1\"><span style=\"font-size: 14pt;\">Hablando de enemigos de las mujeres, el gobernador Cuitl\u00e1huac Garc\u00eda no ha parado esta semana de violentar a aquellas que no est\u00e1n a su servicio y de mostrar su franco desprecio por su bienestar.<\/span><\/p>\n<p class=\"p1\"><span style=\"font-size: 14pt;\">Ahora sali\u00f3 con que es \u201cinnecesario\u201d que haya una titular en el Instituto Veracruzano de las Mujeres \u2013que lleva cuatro a\u00f1os ac\u00e9falo, sin directora-, porque seg\u00fan \u00e9l la encargada de la oficina, Roc\u00edo Villafuerte \u2013una morenista que no dice ni p\u00edo ante las constantes agresiones a mujeres por parte de los funcionarios de este gobierno- trabaja \u201ccomo si fuera la titular\u201d.<\/span><\/p>\n<p class=\"p1\"><span style=\"font-size: 14pt;\">Ojal\u00e1 Veracruz tuviera un gobernador que al menos intentara trabajar \u201ccomo si lo fuera\u201d.<\/span><\/p>\n<p>&nbsp;<\/p>\n<hr \/>\n<p>&nbsp;<\/p>\n<p class=\"p1\"><span style=\"font-size: 18pt;\"><strong>Correo: <a href=\"mailto:aureliocontreras@gmail.com\">aureliocontreras@gmail.com<\/a><\/strong><\/span><\/p>\n<p class=\"p1\"><span style=\"font-size: 18pt;\"><strong>Twitter: <a href=\"http:\/\/www.twitter.com\/yeyocontreras\">@yeyocontreras<\/a><\/strong><\/span><\/p>\n<p>&nbsp;<\/p>\n<p><img loading=\"lazy\" decoding=\"async\" class=\"aligncenter wp-image-11449\" src=\"http:\/\/noticiasveracruz.com\/wp-content\/uploads\/2023\/01\/FIRMA-EDITORIAL-NV-300x37.png\" alt=\"\" width=\"1000\" height=\"122\" srcset=\"https:\/\/noticiasveracruz.com\/wp-content\/uploads\/2023\/01\/FIRMA-EDITORIAL-NV-300x37.png 300w, https:\/\/noticiasveracruz.com\/wp-content\/uploads\/2023\/01\/FIRMA-EDITORIAL-NV-1024x125.png 1024w, https:\/\/noticiasveracruz.com\/wp-content\/uploads\/2023\/01\/FIRMA-EDITORIAL-NV-768x94.png 768w, https:\/\/noticiasveracruz.com\/wp-content\/uploads\/2023\/01\/FIRMA-EDITORIAL-NV-1536x188.png 1536w, https:\/\/noticiasveracruz.com\/wp-content\/uploads\/2023\/01\/FIRMA-EDITORIAL-NV-2048x250.png 2048w\" sizes=\"auto, (max-width: 1000px) 100vw, 1000px\" \/><\/p>\n<p>&nbsp;<\/p>\n<p>&nbsp;<\/p>\n<p>&nbsp;<\/p>\n","protected":false},"excerpt":{"rendered":"<p>&nbsp; Por Aurelio Contreras Moreno El r\u00e9gimen de la autoproclamada \u201ccuarta transformaci\u00f3n\u201d ha pretendido arrogarse la representaci\u00f3n del \u201cfeminismo\u201d y<\/p>\n","protected":false},"author":4,"featured_media":3578,"comment_status":"closed","ping_status":"closed","sticky":false,"template":"","format":"standard","meta":{"colormag_page_container_layout":"default_layout","colormag_page_sidebar_layout":"default_layout","_jetpack_memberships_contains_paid_content":false,"footnotes":"","jetpack_publicize_message":"","jetpack_publicize_feature_enabled":true,"jetpack_social_post_already_shared":true,"jetpack_social_options":{"image_generator_settings":{"template":"highway","default_image_id":0,"font":"","enabled":false},"version":2}},"categories":[6],"tags":[],"class_list":["post-16111","post","type-post","status-publish","format-standard","has-post-thumbnail","hentry","category-columnistas"],"jetpack_publicize_connections":[],"jetpack_featured_media_url":"https:\/\/noticiasveracruz.com\/wp-content\/uploads\/2022\/04\/P-AURELIO-CONTRERAS.png","jetpack_sharing_enabled":true,"publishpress_future_action":{"enabled":false,"date":"2026-05-06 10:38:24","action":"change-status","newStatus":"draft","terms":[],"taxonomy":"category","extraData":[]},"publishpress_future_workflow_manual_trigger":{"enabledWorkflows":[]},"_links":{"self":[{"href":"https:\/\/noticiasveracruz.com\/index.php\/wp-json\/wp\/v2\/posts\/16111","targetHints":{"allow":["GET"]}}],"collection":[{"href":"https:\/\/noticiasveracruz.com\/index.php\/wp-json\/wp\/v2\/posts"}],"about":[{"href":"https:\/\/noticiasveracruz.com\/index.php\/wp-json\/wp\/v2\/types\/post"}],"author":[{"embeddable":true,"href":"https:\/\/noticiasveracruz.com\/index.php\/wp-json\/wp\/v2\/users\/4"}],"replies":[{"embeddable":true,"href":"https:\/\/noticiasveracruz.com\/index.php\/wp-json\/wp\/v2\/comments?post=16111"}],"version-history":[{"count":0,"href":"https:\/\/noticiasveracruz.com\/index.php\/wp-json\/wp\/v2\/posts\/16111\/revisions"}],"wp:featuredmedia":[{"embeddable":true,"href":"https:\/\/noticiasveracruz.com\/index.php\/wp-json\/wp\/v2\/media\/3578"}],"wp:attachment":[{"href":"https:\/\/noticiasveracruz.com\/index.php\/wp-json\/wp\/v2\/media?parent=16111"}],"wp:term":[{"taxonomy":"category","embeddable":true,"href":"https:\/\/noticiasveracruz.com\/index.php\/wp-json\/wp\/v2\/categories?post=16111"},{"taxonomy":"post_tag","embeddable":true,"href":"https:\/\/noticiasveracruz.com\/index.php\/wp-json\/wp\/v2\/tags?post=16111"}],"curies":[{"name":"wp","href":"https:\/\/api.w.org\/{rel}","templated":true}]}}