{"id":16062,"date":"2023-05-31T19:47:16","date_gmt":"2023-06-01T00:47:16","guid":{"rendered":"https:\/\/noticiasveracruz.com\/?p=16062"},"modified":"2023-05-31T19:47:16","modified_gmt":"2023-06-01T00:47:16","slug":"alcalde-jose-manuel-pozos-reconoce-a-cafecultores-el-mejor-cafe-de-mexico-es-de-veracruz","status":"publish","type":"post","link":"https:\/\/noticiasveracruz.com\/index.php\/2023\/05\/31\/alcalde-jose-manuel-pozos-reconoce-a-cafecultores-el-mejor-cafe-de-mexico-es-de-veracruz\/","title":{"rendered":"Alcalde Jos\u00e9 Manuel Pozos reconoce a cafecultores, \u201cEl mejor caf\u00e9 de M\u00e9xico \u00a1Es de Veracruz!\u201d"},"content":{"rendered":"<p class=\"p1\">\n<p>&nbsp;<\/p>\n<p class=\"p1\"><span style=\"font-size: 14pt;\"><em><strong>TUXPAN, VERACRUZ.<\/strong> <\/em><strong>Productores de 10 regiones de Veracruz<\/strong> participaron en la <strong>\u201cJornada de Caf\u00e9 Solidario\u201d<\/strong> que se llev\u00f3 a cabo en la Plaza C\u00edvica de Tuxpan como apoyo a las y los <strong>cafeticultores veracruzanos.<\/strong> <\/span><\/p>\n<p class=\"p1\"><span style=\"font-size: 18pt;\"><strong>Se presentaron una gran variedad de productos de Mecatl\u00e1n, Filomeno Mata, Xalapa, Plan de Hayas, Juchique de Ferrer, Alto Lucero, Coatepec, Yecuatla, Naolinco y Chiconquiaco.<\/strong><\/span><\/p>\n<p class=\"p1\"><span style=\"font-size: 14pt;\">Al dar la bienvenida a los asistentes, el alcalde Jos\u00e9 Manuel Pozos Castro destac\u00f3 que el caf\u00e9 que se produce en las 10 regiones de Veracruz se distingue por su excepcional sabor y su excelente calidad.<\/span><\/p>\n<p>&nbsp;<\/p>\n<p><img loading=\"lazy\" decoding=\"async\" class=\"aligncenter wp-image-20474 size-large\" src=\"https:\/\/politicosaldesnudo.com.mx\/wp-content\/uploads\/2023\/05\/P-JORNADA-CAFE-TUXPAN-2-1024x573.png\" alt=\"\" width=\"800\" height=\"448\" \/><\/p>\n<p>&nbsp;<\/p>\n<blockquote>\n<p class=\"p1\"><span style=\"font-size: 14pt;\">No hay duda de que el mejor caf\u00e9 de M\u00e9xico\u2026 \u00a1Es de Veracruz!\u201d<\/span><\/p>\n<\/blockquote>\n<p>&nbsp;<\/p>\n<p><img loading=\"lazy\" decoding=\"async\" class=\"aligncenter wp-image-20479 size-large\" src=\"https:\/\/politicosaldesnudo.com.mx\/wp-content\/uploads\/2023\/05\/P-JORNADA-CAFE-TUXPAN-7-1024x573.png\" alt=\"\" width=\"800\" height=\"448\" \/><\/p>\n<p>&nbsp;<\/p>\n<p class=\"p1\"><span style=\"font-size: 18pt;\"><strong>Felicit\u00f3 al gobierno de Veracruz y a la Sedarpa por impulsar estas jornadas, que sirven como espacio para la promoci\u00f3n, venta y distribuci\u00f3n del arom\u00e1tico, adem\u00e1s de ser una oportunidad de vinculaci\u00f3n con empresarios mayoristas.<\/strong><\/span><\/p>\n<p>&nbsp;<\/p>\n<p><img loading=\"lazy\" decoding=\"async\" class=\"aligncenter wp-image-20476 size-large\" src=\"https:\/\/politicosaldesnudo.com.mx\/wp-content\/uploads\/2023\/05\/P-JORNADA-CAFE-TUXPAN-4-1024x573.png\" alt=\"\" width=\"800\" height=\"448\" \/><\/p>\n<p>&nbsp;<\/p>\n<blockquote>\n<p class=\"p1\"><span style=\"font-size: 14pt;\">Hoy es una gran oportunidad para que el p\u00fablico consumidor, los empresarios y restauranteros conozcan y puedan aprovechar las bondades y cualidades de este gran caf\u00e9\u201d<\/span><\/p>\n<\/blockquote>\n<p>&nbsp;<\/p>\n<p class=\"p1\"><span style=\"font-size: 18pt;\"><strong>Jos\u00e9 Pozos Castro indic\u00f3 que la denominaci\u00f3n de Caf\u00e9 Veracruz y los premios obtenidos en cert\u00e1menes nacionales, son un reconocimiento al trabajo diario de miles de productores en 842 comunidades, de 82 municipios.<\/strong><\/span><\/p>\n<p>&nbsp;<\/p>\n<p><img loading=\"lazy\" decoding=\"async\" class=\"aligncenter wp-image-20478 size-large\" src=\"https:\/\/politicosaldesnudo.com.mx\/wp-content\/uploads\/2023\/05\/P-JORNADA-CAFE-TUXPAN-6-1024x573.png\" alt=\"\" width=\"800\" height=\"448\" \/><\/p>\n<p>&nbsp;<\/p>\n<blockquote>\n<p class=\"p2\"><span class=\"Apple-converted-space\" style=\"font-size: 14pt;\">\u00a0<\/span><span style=\"font-size: 14pt;\">El caf\u00e9 forma parte de nuestra identidad cultural y tradici\u00f3n gastron\u00f3mica, por eso queremos que a nuestros productores de caf\u00e9 les vaya muy bien\u201d<\/span><\/p>\n<\/blockquote>\n<p>&nbsp;<\/p>\n<p>&nbsp;<\/p>\n<p class=\"p1\"><span style=\"font-size: 18pt; color: #e42d33;\"><strong>APOYANDO A PRODUCTORES<\/strong><\/span><\/p>\n<p class=\"p1\"><span style=\"font-size: 18pt;\"><strong>La subsecretaria de Desarrollo Rural, Agronegocios e Infraestructura, Mar\u00eda Josefa Hern\u00e1ndez Santiago se\u00f1al\u00f3 que el prop\u00f3sito de estas jornadas es apoyar a los productores a comercializar sus diferentes mercanc\u00edas, adem\u00e1s de brindar a los ciudadano la oportunidad de degustar el arom\u00e1tico de las 10 regiones del estado. <\/strong><\/span><\/p>\n<p class=\"p1\"><span style=\"font-size: 18pt;\"><strong>Asimismo Hern\u00e1ndez Santiago dijo que estas jornadas tambi\u00e9n sirven para explicar el proceso de producci\u00f3n del caf\u00e9. <\/strong><\/span><\/p>\n<p>&nbsp;<\/p>\n<p><img loading=\"lazy\" decoding=\"async\" class=\"aligncenter wp-image-20480 size-large\" src=\"https:\/\/politicosaldesnudo.com.mx\/wp-content\/uploads\/2023\/05\/P-JORNADA-CAFE-TUXPAN-9-1024x573.png\" alt=\"\" width=\"800\" height=\"448\" \/><\/p>\n<p>&nbsp;<\/p>\n<p class=\"p1\"><span style=\"font-size: 14pt;\">Por su parte, Dominga Ventura Jim\u00e9nez, productora de caf\u00e9 del municipio de Cerro Grande de Filomeno Mata, Veracruz, agradeci\u00f3 a los tres niveles de gobierno por la invitaci\u00f3n al evento y por el apoyo que estas jornadas les brindan a los productores para aprender m\u00e1s, mediante el respaldo de t\u00e9cnicos especializados. <\/span><\/p>\n<p class=\"p1\"><span style=\"font-size: 18pt;\"><strong>Luego del evento, las autoridades realizaron un recorrido por los diferentes stands, y participaron en la degustaci\u00f3n que llev\u00f3 a cabo el barista Alejandro Muguira Medina, quien expuso las bondades y la calidad de cada uno de los productos.<\/strong><\/span><\/p>\n<p class=\"p1\"><span style=\"font-size: 14pt;\">Durante el desarrollo de esta jornada se pudo disfrutar de las presentaciones del Ballet Folcl\u00f3rico Xochiqu\u00e9tzal y del tr\u00edo Puerta de Oro.<\/span><\/p>\n<p>&nbsp;<\/p>\n<p><img loading=\"lazy\" decoding=\"async\" class=\"aligncenter wp-image-20473 size-large\" src=\"https:\/\/politicosaldesnudo.com.mx\/wp-content\/uploads\/2023\/05\/P-JORNADA-CAFE-TUXPAN-1-1024x573.png\" alt=\"\" width=\"800\" height=\"448\" \/><\/p>\n<p>&nbsp;<\/p>\n<p class=\"p1\"><span style=\"font-size: 14pt;\">El acto protocolario estuvo encabezado por el alcalde Jos\u00e9 Manuel Pozos Castro, la subsecretaria de Desarrollo Rural, Agronegocios e Infraestructura, Mar\u00eda Josefa Hern\u00e1ndez Santiago; la s\u00edndica \u00fanica Beatriz Pi\u00f1a Vergara; Mar\u00eda del Pilar Mart\u00ednez Matesanz, regidora comisionada en Fomento Agropecuario, as\u00ed como Wenceslao Gonz\u00e1lez Mart\u00ednez, director general de Agronegocios de la Sedarpa.<\/span><\/p>\n<p>&nbsp;<\/p>\n<p><img loading=\"lazy\" decoding=\"async\" class=\"aligncenter wp-image-20477 size-large\" src=\"https:\/\/politicosaldesnudo.com.mx\/wp-content\/uploads\/2023\/05\/P-JORNADA-CAFE-TUXPAN-5-1024x573.png\" alt=\"\" width=\"800\" height=\"448\" \/><\/p>\n<p>&nbsp;<\/p>\n<p class=\"p1\"><span style=\"font-size: 14pt;\">Asimismo, Edmundo Crist\u00f3bal, director de Desarrollo Agropecuario, Forestal y Pesca; Rosa Idalia Hern\u00e1ndez Herrera, directora de la Facultad de Ciencias Biol\u00f3gicas y Agropecuarias de la Universidad Veracruzana Campus Tuxpan y Mar\u00eda Fernanda Salas P\u00e9rez, regidora comisionada en Fomento Agropecuario del municipio de Poza Rica. <\/span><\/p>\n<p class=\"p1\"><span style=\"font-size: 14pt;\">Tambi\u00e9n estuvieron presentes los regidores Lucero Res\u00e9ndis Ambrocio, Luis Demetrio L\u00f3pez Mar\u00edn, Axel Bernal Herrera y Luciano Folgueras Pioli, adem\u00e1s se tuvo la presencia de los ediles del municipio de Poza Rica, directores y coordinadores de \u00e1rea del Ayuntamiento de Tuxpan.<\/span><\/p>\n<p>&nbsp;<\/p>\n<p>&nbsp;<\/p>\n<p>&nbsp;<\/p>\n<p>&nbsp;<\/p>\n<p>&nbsp;<\/p>\n","protected":false},"excerpt":{"rendered":"<p>&nbsp; TUXPAN, VERACRUZ. Productores de 10 regiones de Veracruz participaron en la \u201cJornada de Caf\u00e9 Solidario\u201d que se llev\u00f3 a<\/p>\n","protected":false},"author":4,"featured_media":16065,"comment_status":"closed","ping_status":"closed","sticky":false,"template":"","format":"standard","meta":{"colormag_page_container_layout":"default_layout","colormag_page_sidebar_layout":"default_layout","_jetpack_memberships_contains_paid_content":false,"footnotes":"","jetpack_publicize_message":"","jetpack_publicize_feature_enabled":true,"jetpack_social_post_already_shared":true,"jetpack_social_options":{"image_generator_settings":{"template":"highway","default_image_id":0,"font":"","enabled":false},"version":2}},"categories":[356],"tags":[2631,2630,701,2632,72,73],"class_list":["post-16062","post","type-post","status-publish","format-standard","has-post-thumbnail","hentry","category-veracruz","tag-cafecultores","tag-jornada-de-cafe-solidario","tag-jose-manuel-pozos","tag-sedarpa","tag-tuxpan","tag-veracruz"],"jetpack_publicize_connections":[],"jetpack_featured_media_url":"https:\/\/noticiasveracruz.com\/wp-content\/uploads\/2023\/05\/P-JORNADA-CAFE-TUXPAN-3.png","jetpack_sharing_enabled":true,"publishpress_future_action":{"enabled":false,"date":"2026-05-06 07:27:00","action":"change-status","newStatus":"draft","terms":[],"taxonomy":"category","extraData":[]},"publishpress_future_workflow_manual_trigger":{"enabledWorkflows":[]},"_links":{"self":[{"href":"https:\/\/noticiasveracruz.com\/index.php\/wp-json\/wp\/v2\/posts\/16062","targetHints":{"allow":["GET"]}}],"collection":[{"href":"https:\/\/noticiasveracruz.com\/index.php\/wp-json\/wp\/v2\/posts"}],"about":[{"href":"https:\/\/noticiasveracruz.com\/index.php\/wp-json\/wp\/v2\/types\/post"}],"author":[{"embeddable":true,"href":"https:\/\/noticiasveracruz.com\/index.php\/wp-json\/wp\/v2\/users\/4"}],"replies":[{"embeddable":true,"href":"https:\/\/noticiasveracruz.com\/index.php\/wp-json\/wp\/v2\/comments?post=16062"}],"version-history":[{"count":0,"href":"https:\/\/noticiasveracruz.com\/index.php\/wp-json\/wp\/v2\/posts\/16062\/revisions"}],"wp:featuredmedia":[{"embeddable":true,"href":"https:\/\/noticiasveracruz.com\/index.php\/wp-json\/wp\/v2\/media\/16065"}],"wp:attachment":[{"href":"https:\/\/noticiasveracruz.com\/index.php\/wp-json\/wp\/v2\/media?parent=16062"}],"wp:term":[{"taxonomy":"category","embeddable":true,"href":"https:\/\/noticiasveracruz.com\/index.php\/wp-json\/wp\/v2\/categories?post=16062"},{"taxonomy":"post_tag","embeddable":true,"href":"https:\/\/noticiasveracruz.com\/index.php\/wp-json\/wp\/v2\/tags?post=16062"}],"curies":[{"name":"wp","href":"https:\/\/api.w.org\/{rel}","templated":true}]}}