{"id":16051,"date":"2023-05-31T15:15:27","date_gmt":"2023-05-31T20:15:27","guid":{"rendered":"https:\/\/noticiasveracruz.com\/?p=16051"},"modified":"2023-05-31T15:17:11","modified_gmt":"2023-05-31T20:17:11","slug":"pintura-madonna-with-child-robada-por-nazis-durante-segunda-guerra-mundial-regresa-a-polonia","status":"publish","type":"post","link":"https:\/\/noticiasveracruz.com\/index.php\/2023\/05\/31\/pintura-madonna-with-child-robada-por-nazis-durante-segunda-guerra-mundial-regresa-a-polonia\/","title":{"rendered":"Pintura \u201cMadonna with Child\u201d robada por nazis durante Segunda Guerra Mundial regresa a Polonia"},"content":{"rendered":"<p>&nbsp;<\/p>\n<p class=\"p1\"><span style=\"font-size: 14pt;\"><em><strong>VARSOVIA, POLONIA.<\/strong><span class=\"Apple-converted-space\"><strong>\u00a0<\/strong> <\/span><\/em>Una valiosa <strong>pintura italiana del siglo XVI<\/strong> que fue saqueada por la <strong>Alemania nazi durante la Segunda Guerra Mundial<\/strong> y descubierta en Jap\u00f3n fue devuelta a Polonia, dijeron las autoridades de Varsovia.<\/span><\/p>\n<p class=\"p1\"><span style=\"font-size: 18pt;\"><strong>La \u201cMadonna with Child\u201d atribuida a Alessandro Turchi, es la \u00faltima de unas 600 piezas art\u00edsticas saqueadas que Polonia ha repatriado con \u00e9xito. M\u00e1s de 66,000 supuestas p\u00e9rdidas de guerra siguen sin contabilizarse. La pintura fue entregada durante una ceremonia en la Embajada de Polonia en Tokio el mi\u00e9rcoles.<\/strong><\/span><\/p>\n<p class=\"p1\"><span style=\"font-size: 14pt;\">El ministro de Cultura, Piotr Glinski, dijo a los periodistas en Varsovia que la pintura barroca estaba en la lista de los nazis de las 521 obras de arte m\u00e1s valiosas entre las decenas de miles de obras de arte que saquearon cuando ocuparon Polonia entre 1939 y 1945.<\/span><\/p>\n<p>&nbsp;<\/p>\n<p><img loading=\"lazy\" decoding=\"async\" class=\"aligncenter wp-image-20437 size-large\" src=\"https:\/\/politicosaldesnudo.com.mx\/wp-content\/uploads\/2023\/05\/P-MADDONA-WITH-CHILD-TURCHI-2-1024x573.png\" alt=\"\" width=\"800\" height=\"448\" \/><\/p>\n<p>&nbsp;<\/p>\n<p class=\"p1\"><span style=\"font-size: 18pt;\"><strong>Piotr Glinski dijo que \u201cno es f\u00e1cil\u201d explicar la historia detr\u00e1s de las obras saqueadas, as\u00ed como la necesidad de su devoluci\u00f3n.\u00a0Pero dijo que la \u201cMadonna with Child\u201d fue devuelta luego de negociaciones con la parte japonesa y \u201cMainichi Auction Inc., as\u00ed como la persona que estaba en posesi\u00f3n de la pintura, decidieron devolverla a Polonia, sin costo alguno\u201d.<\/strong><\/span><\/p>\n<p class=\"p1\"><span style=\"font-size: 14pt;\">Agata Modzelewska, jefa del departamento de restituci\u00f3n de art\u00edculos culturales del ministerio, dijo que la parte polaca siempre enfatiza en las negociaciones que devolver el arte saqueado es \u201cel mejor gesto moral y \u00e9tico\u201d.<\/span><\/p>\n<p class=\"p1\"><span style=\"font-size: 18pt;\"><strong>La pintura fue identificada por expertos del ministerio en una subasta en Tokio en 2022. Procede de una colecci\u00f3n del arist\u00f3crata polaco del siglo XVIII Stanislaw Kostka-Potocki.\u00a0En 1823, la pintura se incluy\u00f3 entre las obras de arte pertenecientes a otro arist\u00f3crata polaco, Henryk Lubomirski, en la ciudad de Przeworsk.\u00a0Fue saqueado durante la guerra y vendido en una subasta en Nueva York a fines de la d\u00e9cada de 1990.<\/strong><\/span><\/p>\n<p>&nbsp;<\/p>\n<blockquote>\n<p class=\"p1\"><span style=\"font-size: 14pt;\">Cada vez m\u00e1s objetos saqueados aparecen en las subastas porque la memoria (de su pasado) se ha debilitado y las personas que est\u00e1n en su posesi\u00f3n ahora no tienen el conocimiento completo o no saben de d\u00f3nde proviene la obra de arte\u201d, agreg\u00f3. Modzelewska<\/span><\/p>\n<\/blockquote>\n<p>&nbsp;<\/p>\n<p class=\"p1\"><span style=\"font-size: 14pt;\">Polonia ha buscado activamente durante d\u00e9cadas repatriar obras de arte saqueadas durante la guerra por los nazis y las tropas sovi\u00e9ticas.<\/span><\/p>\n<p>&nbsp;<\/p>\n<p>&nbsp;<\/p>\n<p>&nbsp;<\/p>\n","protected":false},"excerpt":{"rendered":"<p>&nbsp; VARSOVIA, POLONIA.\u00a0 Una valiosa pintura italiana del siglo XVI que fue saqueada por la Alemania nazi durante la Segunda<\/p>\n","protected":false},"author":4,"featured_media":16052,"comment_status":"closed","ping_status":"closed","sticky":false,"template":"","format":"standard","meta":{"colormag_page_container_layout":"default_layout","colormag_page_sidebar_layout":"default_layout","_jetpack_memberships_contains_paid_content":false,"footnotes":"","jetpack_publicize_message":"","jetpack_publicize_feature_enabled":true,"jetpack_social_post_already_shared":true,"jetpack_social_options":{"image_generator_settings":{"template":"highway","default_image_id":0,"font":"","enabled":false},"version":2}},"categories":[358],"tags":[2624,2623,2627,2625,2626],"class_list":["post-16051","post","type-post","status-publish","format-standard","has-post-thumbnail","hentry","category-cultura","tag-alessandro-turchi","tag-madonna-with-child","tag-nazis","tag-piotr-glinski","tag-polonia"],"jetpack_publicize_connections":[],"jetpack_featured_media_url":"https:\/\/noticiasveracruz.com\/wp-content\/uploads\/2023\/05\/P-MADDONA-WITH-CHILD-TURCHI-1.png","jetpack_sharing_enabled":true,"publishpress_future_action":{"enabled":false,"date":"2026-05-06 09:11:51","action":"change-status","newStatus":"draft","terms":[],"taxonomy":"category","extraData":[]},"publishpress_future_workflow_manual_trigger":{"enabledWorkflows":[]},"_links":{"self":[{"href":"https:\/\/noticiasveracruz.com\/index.php\/wp-json\/wp\/v2\/posts\/16051","targetHints":{"allow":["GET"]}}],"collection":[{"href":"https:\/\/noticiasveracruz.com\/index.php\/wp-json\/wp\/v2\/posts"}],"about":[{"href":"https:\/\/noticiasveracruz.com\/index.php\/wp-json\/wp\/v2\/types\/post"}],"author":[{"embeddable":true,"href":"https:\/\/noticiasveracruz.com\/index.php\/wp-json\/wp\/v2\/users\/4"}],"replies":[{"embeddable":true,"href":"https:\/\/noticiasveracruz.com\/index.php\/wp-json\/wp\/v2\/comments?post=16051"}],"version-history":[{"count":0,"href":"https:\/\/noticiasveracruz.com\/index.php\/wp-json\/wp\/v2\/posts\/16051\/revisions"}],"wp:featuredmedia":[{"embeddable":true,"href":"https:\/\/noticiasveracruz.com\/index.php\/wp-json\/wp\/v2\/media\/16052"}],"wp:attachment":[{"href":"https:\/\/noticiasveracruz.com\/index.php\/wp-json\/wp\/v2\/media?parent=16051"}],"wp:term":[{"taxonomy":"category","embeddable":true,"href":"https:\/\/noticiasveracruz.com\/index.php\/wp-json\/wp\/v2\/categories?post=16051"},{"taxonomy":"post_tag","embeddable":true,"href":"https:\/\/noticiasveracruz.com\/index.php\/wp-json\/wp\/v2\/tags?post=16051"}],"curies":[{"name":"wp","href":"https:\/\/api.w.org\/{rel}","templated":true}]}}