{"id":16045,"date":"2023-05-31T05:40:57","date_gmt":"2023-05-31T10:40:57","guid":{"rendered":"https:\/\/noticiasveracruz.com\/?p=16045"},"modified":"2023-05-31T14:15:49","modified_gmt":"2023-05-31T19:15:49","slug":"animo-no-estan-solos-me-cae","status":"publish","type":"post","link":"https:\/\/noticiasveracruz.com\/index.php\/2023\/05\/31\/animo-no-estan-solos-me-cae\/","title":{"rendered":"\u00a1\u00c1nimo! No est\u00e1n solos\u2026 me cae"},"content":{"rendered":"<p class=\"p2\">\n<p>&nbsp;<\/p>\n<p class=\"p2\"><span style=\"font-size: 18pt;\"><strong>Por Mois\u00e9s S\u00e1nchez Lim\u00f3n <\/strong><\/span><\/p>\n<p class=\"p2\"><span style=\"font-size: 14pt;\">S\u00ed, me cae, ni est\u00e1n erizos los integrantes del Bronx de Morena, gente chula de bonita y de hablar florido, franc\u00e9s antiguo y espa\u00f1ol barroco. \u00bfMe\u00a0entendistes?<\/span><\/p>\n<p class=\"p2\"><span style=\"font-size: 14pt;\">No est\u00e1n solos, ni ma\u00edz paloma, tienen el manto protector ni m\u00e1s ni menos, se\u00f1ora y se\u00f1ores, del principal oligarca de M\u00e9xico para hacer lo que les venga en gana.<\/span><\/p>\n<p class=\"p2\"><span style=\"font-size: 14pt;\">S\u00ed, s\u00ed, carta blanca desde Palacio para amenazar, mentar madres, insultar, descalificar, victimizarse, tender celadas y todos los etc\u00e9teras inherentes al cargo que, responsables del trabajo sucio, de letrina de Morena, les encomiendan.<\/span><\/p>\n<p class=\"p2\"><span style=\"font-size: 14pt;\">\u00a1Ah!, pero con el sello de la impunidad y la insultante protecci\u00f3n de la fuerza p\u00fablica que les presta seguridad y transporte de la Secretar\u00eda de Seguridad Ciudadana de la capital chilanga, para sacarlos sanos y salvos de esos ciudadanos que comet\u00edan el delito de exigirles respeto hacia la ministra presidenta Norma Luc\u00eda Pi\u00f1a Hern\u00e1ndez y la Suprema Corte de Justicia de la Naci\u00f3n.<\/span><\/p>\n<p class=\"p2\"><span style=\"font-size: 14pt;\">Por supuesto con el aval de la licenciada y doctora Claudia Sheinbaum Pardo, que simplemente lo negar\u00e1 porque, \u00bfc\u00f3mo?, ellos y ella, a hueso, son diferentes y nada de andar pagando a grupos mercenarios para reventar reuniones de la oposici\u00f3n o generar violencia cuya autor\u00eda endilgan, \u00a1faltaba m\u00e1s!, a los mismos canijos opositores.<\/span><\/p>\n<p class=\"p2\"><span style=\"font-size: 14pt;\">\u00a1Aj\u00e1!, pinches neoliberales y periodistas vendidos, conservadores, reporteros de inmundos pasquines al servicio de la oligarqu\u00eda golpista que, \u00a1caray!, se quejan por unas pataditas y empujones y mentadas de madre.<\/span><\/p>\n<p class=\"p2\"><span style=\"font-size: 14pt;\">Esos, esos, aunque se resista a creerlo Su Alteza Seren\u00edsima, est\u00e1n solos.<\/span><\/p>\n<p class=\"p2\"><span style=\"font-size: 14pt;\">Y solos frente al que se ha erigido juez y parte. El Torquemada que dicta sentencia contra quienes no simpatizan con \u00e9l.<\/span><\/p>\n<p class=\"p2\"><span style=\"font-size: 14pt;\">S\u00ed, como estos peligros\u00edsimos ciudadanos que, vestidos de rosa mexicano y blanco, han tomado la calle y el Z\u00f3calo armados de la exigencia de respeto a las instituciones.<\/span><\/p>\n<p class=\"p2\"><span style=\"font-size: 14pt;\">S\u00ed, \u00e9stos que convocan a la defensa del Instituto Nacional Electoral, del voto que es sagrado aunque sacr\u00edlegos lo venden y prostituyen, moneda de cambio en las negociaciones que levantan el brazo triunfador a \u00e9l o la \u00a0impresentable candidata.<\/span><\/p>\n<p class=\"p2\"><span style=\"font-size: 14pt;\">Porque, \u00bfa poco cree usted que la fil\u00f3sofa Layda Sansores Sanrom\u00e1n gan\u00f3 limpiamente la elecci\u00f3n al gobierno de Campeche?<\/span><\/p>\n<p class=\"p2\"><span style=\"font-size: 14pt;\">Bueno, para no ir m\u00e1s lejos ah\u00ed tiene usted a los dirigentes del llamado PVEM y del Partido del Trabajo, dem\u00f3cratas y honestos pr\u00f3ceres de la patria que apenas ayer, martes, sacrificaron a sus candidatos al gobierno de Coahuila, Evaristo Lenin P\u00e9rez Rivera y Ricardo Mej\u00eda Berdeja, para sumarse a la causa del abanderado de Morena, el ingeniero civil y senador con licencia Armando Guadiana Tijerina.<\/span><\/p>\n<p class=\"p2\"><span style=\"font-size: 14pt;\">\u00bfQui\u00e9n fue el genio de fenomenal operaci\u00f3n pol\u00edtica carente de rubor?<\/span><\/p>\n<p class=\"p2\"><span style=\"font-size: 14pt;\">\u00a1Adivin\u00f3!<\/span><\/p>\n<p class=\"p2\"><span style=\"font-size: 14pt;\">S\u00ed, Mario Delgado Carrillo, gerente del corporativo Morena, Inc., ex senador bajo la siglas de Convergencia por la Democracia que devino en Movimiento Ciudadano y quien presume que el Movimiento Regeneraci\u00f3n Nacional est\u00e1 en su mejor momento, de rechupete, imparable, pero\u2026<\/span><\/p>\n<p class=\"p2\"><span style=\"font-size: 14pt;\">\u00bfSer\u00e1 por eso que anda en labor de zapa entre pol\u00edticos dolidos con el PRI, el PAN, el PRD, o de plano encabronados con Alfredo del Mazo porque no les hizo justicia, para sumarlos a la causa de la profesora Delfina G\u00f3mez \u00c1lvarez y que, ahora s\u00ed, gane la elecci\u00f3n del pr\u00f3ximo domingo 4 de junio al gobierno del Estado de M\u00e9xico?<\/span><\/p>\n<p class=\"p2\"><span style=\"font-size: 14pt;\">Son los mismos de siempre, las mismas lealtades y hermandades, pactos de sangre que se diluyen frente al canto de las sirenas que suelen ser mendrugos de poder. Pero\u2026<\/span><\/p>\n<p class=\"p2\"><span style=\"font-size: 14pt;\">\u00bfA qui\u00e9n obedecen estos negociadores de sociedades que pervierten al voto? \u00bfDe qui\u00e9n atiende instrucciones el alto funcionario, el \u00fanico miembro del c\u00edrculo dorado que tiene voz y voto para descalificar al Poder Judicial de la Federaci\u00f3n y, en especial, a la ministra presidenta Pi\u00f1a Hern\u00e1ndez?<\/span><\/p>\n<p class=\"p2\"><span style=\"font-size: 14pt;\">Porque esto, y usted y yo sabemos que lo ordena sin ordenarlo verbalmente, en p\u00fablico, el licenciado presidente, y los prohombres y mujeres del gabinete han aprendido a interpretar lo que quiso decir su jefe m\u00e1ximo.<\/span><\/p>\n<p class=\"p2\"><span style=\"font-size: 14pt;\">Porque el licenciado presidente miente y acusa porque as\u00ed se le pega la gana, porque ya es parte de su yo externo, como decir que, el domingo \u00faltimo, \u00a0\u201c(ayer), a pesar que Ciro G\u00f3mez Leyva y todos los medios convocan a las manifestaciones, pues de acuerdo al informe que tengo, tres mil personas, muy\u00a0erizo. Tienen que echarle m\u00e1s ganas\u201d.<\/span><\/p>\n<p class=\"p2\"><span style=\"font-size: 14pt;\">Pero ni Ciro ni los medios convocaron.<\/span><\/p>\n<p class=\"p2\"><span style=\"font-size: 14pt;\">No, simplemente levantaron la informaci\u00f3n que llevaba impl\u00edcita la convocatoria de la presidenta de Chalecos M\u00e9xico, A.C, Alejandra Mor\u00e1n.<\/span><\/p>\n<p class=\"p2\"><span style=\"font-size: 14pt;\">Adem\u00e1s, si fue muy erizo el contingente, \u00a1por qu\u00e9 demonios, Batman!, el enojo del oligarca de Palacio.<\/span><\/p>\n<p class=\"p2\"><span style=\"font-size: 14pt;\">\u201cPero, la verdad, la verdad, no tienen causa, no hay bandera, est\u00e1 complicado defender a la Corte, decir: \u2018La Corte no se toca\u2019, defender a jueces, a magistrados, a ministros, que violan la Constituci\u00f3n\u201d, descalifica el licenciado y resta importancia. \u00bfY?<\/span><\/p>\n<p class=\"p2\"><span style=\"font-size: 14pt;\">\u00bfPara qu\u00e9 tanto brinco estando el suelo tan parejo?<\/span><\/p>\n<p class=\"p2\"><span style=\"font-size: 14pt;\">\u00a1Ah!, pero no faltan los mercenarios que siembran preguntas con marco hist\u00f3rico, referencias, bibliograf\u00eda, contexto y etc\u00e9tera y etc\u00e9tera como este personaje que\u00a0sembr\u00f3 la pregunta al licenciado presidente para victimizar al grup\u00fasculo a sueldo que, desde hace m\u00e1s de un mes, est\u00e1 en plant\u00f3n frente al edificio de la Suprema Corte de Justicia de la Naci\u00f3n en dizque demanda de que renuncie la ministra Pi\u00f1a Hern\u00e1ndez.<\/span><\/p>\n<p class=\"p2\"><span style=\"font-size: 14pt;\">\u201cYo s\u00e9 que el d\u00eda de ayer (lunes 29) la respuesta fue m\u00e1s enfocada a los grupos opositores, \u2018\u00e9chenle m\u00e1s ganas\u2019, pero yo le preguntar\u00eda: \u00bfen este momento entonces cu\u00e1l ser\u00eda la respuesta a los activistas que en estos momentos pues se sienten destrozados?\u201d, expuso el oficioso dizque periodista.<\/span><\/p>\n<p class=\"p2\"><span style=\"font-size: 14pt;\">En serio, no se r\u00eda.<\/span><\/p>\n<p class=\"p2\"><span style=\"font-size: 14pt;\">Lo cierto, es que ya pueden estar tranquilos en el plant\u00f3n porque el licenciado Andr\u00e9s Manuel I les envi\u00f3 el mensaje desde el alto p\u00falpito republicano, mensaje que bord\u00f3 el manto de la impunidad bajo el cual han procedido estos \u201cmanifestantes\u201d junto con el dem\u00f3crata y culto gobernador de Veracruz, Cuitl\u00e1huac Garc\u00eda y et al. A saber.<\/span><\/p>\n<p class=\"p2\"><span style=\"font-size: 14pt;\">\u201cY decirles que \u00e1nimo, que no est\u00e1n solos, hay mucha gente que quiere que se reforme el Poder Judicial, que ellos no caigan en provocaciones y que mantengan su resistencia pac\u00edfica.<\/span><\/p>\n<p class=\"p2\"><span style=\"font-size: 14pt;\">\u201cQue se manifiesten sin violencia, y dir\u00eda sin violencia verbal, y se puede hacer, no s\u00f3lo no caer en violencia f\u00edsica, sino en violencia verbal.<\/span><\/p>\n<p class=\"p2\"><span style=\"font-size: 14pt;\">\u201cPor ejemplo, no quemar figuras de ning\u00fan ministro, nada de eso, pero s\u00ed, por ejemplo, si ten\u00edan las cruces de ni\u00f1as, ni\u00f1os del ABC y estaban autorizados para eso los familiares, eso s\u00ed, eso s\u00ed. Y pues a todos, que se serenen\u201d.<\/span><\/p>\n<p class=\"p2\"><span style=\"font-size: 14pt;\">En s\u00edntesis, Cuitl\u00e1huac, mercenarios acampados frente a la Corte: tranquilos, tranquilos, su paga est\u00e1 segura y no est\u00e1n solos. No.<\/span><\/p>\n<p class=\"p2\"><span style=\"font-size: 14pt;\">Y es que, se\u00f1oras y se\u00f1ores, en la 4T no hay rubor en la imitaci\u00f3n. Nooo. Y menos cuando se trata de descalificar y maltratar al opositor.<\/span><\/p>\n<p class=\"p2\"><span style=\"font-size: 14pt;\">Como lo hizo el general Luis Rodr\u00edguez Bucio, subsecretario de Seguridad P\u00fablica y ex jefe de la Guardia Nacional que en la ma\u00f1anera aprovech\u00f3 el turno para incluir a la ministra presidenta Pi\u00f1a Hern\u00e1ndez entre \u201clos jueces que favorecen a delincuentes\u201d.<\/span><\/p>\n<p class=\"p2\"><span style=\"font-size: 14pt;\">\u00a1Sopas!<\/span><\/p>\n<p class=\"p2\"><span style=\"font-size: 14pt;\">El deporte de moda: pegarle impunemente a la ministra presidenta Norma Luc\u00eda Pi\u00f1a Hern\u00e1ndez, aunque luego lloriquean cuando la togada responde. Pero, no le saquen, no se rajen ni chillen. \u00a1Total! Esto es personal y no est\u00e1n solos ni erizos. Digo.<\/span><\/p>\n<p>&nbsp;<\/p>\n<hr \/>\n<p>&nbsp;<\/p>\n<p><strong><span style=\"font-size: 18pt;\">Correo: <\/span><span class=\"s1\"><a href=\"mailto:sanchezlimon@gmail.com\"><span style=\"font-size: 18pt;\">sanchezlimon@gmail.com<\/span><\/a><\/span><span class=\"s2\" style=\"font-size: 18pt;\">\u00a0<\/span><\/strong><\/p>\n<p class=\"p3\"><strong><span style=\"font-size: 18pt;\"><span class=\"s2\">Twitter: <a href=\"https:\/\/twitter.com\/sanchezlimon1\">@sanchezlimon1<\/a><\/span><\/span><\/strong><\/p>\n<p>&nbsp;<\/p>\n<p><img loading=\"lazy\" decoding=\"async\" class=\"aligncenter wp-image-11449\" src=\"http:\/\/noticiasveracruz.com\/wp-content\/uploads\/2023\/01\/FIRMA-EDITORIAL-NV-300x37.png\" alt=\"\" width=\"1000\" height=\"122\" srcset=\"https:\/\/noticiasveracruz.com\/wp-content\/uploads\/2023\/01\/FIRMA-EDITORIAL-NV-300x37.png 300w, https:\/\/noticiasveracruz.com\/wp-content\/uploads\/2023\/01\/FIRMA-EDITORIAL-NV-1024x125.png 1024w, https:\/\/noticiasveracruz.com\/wp-content\/uploads\/2023\/01\/FIRMA-EDITORIAL-NV-768x94.png 768w, https:\/\/noticiasveracruz.com\/wp-content\/uploads\/2023\/01\/FIRMA-EDITORIAL-NV-1536x188.png 1536w, https:\/\/noticiasveracruz.com\/wp-content\/uploads\/2023\/01\/FIRMA-EDITORIAL-NV-2048x250.png 2048w\" sizes=\"auto, (max-width: 1000px) 100vw, 1000px\" \/><\/p>\n<p>&nbsp;<\/p>\n<p>&nbsp;<\/p>\n<p>&nbsp;<\/p>\n","protected":false},"excerpt":{"rendered":"<p>&nbsp; Por Mois\u00e9s S\u00e1nchez Lim\u00f3n S\u00ed, me cae, ni est\u00e1n erizos los integrantes del Bronx de Morena, gente chula de<\/p>\n","protected":false},"author":4,"featured_media":12769,"comment_status":"closed","ping_status":"closed","sticky":false,"template":"","format":"standard","meta":{"colormag_page_container_layout":"default_layout","colormag_page_sidebar_layout":"default_layout","_jetpack_memberships_contains_paid_content":false,"footnotes":"","jetpack_publicize_message":"","jetpack_publicize_feature_enabled":true,"jetpack_social_post_already_shared":true,"jetpack_social_options":{"image_generator_settings":{"template":"highway","default_image_id":0,"font":"","enabled":false},"version":2}},"categories":[6],"tags":[],"class_list":["post-16045","post","type-post","status-publish","format-standard","has-post-thumbnail","hentry","category-columnistas"],"jetpack_publicize_connections":[],"jetpack_featured_media_url":"https:\/\/noticiasveracruz.com\/wp-content\/uploads\/2023\/02\/P-MOISES-SANCHEZ.png","jetpack_sharing_enabled":true,"publishpress_future_action":{"enabled":false,"date":"2026-05-06 13:52:53","action":"change-status","newStatus":"draft","terms":[],"taxonomy":"category","extraData":[]},"publishpress_future_workflow_manual_trigger":{"enabledWorkflows":[]},"_links":{"self":[{"href":"https:\/\/noticiasveracruz.com\/index.php\/wp-json\/wp\/v2\/posts\/16045","targetHints":{"allow":["GET"]}}],"collection":[{"href":"https:\/\/noticiasveracruz.com\/index.php\/wp-json\/wp\/v2\/posts"}],"about":[{"href":"https:\/\/noticiasveracruz.com\/index.php\/wp-json\/wp\/v2\/types\/post"}],"author":[{"embeddable":true,"href":"https:\/\/noticiasveracruz.com\/index.php\/wp-json\/wp\/v2\/users\/4"}],"replies":[{"embeddable":true,"href":"https:\/\/noticiasveracruz.com\/index.php\/wp-json\/wp\/v2\/comments?post=16045"}],"version-history":[{"count":0,"href":"https:\/\/noticiasveracruz.com\/index.php\/wp-json\/wp\/v2\/posts\/16045\/revisions"}],"wp:featuredmedia":[{"embeddable":true,"href":"https:\/\/noticiasveracruz.com\/index.php\/wp-json\/wp\/v2\/media\/12769"}],"wp:attachment":[{"href":"https:\/\/noticiasveracruz.com\/index.php\/wp-json\/wp\/v2\/media?parent=16045"}],"wp:term":[{"taxonomy":"category","embeddable":true,"href":"https:\/\/noticiasveracruz.com\/index.php\/wp-json\/wp\/v2\/categories?post=16045"},{"taxonomy":"post_tag","embeddable":true,"href":"https:\/\/noticiasveracruz.com\/index.php\/wp-json\/wp\/v2\/tags?post=16045"}],"curies":[{"name":"wp","href":"https:\/\/api.w.org\/{rel}","templated":true}]}}