{"id":16028,"date":"2023-05-31T10:31:25","date_gmt":"2023-05-31T15:31:25","guid":{"rendered":"https:\/\/noticiasveracruz.com\/?p=16028"},"modified":"2023-05-31T10:31:25","modified_gmt":"2023-05-31T15:31:25","slug":"gobierno-de-tuxpan-convoca-a-registrarse-a-expo-jovenes-emprendedores","status":"publish","type":"post","link":"https:\/\/noticiasveracruz.com\/index.php\/2023\/05\/31\/gobierno-de-tuxpan-convoca-a-registrarse-a-expo-jovenes-emprendedores\/","title":{"rendered":"Gobierno de Tuxpan convoca a registrarse a \u201cExpo J\u00f3venes Emprendedores\u201d"},"content":{"rendered":"<p>&nbsp;<\/p>\n<p class=\"p1\"><span style=\"font-size: 14pt;\"><em><strong>TUXPAN, VERACRUZ.<\/strong> <\/em>Como parte de las acciones que lleva a cabo el <strong>Gobierno Municipal para fomentar en los j\u00f3venes tuxpe\u00f1os<\/strong> el esp\u00edritu de emprendimiento, este <strong>jueves 15 y viernes 16 de junio<\/strong> se realizar\u00e1 una edici\u00f3n m\u00e1s de la <strong>\u201cExpo J\u00f3venes Emprendedores\u201d<\/strong>. <\/span><\/p>\n<p class=\"p1\"><span style=\"font-size: 18pt;\"><strong>En esta Expo J\u00f3venes Emprendedores se brida un espacio a los nuevos emprendedores para promocionar sus productos o servicios, y que puedan convertirse en creadores y fundadores de una empresa o negocio, lo que les permitir\u00e1 obtener ingresos para mejorar su econom\u00eda.<\/strong><\/span><\/p>\n<p class=\"p1\"><span style=\"font-size: 18pt; color: #e24d33;\"><strong>La convocatoria para participar est\u00e1 abierta teniendo como fecha l\u00edmite para inscribirse el pr\u00f3ximo mi\u00e9rcoles 7 de junio. El cupo es limitado. <\/strong><\/span><\/p>\n<p class=\"p1\"><span style=\"font-size: 18pt;\"><strong>Los requisitos para los expositores en la Expo J\u00f3venes Emprendedores es tener como m\u00e1ximo 30 a\u00f1os y asistir ambos d\u00edas a la expo. <\/strong><\/span><\/p>\n<p class=\"p1\"><span style=\"font-size: 14pt;\">Para registrarse los interesados deben asistir a las oficinas de la Direcci\u00f3n de Juventud y Recreaci\u00f3n, ubicadas en la Unidad Deportiva de 09:00 a 15:00 horas. Tambi\u00e9n pueden hacerlo a trav\u00e9s de la p\u00e1gina de Facebook \u201cDirecci\u00f3n de Juventud y Recreaci\u00f3n de Tuxpan Veracruz\u201d. <\/span><\/p>\n<p class=\"p1\"><span style=\"font-size: 18pt;\"><strong>La inscripci\u00f3n es gratuita y abierta a cualquier producto o servicio.<\/strong><\/span><\/p>\n<p>&nbsp;<\/p>\n<p><img loading=\"lazy\" decoding=\"async\" class=\"aligncenter wp-image-20411\" src=\"https:\/\/politicosaldesnudo.com.mx\/wp-content\/uploads\/2023\/05\/P-EXPO-EMPRENDEDORES-1-232x300.jpeg\" alt=\"\" width=\"700\" height=\"906\" \/><\/p>\n<p>&nbsp;<\/p>\n<p>&nbsp;<\/p>\n","protected":false},"excerpt":{"rendered":"<p>&nbsp; TUXPAN, VERACRUZ. Como parte de las acciones que lleva a cabo el Gobierno Municipal para fomentar en los j\u00f3venes<\/p>\n","protected":false},"author":4,"featured_media":16029,"comment_status":"closed","ping_status":"closed","sticky":false,"template":"","format":"standard","meta":{"colormag_page_container_layout":"default_layout","colormag_page_sidebar_layout":"default_layout","_jetpack_memberships_contains_paid_content":false,"footnotes":"","jetpack_publicize_message":"","jetpack_publicize_feature_enabled":true,"jetpack_social_post_already_shared":true,"jetpack_social_options":{"image_generator_settings":{"template":"highway","default_image_id":0,"font":"","enabled":false},"version":2}},"categories":[356],"tags":[2614,72,73],"class_list":["post-16028","post","type-post","status-publish","format-standard","has-post-thumbnail","hentry","category-veracruz","tag-expo-jovenes-emprendedores","tag-tuxpan","tag-veracruz"],"jetpack_publicize_connections":[],"jetpack_featured_media_url":"https:\/\/noticiasveracruz.com\/wp-content\/uploads\/2023\/05\/P-EMPRENDEDORES-2.png","jetpack_sharing_enabled":true,"publishpress_future_action":{"enabled":false,"date":"2026-05-06 13:00:45","action":"change-status","newStatus":"draft","terms":[],"taxonomy":"category","extraData":[]},"publishpress_future_workflow_manual_trigger":{"enabledWorkflows":[]},"_links":{"self":[{"href":"https:\/\/noticiasveracruz.com\/index.php\/wp-json\/wp\/v2\/posts\/16028","targetHints":{"allow":["GET"]}}],"collection":[{"href":"https:\/\/noticiasveracruz.com\/index.php\/wp-json\/wp\/v2\/posts"}],"about":[{"href":"https:\/\/noticiasveracruz.com\/index.php\/wp-json\/wp\/v2\/types\/post"}],"author":[{"embeddable":true,"href":"https:\/\/noticiasveracruz.com\/index.php\/wp-json\/wp\/v2\/users\/4"}],"replies":[{"embeddable":true,"href":"https:\/\/noticiasveracruz.com\/index.php\/wp-json\/wp\/v2\/comments?post=16028"}],"version-history":[{"count":0,"href":"https:\/\/noticiasveracruz.com\/index.php\/wp-json\/wp\/v2\/posts\/16028\/revisions"}],"wp:featuredmedia":[{"embeddable":true,"href":"https:\/\/noticiasveracruz.com\/index.php\/wp-json\/wp\/v2\/media\/16029"}],"wp:attachment":[{"href":"https:\/\/noticiasveracruz.com\/index.php\/wp-json\/wp\/v2\/media?parent=16028"}],"wp:term":[{"taxonomy":"category","embeddable":true,"href":"https:\/\/noticiasveracruz.com\/index.php\/wp-json\/wp\/v2\/categories?post=16028"},{"taxonomy":"post_tag","embeddable":true,"href":"https:\/\/noticiasveracruz.com\/index.php\/wp-json\/wp\/v2\/tags?post=16028"}],"curies":[{"name":"wp","href":"https:\/\/api.w.org\/{rel}","templated":true}]}}