{"id":16025,"date":"2023-05-31T05:15:25","date_gmt":"2023-05-31T10:15:25","guid":{"rendered":"https:\/\/noticiasveracruz.com\/?p=16025"},"modified":"2023-05-31T09:50:37","modified_gmt":"2023-05-31T14:50:37","slug":"edomex-lo-decidira-un-partido-sin-candidato-ni-opcion-de-votos","status":"publish","type":"post","link":"https:\/\/noticiasveracruz.com\/index.php\/2023\/05\/31\/edomex-lo-decidira-un-partido-sin-candidato-ni-opcion-de-votos\/","title":{"rendered":"Edomex lo decidir\u00e1 un partido sin candidato ni opci\u00f3n de votos"},"content":{"rendered":"<p>&nbsp;<\/p>\n<p><span style=\"font-size: 18pt;\"><strong>Por Jos\u00e9 Ure\u00f1a<\/strong><\/span><\/p>\n<p class=\"p1\"><span style=\"font-size: 14pt;\">Es algo nunca visto. <\/span><span style=\"font-size: 14pt;\">Un partido sin candidatos registrados, con cero opci\u00f3n de votos y, sin embargo, puede decidir al menos una elecci\u00f3n el domingo pr\u00f3ximo.<\/span><\/p>\n<p class=\"p1\"><span style=\"font-size: 14pt;\">Hablamos de Movimiento Ciudadano (MC), cuyo dirigente Dante Delgado y su principal cuadro, Juan Zepeda, han renunciado a competir para fortalecerse como fuerza pol\u00edtica.<\/span><\/p>\n<p class=\"p1\"><span style=\"font-size: 14pt;\">Situaci\u00f3n an\u00f3mala bajo cualquier perspectiva porque hace seis a\u00f1os Zepeda fue la sorpresa como abanderado del PRD y en enero de este a\u00f1o tra\u00eda m\u00e1s del 6% de intenci\u00f3n del voto.<\/span><\/p>\n<p class=\"p1\"><span style=\"font-size: 14pt;\">Y m\u00e1s sospechosa si se toma en cuenta la gran propaganda desplegada por MC y en especial por ese pistolero verbal llamado Salom\u00f3n Chertorivski, punta de lanza de la campa\u00f1a Con el PRI ni a la esquina.<\/span><\/p>\n<p>&nbsp;<\/p>\n<p class=\"p1\"><span style=\"font-size: 18pt; color: #e42d33;\"><strong>LA ALIANZA MC-MORENA<\/strong><\/span><\/p>\n<p class=\"p1\"><span style=\"font-size: 14pt;\">La respuesta ya la dio Alejandro Moreno, Alito. <\/span><span style=\"font-size: 14pt;\">MC, su dirigente y sus escuderos le hacen la campa\u00f1a negra al Gobierno y al partido oficial en la contienda por el estado de M\u00e9xico.<\/span><\/p>\n<p class=\"p1\"><span style=\"font-size: 14pt;\">Porque justo ahora han salido con ese discurso. <\/span><span style=\"font-size: 14pt;\">Alito llam\u00f3 \u201cpartido de panfleto\u201d a MC porque hace \u201cel servicio de esquirol\u201d al lopezobradorismo, pese a lo cual convoc\u00f3 a Dante Delgado a rectificar y hacer un frente contra el aparato de Estado para 2024.<\/span><\/p>\n<p class=\"p1\"><span style=\"font-size: 14pt;\">No lo consigui\u00f3 para Coahuila y el Estado de M\u00e9xico en 2023.<\/span><\/p>\n<p class=\"p1\"><span style=\"font-size: 14pt;\">Por el contrario, la embestida contra el PRI es contra las alianzas Va por M\u00e9xico encabezada por la mexiquense Alejandra del Moral y el coahuilense Manolo Jim\u00e9nez.<\/span><\/p>\n<p class=\"p1\"><span style=\"font-size: 14pt;\">Golpe injustificable porque favorece al aparato oficial y MC no aspira a un voto, no tiene candidatos en ning\u00fan estado -en Coahuila tampoco para diputados locales- y con valor electoral cero en el proceso del domingo pr\u00f3ximo.<\/span><\/p>\n<p class=\"p1\"><span style=\"font-size: 14pt;\">Pero ni modo: MC es aliado del Gobierno, Morena, PT y Verde, aunque en Coahuila haya fallado por la rebeli\u00f3n del neopetista Ricardo Mej\u00eda y el verde Lenin P\u00e9rez.<\/span><\/p>\n<p class=\"p1\"><span style=\"font-size: 14pt;\">Adelanto del panorama para el 2024 cuando Dante Delgado promete ir en solitario con su propio candidato presidencial.<\/span><\/p>\n<p>&nbsp;<\/p>\n<p class=\"p1\"><span style=\"font-size: 18pt; color: #e42d33;\"><strong>TRANSPARENCIA EN VILO<\/strong><\/span><\/p>\n<p class=\"p1\"><span style=\"font-size: 14pt;\">1. Es una luz de esperanza. <\/span><span style=\"font-size: 14pt;\">Ricardo Monreal ha conseguido un acuerdo para proponer una terna a fin de sustituir al exconsejero del INAI, Rosendoevgueni Monterrey Chepov.<\/span><\/p>\n<p class=\"p1\"><span style=\"font-size: 14pt;\">Al frente la Junta de Coordinaci\u00f3n Pol\u00edtica ha colocado a Luis Felipe Nava, seguido por Luis Gustavo Parra y a Marina Alicia San Mart\u00edn.<\/span><\/p>\n<p class=\"p1\"><span style=\"font-size: 14pt;\">La decisi\u00f3n la tomar\u00e1 por voto secreto el Senado de la Rep\u00fablica el 8 de junio, pero dan ganas de apostar a un nuevo fracaso en la designaci\u00f3n.<\/span><\/p>\n<p class=\"p1\"><span style=\"font-size: 14pt;\">\u00bfPor qu\u00e9? <\/span><span style=\"font-size: 14pt;\">Porque la transparencia del sexenio s\u00f3lo est\u00e1 en el discurso de Palacio Nacional y precisamente el Presidente puede usar una vez m\u00e1s su derecho de veto.<\/span><\/p>\n<p class=\"p1\"><span style=\"font-size: 14pt;\">Sin cinco comisionados, el INAI presidido por Blanca Lilia Ibarra no puede sesionar y por lo tanto investigar y menos supervisar las actividades de la autoridad y el manejo de la administraci\u00f3n p\u00fablica.<\/span><\/p>\n<p class=\"p1\"><span style=\"font-size: 14pt;\">Y 2. S\u00ed, lamentable el crimen de echar a un perrito en aceite en hervor para matarlo.<\/span><\/p>\n<p class=\"p1\"><span style=\"font-size: 14pt;\">Pero m\u00e1s lamentable no sentir el dolor presidencial por los m\u00e1s de 150 mil ejecutados del sexenio, miles de mujeres asesinadas y miles m\u00e1s desaparecidas.<\/span><\/p>\n<p class=\"p1\"><span style=\"font-size: 14pt;\">En estos d\u00edas se romper\u00e1n las marcas de sexenios anteriores: tres cuartos del sexenio han superado en v\u00edctimas de la violencia a las habidas en los seis a\u00f1os de Enrique Pe\u00f1a y Felipe Calder\u00f3n, cuando hab\u00eda combate al crimen.<\/span><\/p>\n<p class=\"p1\"><span style=\"font-size: 14pt;\">Hoy son tiempos de abrazos, no balazos.<\/span><\/p>\n<p>&nbsp;<\/p>\n<hr \/>\n<p>&nbsp;<\/p>\n<p><img loading=\"lazy\" decoding=\"async\" class=\"aligncenter wp-image-11449\" src=\"http:\/\/noticiasveracruz.com\/wp-content\/uploads\/2023\/01\/FIRMA-EDITORIAL-NV-300x37.png\" alt=\"\" width=\"1000\" height=\"122\" srcset=\"https:\/\/noticiasveracruz.com\/wp-content\/uploads\/2023\/01\/FIRMA-EDITORIAL-NV-300x37.png 300w, https:\/\/noticiasveracruz.com\/wp-content\/uploads\/2023\/01\/FIRMA-EDITORIAL-NV-1024x125.png 1024w, https:\/\/noticiasveracruz.com\/wp-content\/uploads\/2023\/01\/FIRMA-EDITORIAL-NV-768x94.png 768w, https:\/\/noticiasveracruz.com\/wp-content\/uploads\/2023\/01\/FIRMA-EDITORIAL-NV-1536x188.png 1536w, https:\/\/noticiasveracruz.com\/wp-content\/uploads\/2023\/01\/FIRMA-EDITORIAL-NV-2048x250.png 2048w\" sizes=\"auto, (max-width: 1000px) 100vw, 1000px\" \/><\/p>\n<p>&nbsp;<\/p>\n<p>&nbsp;<\/p>\n","protected":false},"excerpt":{"rendered":"<p>&nbsp; Por Jos\u00e9 Ure\u00f1a Es algo nunca visto. Un partido sin candidatos registrados, con cero opci\u00f3n de votos y, sin<\/p>\n","protected":false},"author":4,"featured_media":3258,"comment_status":"closed","ping_status":"closed","sticky":false,"template":"","format":"standard","meta":{"colormag_page_container_layout":"default_layout","colormag_page_sidebar_layout":"default_layout","_jetpack_memberships_contains_paid_content":false,"footnotes":"","jetpack_publicize_message":"","jetpack_publicize_feature_enabled":true,"jetpack_social_post_already_shared":true,"jetpack_social_options":{"image_generator_settings":{"template":"highway","default_image_id":0,"font":"","enabled":false},"version":2}},"categories":[6],"tags":[],"class_list":["post-16025","post","type-post","status-publish","format-standard","has-post-thumbnail","hentry","category-columnistas"],"jetpack_publicize_connections":[],"jetpack_featured_media_url":"https:\/\/noticiasveracruz.com\/wp-content\/uploads\/2022\/04\/JOSE\u0301-UREN\u0303A.png","jetpack_sharing_enabled":true,"publishpress_future_action":{"enabled":false,"date":"2026-05-06 14:31:45","action":"change-status","newStatus":"draft","terms":[],"taxonomy":"category","extraData":[]},"publishpress_future_workflow_manual_trigger":{"enabledWorkflows":[]},"_links":{"self":[{"href":"https:\/\/noticiasveracruz.com\/index.php\/wp-json\/wp\/v2\/posts\/16025","targetHints":{"allow":["GET"]}}],"collection":[{"href":"https:\/\/noticiasveracruz.com\/index.php\/wp-json\/wp\/v2\/posts"}],"about":[{"href":"https:\/\/noticiasveracruz.com\/index.php\/wp-json\/wp\/v2\/types\/post"}],"author":[{"embeddable":true,"href":"https:\/\/noticiasveracruz.com\/index.php\/wp-json\/wp\/v2\/users\/4"}],"replies":[{"embeddable":true,"href":"https:\/\/noticiasveracruz.com\/index.php\/wp-json\/wp\/v2\/comments?post=16025"}],"version-history":[{"count":0,"href":"https:\/\/noticiasveracruz.com\/index.php\/wp-json\/wp\/v2\/posts\/16025\/revisions"}],"wp:featuredmedia":[{"embeddable":true,"href":"https:\/\/noticiasveracruz.com\/index.php\/wp-json\/wp\/v2\/media\/3258"}],"wp:attachment":[{"href":"https:\/\/noticiasveracruz.com\/index.php\/wp-json\/wp\/v2\/media?parent=16025"}],"wp:term":[{"taxonomy":"category","embeddable":true,"href":"https:\/\/noticiasveracruz.com\/index.php\/wp-json\/wp\/v2\/categories?post=16025"},{"taxonomy":"post_tag","embeddable":true,"href":"https:\/\/noticiasveracruz.com\/index.php\/wp-json\/wp\/v2\/tags?post=16025"}],"curies":[{"name":"wp","href":"https:\/\/api.w.org\/{rel}","templated":true}]}}