{"id":16022,"date":"2023-05-31T05:10:00","date_gmt":"2023-05-31T10:10:00","guid":{"rendered":"https:\/\/noticiasveracruz.com\/?p=16022"},"modified":"2023-05-31T09:46:28","modified_gmt":"2023-05-31T14:46:28","slug":"la-nueva-guerra-del-agua","status":"publish","type":"post","link":"https:\/\/noticiasveracruz.com\/index.php\/2023\/05\/31\/la-nueva-guerra-del-agua\/","title":{"rendered":"La nueva guerra del agua"},"content":{"rendered":"<p>&nbsp;<\/p>\n<p class=\"p1\"><span style=\"font-size: 18pt;\"><strong>Por Luis Ram\u00edrez Baqueiro<\/strong><\/span><\/p>\n<p>&nbsp;<\/p>\n<p>&nbsp;<\/p>\n<p class=\"p1\" style=\"text-align: center;\"><em><span style=\"font-size: 18pt;\"><strong>\u201cLa avaricia arrebata a los dem\u00e1s lo que se niega a s\u00ed misma\u201d <\/strong><\/span><\/em><\/p>\n<p class=\"p1\" style=\"text-align: center;\"><span style=\"font-size: 18pt;\">\u2013 Lucio Anneo S\u00e9neca \u2013<\/span><\/p>\n<p>&nbsp;<\/p>\n<p class=\"p1\"><span style=\"font-size: 14pt;\">Veracruz una entidad que por much\u00edsimos a\u00f1os presumi\u00f3 ser el estado que lo ten\u00eda todo, comienza a sufrir las consecuencias del abuso y el exceso desmedido, la problem\u00e1tica por el desbasto de agua potable en algunas regiones invita a la reflexi\u00f3n respecto a qu\u00e9 acciones se han emprendido para garantizar el suministro del vital l\u00edquido.<\/span><\/p>\n<p class=\"p1\"><span style=\"font-size: 14pt;\">Mientras nuestro presidente Andr\u00e9s Manuel L\u00f3pez Obrador pelea por garantizar el control y explotaci\u00f3n del petr\u00f3leo o el litio, la pregunta es \u00bfpor qu\u00e9 el control y manejo del agua no es tema de seguridad nacional?<\/span><\/p>\n<p class=\"p1\"><span style=\"font-size: 14pt;\">La entidad por donde supuestamente escurre el 33% del agua dulce de la naci\u00f3n enfrenta una severa crisis h\u00eddrica por incre\u00edble que parezca, la deforestaci\u00f3n desmedida, la falta de campa\u00f1as efectivas de reforestaci\u00f3n, sumado al tr\u00e1fico de maderas finas, la urbanizaci\u00f3n sin control, ni regulaci\u00f3n han comenzado a cobrarle factura al medio ambiente.<\/span><\/p>\n<p class=\"p1\"><span style=\"font-size: 14pt;\">En su libro \u201cLas guerras del agua\u201d, Vandana Shiva utiliza sus notables conocimientos sobre ciencia y sociedad para analizar el deterioro hist\u00f3rico de los derechos comunitarios sobre el agua. Al estudiar el comercio internacional del agua, la construcci\u00f3n de presas, la miner\u00eda y la acuicultura, Shiva expone la destrucci\u00f3n de la tierra y la privaci\u00f3n del derecho de los pobres del mundo sobre un bien comunitario precioso.<\/span><\/p>\n<p class=\"p1\"><span style=\"font-size: 14pt;\">La autora revela cu\u00e1ntos de los conflictos m\u00e1s importantes de nuestra era, con frecuencia camuflados como guerras \u00e9tnicas o religiosas -tales como el conflicto entre israel\u00edes y palestinos-, en realidad son conflictos por el dominio de recursos naturales vitales pero escasos.<\/span><\/p>\n<p class=\"p1\"><span style=\"font-size: 14pt;\">Hoy la zona conurbada de Veracruz-Boca del R\u00edo- Medell\u00edn enfrenta un serio problema respecto al servicio de agua potable.<\/span><\/p>\n<p class=\"p1\"><span style=\"font-size: 14pt;\">Esperanzados en que el glaciar Jamapa les sea eterno, la explotaci\u00f3n del vital l\u00edquido ya debiera inscribirse en un asunto de prioridad fundamental en la misma agenda gubernamental del Estado.<\/span><\/p>\n<p class=\"p1\"><span style=\"font-size: 14pt;\">Pues de 14 glaciares que el volc\u00e1n Pico de Orizaba ten\u00eda en 1985, hoy solo queda uno, el Jamapa, que precisamente abastece a toda la regi\u00f3n centro del Estado y que de agotarse provocar\u00e1 una grav\u00edsima crisis humana.\u00a0<\/span><\/p>\n<p class=\"p1\"><span style=\"font-size: 14pt;\">Traemos esto a colaci\u00f3n porque es evidente que el reclamo que han comenzado a realizar diversos sectores sociales y algunos legisladores locales, obedece en primera instancia al p\u00e9simo servicio que brinda el organismo operador del servicio de agua potable en la conurbaci\u00f3n Veracruz-Boca del R\u00edo-Medell\u00edn, pero tambi\u00e9n, porque de acabarse el agua, la sustentabilidad de la regi\u00f3n para a vida humana ser\u00e1 un gran problema.<\/span><\/p>\n<p class=\"p1\"><span style=\"font-size: 14pt;\">En reciente entrevista con este reportero, Jos\u00e9 Magdaleno \u201cMaleno\u201d Rosales Torres, legislador local por Morena, remarca que el contubernio entre autoridades y pseudo empresarios est\u00e1 provocando una crisis social en la regi\u00f3n, por la desatenci\u00f3n en principio a los extrabajadores del extinto grupo SAS que operaba el servicio en la regi\u00f3n de Veracruz.<\/span><\/p>\n<p class=\"p1\"><span style=\"font-size: 14pt;\">El legislador afirma \u201cles prometieron apoyarlos y hoy el alcalde de Medell\u00edn, Marcos Isle\u00f1o, solo defiende los intereses de su patr\u00f3n el due\u00f1o de la empresa Urbanizadora Medell\u00edn, Luis Barqu\u00edn quien ha cobrado ilegalmente los servicios de agua y drenaje a habitantes de los fraccionamientos de Puente Moreno y Lagos de Puente Moreno.<\/span><\/p>\n<p class=\"p1\"><span style=\"font-size: 14pt;\">Los graves se\u00f1alamientos de contaminaci\u00f3n del agua que se distribuye para consumo humano, quedaron confirmados en d\u00edas pasados, cuando el tambi\u00e9n legislador por Morena, Fernando Arteaga Aponte, presentar\u00e1 en conferencia de prensa los resultados de los an\u00e1lisis realizados al agua por parte de los Servicios de Salud de Veracruz, confirmando la presencia de coliformes fecales y coliformes totales, adem\u00e1s de cromo y aluminio, sustancias de grave riesgo para la salud de la poblaci\u00f3n.<\/span><\/p>\n<p class=\"p1\"><span style=\"font-size: 14pt;\">El mismo Arteaga Aponte asegur\u00f3 que \u201cNo se debi\u00f3 dar en 2015 concesi\u00f3n a Grupo MAS por 30 a\u00f1os\u201d por no garantizar el correcto uso de la misma y la prestaci\u00f3n de un servicio de calidad.\u00a0<\/span><\/p>\n<p class=\"p1\"><span style=\"font-size: 14pt;\">Hoy un plant\u00f3n permanente en el municipio de Medell\u00edn nos recuerda la bomba de tiempo que representa esta ser\u00eda problem\u00e1tica, de la cual, nadie, m\u00e1s que los mencionados han tratado de resolver, mientras tanto la poblaci\u00f3n sin conciencia, sin medidas para mejorar el servicio y el futuro de la sociedad, contin\u00faa pensando que el agua es eterna.<\/span><\/p>\n<p class=\"p1\"><span style=\"font-size: 14pt;\">\u00bfHasta cu\u00e1ndo el Gobierno de Veracruz, voltear\u00e1 sus ojos a esta problem\u00e1tica que afecta ya la zona conurbada de Xalapa, ante la intensa sequ\u00eda, que hoy obliga al organismo operador a implementar el Programa de Tandeos 2023 por parte de la Comisi\u00f3n Municipal del Agua (CMAS)?<\/span><\/p>\n<p class=\"p1\"><span style=\"font-size: 14pt;\">\u00bfQui\u00e9n ha explicado el Plan H\u00eddrico Nacional, quien sabe sobre sus alcances para Veracruz?, las preguntas surgen por miles, pero hasta hoy nadie habla del tema, en los hechos los ojos est\u00e1n puestos en los millones de ingresos que las operaciones de dichos organismos representan, pero de lo verdaderamente importante nadie dice nada.<\/span><\/p>\n<p>&nbsp;<\/p>\n<p class=\"p1\"><span style=\"font-size: 18pt;\"><strong>Al tiempo<\/strong><\/span><\/p>\n<p>&nbsp;<\/p>\n<hr \/>\n<p>&nbsp;<\/p>\n<p class=\"p1\"><span style=\"font-size: 18pt;\"><strong>Correo: <a href=\"mailto:astrolabiopoliticomx@gmail.com\">astrolabiopoliticomx@gmail.com<\/a><\/strong><\/span><\/p>\n<p class=\"p1\"><span style=\"font-size: 18pt;\"><strong>Twitter: <a href=\"http:\/\/www.twitter.com\/LuisBaqueiro_mx\">@LuisBaqueiro_mx<\/a><\/strong><\/span><\/p>\n<p>&nbsp;<\/p>\n<p><img loading=\"lazy\" decoding=\"async\" class=\"aligncenter wp-image-11449\" src=\"http:\/\/noticiasveracruz.com\/wp-content\/uploads\/2023\/01\/FIRMA-EDITORIAL-NV-300x37.png\" alt=\"\" width=\"1000\" height=\"122\" srcset=\"https:\/\/noticiasveracruz.com\/wp-content\/uploads\/2023\/01\/FIRMA-EDITORIAL-NV-300x37.png 300w, https:\/\/noticiasveracruz.com\/wp-content\/uploads\/2023\/01\/FIRMA-EDITORIAL-NV-1024x125.png 1024w, https:\/\/noticiasveracruz.com\/wp-content\/uploads\/2023\/01\/FIRMA-EDITORIAL-NV-768x94.png 768w, https:\/\/noticiasveracruz.com\/wp-content\/uploads\/2023\/01\/FIRMA-EDITORIAL-NV-1536x188.png 1536w, https:\/\/noticiasveracruz.com\/wp-content\/uploads\/2023\/01\/FIRMA-EDITORIAL-NV-2048x250.png 2048w\" sizes=\"auto, (max-width: 1000px) 100vw, 1000px\" \/><\/p>\n<p>&nbsp;<\/p>\n<p>&nbsp;<\/p>\n","protected":false},"excerpt":{"rendered":"<p>&nbsp; Por Luis Ram\u00edrez Baqueiro &nbsp; &nbsp; \u201cLa avaricia arrebata a los dem\u00e1s lo que se niega a s\u00ed misma\u201d<\/p>\n","protected":false},"author":4,"featured_media":3572,"comment_status":"closed","ping_status":"closed","sticky":false,"template":"","format":"standard","meta":{"colormag_page_container_layout":"default_layout","colormag_page_sidebar_layout":"default_layout","_jetpack_memberships_contains_paid_content":false,"footnotes":"","jetpack_publicize_message":"","jetpack_publicize_feature_enabled":true,"jetpack_social_post_already_shared":true,"jetpack_social_options":{"image_generator_settings":{"template":"highway","default_image_id":0,"font":"","enabled":false},"version":2}},"categories":[6],"tags":[],"class_list":["post-16022","post","type-post","status-publish","format-standard","has-post-thumbnail","hentry","category-columnistas"],"jetpack_publicize_connections":[],"jetpack_featured_media_url":"https:\/\/noticiasveracruz.com\/wp-content\/uploads\/2022\/04\/LUIS-RAMI\u0301REZ-BAQUEIRO.png","jetpack_sharing_enabled":true,"publishpress_future_action":{"enabled":false,"date":"2026-05-06 15:13:44","action":"change-status","newStatus":"draft","terms":[],"taxonomy":"category","extraData":[]},"publishpress_future_workflow_manual_trigger":{"enabledWorkflows":[]},"_links":{"self":[{"href":"https:\/\/noticiasveracruz.com\/index.php\/wp-json\/wp\/v2\/posts\/16022","targetHints":{"allow":["GET"]}}],"collection":[{"href":"https:\/\/noticiasveracruz.com\/index.php\/wp-json\/wp\/v2\/posts"}],"about":[{"href":"https:\/\/noticiasveracruz.com\/index.php\/wp-json\/wp\/v2\/types\/post"}],"author":[{"embeddable":true,"href":"https:\/\/noticiasveracruz.com\/index.php\/wp-json\/wp\/v2\/users\/4"}],"replies":[{"embeddable":true,"href":"https:\/\/noticiasveracruz.com\/index.php\/wp-json\/wp\/v2\/comments?post=16022"}],"version-history":[{"count":0,"href":"https:\/\/noticiasveracruz.com\/index.php\/wp-json\/wp\/v2\/posts\/16022\/revisions"}],"wp:featuredmedia":[{"embeddable":true,"href":"https:\/\/noticiasveracruz.com\/index.php\/wp-json\/wp\/v2\/media\/3572"}],"wp:attachment":[{"href":"https:\/\/noticiasveracruz.com\/index.php\/wp-json\/wp\/v2\/media?parent=16022"}],"wp:term":[{"taxonomy":"category","embeddable":true,"href":"https:\/\/noticiasveracruz.com\/index.php\/wp-json\/wp\/v2\/categories?post=16022"},{"taxonomy":"post_tag","embeddable":true,"href":"https:\/\/noticiasveracruz.com\/index.php\/wp-json\/wp\/v2\/tags?post=16022"}],"curies":[{"name":"wp","href":"https:\/\/api.w.org\/{rel}","templated":true}]}}