{"id":15950,"date":"2023-05-29T01:30:31","date_gmt":"2023-05-29T06:30:31","guid":{"rendered":"https:\/\/noticiasveracruz.com\/?p=15950"},"modified":"2023-05-29T01:30:31","modified_gmt":"2023-05-29T06:30:31","slug":"la-congruencia-moral-de-gabriel-boric","status":"publish","type":"post","link":"https:\/\/noticiasveracruz.com\/index.php\/2023\/05\/29\/la-congruencia-moral-de-gabriel-boric\/","title":{"rendered":"La congruencia moral de Gabriel Boric"},"content":{"rendered":"<p class=\"p1\">\n<p>&nbsp;<\/p>\n<p class=\"p1\"><span style=\"font-size: 18pt;\"><b>Por Ricardo Homs <\/b><\/span><\/p>\n<p class=\"p1\"><span style=\"font-size: 14pt;\">Nuevamente Gabriel Boric, -presidente de Chile-, da otra lecci\u00f3n de congruencia y principios democr\u00e1ticos al gobierno de la 4T al rechazar el ofrecimiento del presidente L\u00f3pez Obrador de que \u00e9l reciba la presidencia de la Alianza del Pac\u00edfico.<\/span><\/p>\n<p class=\"p1\"><span style=\"font-size: 14pt;\">En lugar de aprovechar esta oportunidad, \u2014y aceptarla como un obsequio\u2014, se excus\u00f3 a trav\u00e9s de su canciller Gloria de la Fuente, quien declar\u00f3 que su gobierno considera que la presidencia de este grupo multinacional le corresponde a Per\u00fa. <\/span><\/p>\n<p class=\"p1\"><span style=\"font-size: 14pt;\">Esto significa que debe entreg\u00e1rsele a su presidenta Dina Boluarte, a quien el presidente L\u00f3pez Obrador considera una presidenta espuria.<\/span><\/p>\n<p class=\"p1\"><span style=\"font-size: 14pt;\">De inmediato Evo Morales, \u2014el esquirol boliviano del presidente L\u00f3pez Obrador\u2014, arremeti\u00f3 contra el presidente Boric, pretendiendo deslegitimarlo al mencionar el legado del presidente Salvador Allende, acusando a Boric de apoyar al gobierno ilegal e ileg\u00edtimo de Dilma Boluarte.<\/span><\/p>\n<p class=\"p1\"><span style=\"font-size: 14pt;\">Esta actitud digna y honorable del presidente de Chile pone de relieve una pregunta que los otros pa\u00edses de la Alianza del Pac\u00edfico debiesen hacerse: \u00bfQui\u00e9n le dio autoridad al presidente L\u00f3pez Obrador para convertirse en el juez que legitime la legalidad del gobierno de un pa\u00eds extranjero, libre y soberano?<\/span><\/p>\n<p class=\"p1\"><span style=\"font-size: 14pt;\">Esta actitud intervencionista del presidente L\u00f3pez Obrador, exhibe una actitud hegem\u00f3nica, pues no s\u00f3lo pretende concentrar en \u00e9l todo el poder del Estado Mexicano, sino tambi\u00e9n convertirse en el censor y controlador de una regi\u00f3n.<\/span><\/p>\n<p class=\"p1\"><span style=\"font-size: 14pt;\">Esta actitud de Boric pone en evidencia las diferencias entre las supuestas izquierdas latinoamericanas. Las hay oportunistas y bananeras, \u2014que en realidad carecen de ideolog\u00eda\u2014, y las movidas por principios y valores de beneficio colectivo, entre las que destaca la de Chile, as\u00ed como la que encabez\u00f3 Michelle Bachelet antes de Boric. El mismo Lula representa a esa izquierda moderna y democr\u00e1tica de Boric, que tiene visi\u00f3n de estado.<\/span><\/p>\n<p class=\"p1\"><span style=\"font-size: 14pt;\">Boric se neg\u00f3 a apoyar a Daniel Ortega, dictador nicarag\u00fcense. <\/span><\/p>\n<p class=\"p1\"><span style=\"font-size: 14pt;\">Se puede estar o no de acuerdo con esa izquierda, -madura y responsable-, pero siempre habr\u00e1 forma de dialogar con ellos, con responsabilidad y argumentos. <\/span><\/p>\n<p class=\"p1\"><span style=\"font-size: 14pt;\">En contraste, la izquierda bananera del \u201cClub de Tobi\u201d, es un conglomerado de gobernantes que se asumen de izquierda pero que s\u00f3lo les motiva ejercer el poder para beneficiarse de sus privilegios y adem\u00e1s, resarcir sus carencias emocionales y de autoestima. Para ello necesitan apoyarse unos a otros para mantenerse en el poder. <\/span><\/p>\n<p class=\"p1\"><span style=\"font-size: 14pt;\">La izquierda ilustrada es quiz\u00e1 un poco dogm\u00e1tica pero m\u00e1s comprometida con sus principios y valores y por tanto, m\u00e1s congruente en su conducta.<\/span><\/p>\n<p class=\"p1\"><span style=\"font-size: 14pt;\">Recuerdo con nostalgia mis tiempos de acad\u00e9mico en la Facultad de Ciencias de la Comunicaci\u00f3n de la Universidad Veracruzana, en los a\u00f1os ochenta. <\/span><\/p>\n<p class=\"p1\"><span style=\"font-size: 14pt;\">Una \u00e9poca politizada donde el cuerpo acad\u00e9mico oscilaba entre la geograf\u00eda ideol\u00f3gica. Sin embargo, jam\u00e1s hubo una agresi\u00f3n o insulto entre los quienes profes\u00e1bamos ideas pol\u00edticas opuestas. Jam\u00e1s nos vimos como adversarios. El respeto a la opini\u00f3n opuesta siempre fue un valor personal.<\/span><\/p>\n<p class=\"p1\"><span style=\"font-size: 14pt;\">El resultado fue la formaci\u00f3n de generaciones de periodistas destacados, de los que hoy podemos enorgullecernos. <\/span><\/p>\n<p class=\"p1\"><span style=\"font-size: 14pt;\">Hoy, cuando nos reencontramos ocasionalmente los catedr\u00e1ticos de ayer, se siente la empat\u00eda, aunque a\u00fan pudi\u00e9semos estar ubicados en posiciones ideol\u00f3gicas distantes.<\/span><\/p>\n<p class=\"p1\"><span style=\"font-size: 14pt;\">Debemos reconocer que es la ignorancia la que genera abismos sociales a partir de radicalismos sin sustento.<\/span><\/p>\n<p class=\"p1\"><span style=\"font-size: 14pt;\">Lo que hoy vemos en la 4T es un oportunismo ideol\u00f3gico, anclado en etiquetas. La pobreza intelectual es evidente.<\/span><\/p>\n<p class=\"p1\"><span style=\"font-size: 14pt;\">No es lo mismo la valent\u00eda que nace de la consciencia, que la soberbia y agresividad que nace de la ignorancia.<\/span><\/p>\n<p class=\"p1\"><span style=\"font-size: 14pt;\">Hoy desde la Rep\u00fablica de Chile fijan las fronteras que dividen a la izquierda comprometida con la verdad y los valores sociales y la ideolog\u00eda oportunista que sirve para manipular y maquillar las verdaderas ambiciones personales de poder.<\/span><\/p>\n<p class=\"p1\"><span style=\"font-size: 14pt;\">No permitamos que los oportunistas contin\u00faen manoseando a la verdadera izquierda, sustentada en el compromiso social.\u00a0<\/span><\/p>\n<p>&nbsp;<\/p>\n<p class=\"p1\"><span style=\"font-size: 18pt;\"><strong>\u00bfA usted qu\u00e9 le parece?<\/strong><\/span><\/p>\n<p>&nbsp;<\/p>\n<hr \/>\n<p>&nbsp;<\/p>\n<p class=\"p1\"><span style=\"font-size: 18pt;\"><strong>Facebook:<a href=\"https:\/\/www.facebook.com\/Ricardo.Homs1\">@Ricardo.Homs1<\/a><\/strong><\/span><\/p>\n<p class=\"p1\"><span style=\"font-size: 18pt;\"><strong>Twitter:\u00a0<\/strong><a href=\"https:\/\/twitter.com\/homsricardo\"><strong>@homsricardo<\/strong><\/a><\/span><\/p>\n<p class=\"p1\"><span style=\"font-size: 18pt;\"><strong>LinkedIn: <a href=\"https:\/\/www.linkedin.com\/in\/ricardo-homs-3920449\/?originalSubdomain=mx\">RicardoHoms<\/a><\/strong><\/span><\/p>\n<p class=\"p1\"><span style=\"font-size: 18pt;\"><a href=\"https:\/\/ricardohoms.com\/\"><strong>www.ricardohoms.com<\/strong><\/a><\/span><\/p>\n<p>&nbsp;<\/p>\n<p><img loading=\"lazy\" decoding=\"async\" class=\"aligncenter wp-image-11449\" src=\"http:\/\/noticiasveracruz.com\/wp-content\/uploads\/2023\/01\/FIRMA-EDITORIAL-NV-300x37.png\" alt=\"\" width=\"1000\" height=\"122\" srcset=\"https:\/\/noticiasveracruz.com\/wp-content\/uploads\/2023\/01\/FIRMA-EDITORIAL-NV-300x37.png 300w, https:\/\/noticiasveracruz.com\/wp-content\/uploads\/2023\/01\/FIRMA-EDITORIAL-NV-1024x125.png 1024w, https:\/\/noticiasveracruz.com\/wp-content\/uploads\/2023\/01\/FIRMA-EDITORIAL-NV-768x94.png 768w, https:\/\/noticiasveracruz.com\/wp-content\/uploads\/2023\/01\/FIRMA-EDITORIAL-NV-1536x188.png 1536w, https:\/\/noticiasveracruz.com\/wp-content\/uploads\/2023\/01\/FIRMA-EDITORIAL-NV-2048x250.png 2048w\" sizes=\"auto, (max-width: 1000px) 100vw, 1000px\" \/><\/p>\n<p>&nbsp;<\/p>\n<p>&nbsp;<\/p>\n","protected":false},"excerpt":{"rendered":"<p>&nbsp; Por Ricardo Homs Nuevamente Gabriel Boric, -presidente de Chile-, da otra lecci\u00f3n de congruencia y principios democr\u00e1ticos al gobierno de la 4T al rechazar el ofrecimiento del presidente L\u00f3pez Obrador de que \u00e9l reciba la presidencia de la Alianza del Pac\u00edfico. En lugar de aprovechar esta oportunidad, \u2014y aceptarla como un obsequio\u2014, se excus\u00f3 [&hellip;]<\/p>\n","protected":false},"author":4,"featured_media":3190,"comment_status":"closed","ping_status":"closed","sticky":false,"template":"","format":"standard","meta":{"_jetpack_newsletter_access":"","_jetpack_dont_email_post_to_subs":false,"_jetpack_newsletter_tier_id":0,"_jetpack_memberships_contains_paywalled_content":false,"_jetpack_feature_clip_id":0,"_jetpack_memberships_contains_paid_content":false,"footnotes":"","jetpack_publicize_message":"","jetpack_publicize_feature_enabled":true,"jetpack_social_post_already_shared":true,"jetpack_social_options":{"image_generator_settings":{"template":"highway","default_image_id":0,"font":"","enabled":false},"version":2},"jetpack_post_was_ever_published":false},"categories":[6],"tags":[],"class_list":["post-15950","post","type-post","status-publish","format-standard","has-post-thumbnail","hentry","category-columnistas"],"jetpack_publicize_connections":[],"jetpack_sharing_enabled":true,"publishpress_future_action":{"enabled":false,"date":"2026-09-10 01:59:03","action":"change-status","newStatus":"draft","terms":[],"taxonomy":"category","extraData":[]},"publishpress_future_workflow_manual_trigger":{"enabledWorkflows":[]},"jetpack_featured_media_url":"https:\/\/noticiasveracruz.com\/wp-content\/uploads\/2022\/04\/NV-RICARDO-HOMS.png","_links":{"self":[{"href":"https:\/\/noticiasveracruz.com\/index.php\/wp-json\/wp\/v2\/posts\/15950","targetHints":{"allow":["GET"]}}],"collection":[{"href":"https:\/\/noticiasveracruz.com\/index.php\/wp-json\/wp\/v2\/posts"}],"about":[{"href":"https:\/\/noticiasveracruz.com\/index.php\/wp-json\/wp\/v2\/types\/post"}],"author":[{"embeddable":true,"href":"https:\/\/noticiasveracruz.com\/index.php\/wp-json\/wp\/v2\/users\/4"}],"replies":[{"embeddable":true,"href":"https:\/\/noticiasveracruz.com\/index.php\/wp-json\/wp\/v2\/comments?post=15950"}],"version-history":[{"count":0,"href":"https:\/\/noticiasveracruz.com\/index.php\/wp-json\/wp\/v2\/posts\/15950\/revisions"}],"wp:featuredmedia":[{"embeddable":true,"href":"https:\/\/noticiasveracruz.com\/index.php\/wp-json\/wp\/v2\/media\/3190"}],"wp:attachment":[{"href":"https:\/\/noticiasveracruz.com\/index.php\/wp-json\/wp\/v2\/media?parent=15950"}],"wp:term":[{"taxonomy":"category","embeddable":true,"href":"https:\/\/noticiasveracruz.com\/index.php\/wp-json\/wp\/v2\/categories?post=15950"},{"taxonomy":"post_tag","embeddable":true,"href":"https:\/\/noticiasveracruz.com\/index.php\/wp-json\/wp\/v2\/tags?post=15950"}],"curies":[{"name":"wp","href":"https:\/\/api.w.org\/{rel}","templated":true}]}}