{"id":15893,"date":"2023-05-26T05:45:03","date_gmt":"2023-05-26T10:45:03","guid":{"rendered":"https:\/\/noticiasveracruz.com\/?p=15893"},"modified":"2023-05-26T09:11:47","modified_gmt":"2023-05-26T14:11:47","slug":"el-presidente-interfiere-en-coahuila-y-favorece-al-pri","status":"publish","type":"post","link":"https:\/\/noticiasveracruz.com\/index.php\/2023\/05\/26\/el-presidente-interfiere-en-coahuila-y-favorece-al-pri\/","title":{"rendered":"El Presidente interfiere en Coahuila y favorece al PRI"},"content":{"rendered":"<p>&nbsp;<\/p>\n<p class=\"p1\"><span style=\"font-size: 18pt;\"><strong>Por Jos\u00e9 Ure\u00f1a<\/strong><\/span><\/p>\n<p class=\"p3\"><span style=\"font-size: 14pt;\">El enojo debe ser inmenso. No hacerse del industrial Coahuila, como marcan las encuestas, debe ser asunto mayor para el Presidente de la Rep\u00fablica porque quiere al pa\u00eds entero. <\/span><span style=\"font-size: 14pt;\">\u00a1Cero oposici\u00f3n!<\/span><\/p>\n<p class=\"p3\"><span style=\"font-size: 14pt;\">Lo ha dicho en sus conferencias de prensa y por eso convoca a arrasar en 2024 para consumar el aniquilamiento de los contrapesos del Poder Ejecutivo, en especial el Judicial y la Corte presidida por Norma Pi\u00f1a.<\/span><\/p>\n<p class=\"p3\"><span style=\"font-size: 14pt;\">Le falta ese pilar de la Rep\u00fablica, cuya independencia es b\u00e1sica para la democracia, los derechos humanos, el Estado de derecho y dem\u00e1s, y el Instituto Nacional de Transparencia, Acceso a la Informaci\u00f3n y Protecci\u00f3n de Datos Personales (INAI).<\/span><\/p>\n<p class=\"p3\"><span style=\"font-size: 14pt;\">Pero antes la arrasadora morenista debe incluir las entidades con elecciones, ahora las de Coahuila y el Estado de M\u00e9xico, para borrar los vestigios del Partido Revolucionario Institucional (PRI).<\/span><\/p>\n<p class=\"p3\"><span style=\"font-size: 14pt;\">Pero \u00e9ste se resiste donde tiene estructura y, por las mediciones de aceptaci\u00f3n, Miguel Riquelme garantiza el triunfo del candidato Manolo Jim\u00e9nez. <\/span><span style=\"font-size: 14pt;\">De ah\u00ed nace el enojo.<\/span><\/p>\n<p>&nbsp;<\/p>\n<p class=\"p3\"><span style=\"font-size: 18pt; color: #e42d33;\"><strong>LA PETICI\u00d3N IN\u00daTIL<\/strong><\/span><\/p>\n<p class=\"p3\"><span style=\"font-size: 14pt;\">El Presidente ha decidido intervenir en las elecciones. <\/span><span style=\"font-size: 14pt;\">La semana pasada lo hizo con el Estado de M\u00e9xico y ayer le toc\u00f3 a Coahuila, cuando desconoci\u00f3 al disidente Ricardo Mej\u00eda Berdeja (PT) y lo llam\u00f3 deshonesto luego de ser subsecretario estrella de sus matutinas.<\/span><\/p>\n<p class=\"p3\"><span style=\"font-size: 14pt;\">\u201c\u2026yo no tengo relaci\u00f3n con Ricardo Mej\u00eda. No tengo relaci\u00f3n. Aqu\u00ed estaba con nosotros y se fue sin decir adi\u00f3s\u2026\u201d.<\/span><\/p>\n<p class=\"p3\"><span style=\"font-size: 14pt;\">Mientras, el administrativo morenista Mario Delgado insiste en pedir la declinaci\u00f3n de los candidatos petista (Ricardo Mej\u00eda) y verde (Lenin P\u00e9rez) para favorecer al gubernamental Armando Guadiana.<\/span><\/p>\n<p class=\"p3\"><span style=\"font-size: 14pt;\">Es in\u00fatil desde todos los enfoques. <\/span><span style=\"font-size: 14pt;\">El equipo del priista Manolo Jim\u00e9nez hizo un estudio jur\u00eddico y su resultado fue pr\u00e1ctico: de nada sirve su renuncia porque las boletas electorales ya est\u00e1n impresas.<\/span><\/p>\n<p class=\"p3\"><span style=\"font-size: 14pt;\">Otro dato: si se retiraran, 30% de sus simpatizantes se ir\u00edan a Morena, pero 30 por ciento m\u00e1s al PRI y en esas circunstancias no mover\u00edan la pizarra electoral.<\/span><\/p>\n<p class=\"p3\"><span style=\"font-size: 14pt;\">El resto, 60%, se abstendr\u00edan de votar.<\/span><\/p>\n<p>&nbsp;<\/p>\n<p class=\"p3\"><span style=\"font-size: 18pt; color: #e42d33;\"><strong>LA VIGILANCIA DIF\u00cdCIL<\/strong><\/span><\/p>\n<p class=\"p3\"><span style=\"font-size: 14pt;\">1. Hay problemas para supervisar la evoluci\u00f3n volc\u00e1nica del Popocat\u00e9petl.<\/span><\/p>\n<p class=\"p3\"><span style=\"font-size: 14pt;\">Hasta ahora se han usado helic\u00f3pteros para tomas a\u00e9reas, pero ya no es posible hacerlo sin correr graves riesgos para pilotos y t\u00e9cnicos.<\/span><\/p>\n<p class=\"p3\"><span style=\"font-size: 14pt;\">Y no se pueden mandar suficientes drones porque los destruir\u00edan las altas temperaturas o las exhalaciones, causa por la cual se esperan momentos de poca actividad para operarlos.<\/span><\/p>\n<p class=\"p3\"><span style=\"font-size: 14pt;\">-Por eso no tenemos informaci\u00f3n cierta. Por ahora creemos que ha bajado su efervescencia y debemos esperar mejores momentos -dice el secretario de Gobernaci\u00f3n de Puebla, Julio Huerta, bajo cuyo mando est\u00e1n Protecci\u00f3n Civil y Seguridad P\u00fablica.<\/span><\/p>\n<p class=\"p3\"><span style=\"font-size: 14pt;\">Y 2. Peores noticias para Morena, Mario Delgado, Armando Guadiana y el dirigente estatal Diego del Bosque, a quienes acusan de traidores.<\/span><\/p>\n<p class=\"p3\"><span style=\"font-size: 14pt;\">Inconformes con las imposiciones, unos morenistas se van con Ricardo Mej\u00eda, muchos otros con el priista Manolo Jim\u00e9nez y esto se reflejar\u00e1 en la encuesta definitiva, la del domingo 4 de junio.<\/span><\/p>\n<p class=\"p3\"><span style=\"font-size: 14pt;\">Para esos activistas guindas no importan las condenas presidenciales ni las promociones a favor del senador minero y proveedor favorito de la Comisi\u00f3n Federal de Electricidad (CFE), Armando Guadiana, porque no van con \u00e9l.<\/span><\/p>\n<p>&nbsp;<\/p>\n<hr \/>\n<p>&nbsp;<\/p>\n<p><img loading=\"lazy\" decoding=\"async\" class=\"aligncenter wp-image-11449\" src=\"http:\/\/noticiasveracruz.com\/wp-content\/uploads\/2023\/01\/FIRMA-EDITORIAL-NV-300x37.png\" alt=\"\" width=\"1000\" height=\"122\" srcset=\"https:\/\/noticiasveracruz.com\/wp-content\/uploads\/2023\/01\/FIRMA-EDITORIAL-NV-300x37.png 300w, https:\/\/noticiasveracruz.com\/wp-content\/uploads\/2023\/01\/FIRMA-EDITORIAL-NV-1024x125.png 1024w, https:\/\/noticiasveracruz.com\/wp-content\/uploads\/2023\/01\/FIRMA-EDITORIAL-NV-768x94.png 768w, https:\/\/noticiasveracruz.com\/wp-content\/uploads\/2023\/01\/FIRMA-EDITORIAL-NV-1536x188.png 1536w, https:\/\/noticiasveracruz.com\/wp-content\/uploads\/2023\/01\/FIRMA-EDITORIAL-NV-2048x250.png 2048w\" sizes=\"auto, (max-width: 1000px) 100vw, 1000px\" \/><\/p>\n<p>&nbsp;<\/p>\n<p>&nbsp;<\/p>\n","protected":false},"excerpt":{"rendered":"<p>&nbsp; Por Jos\u00e9 Ure\u00f1a El enojo debe ser inmenso. No hacerse del industrial Coahuila, como marcan las encuestas, debe ser<\/p>\n","protected":false},"author":4,"featured_media":3258,"comment_status":"closed","ping_status":"closed","sticky":false,"template":"","format":"standard","meta":{"colormag_page_container_layout":"default_layout","colormag_page_sidebar_layout":"default_layout","_jetpack_memberships_contains_paid_content":false,"footnotes":"","jetpack_publicize_message":"","jetpack_publicize_feature_enabled":true,"jetpack_social_post_already_shared":true,"jetpack_social_options":{"image_generator_settings":{"template":"highway","default_image_id":0,"font":"","enabled":false},"version":2}},"categories":[6],"tags":[],"class_list":["post-15893","post","type-post","status-publish","format-standard","has-post-thumbnail","hentry","category-columnistas"],"jetpack_publicize_connections":[],"jetpack_featured_media_url":"https:\/\/noticiasveracruz.com\/wp-content\/uploads\/2022\/04\/JOSE\u0301-UREN\u0303A.png","jetpack_sharing_enabled":true,"publishpress_future_action":{"enabled":false,"date":"2026-05-06 04:46:21","action":"change-status","newStatus":"draft","terms":[],"taxonomy":"category","extraData":[]},"publishpress_future_workflow_manual_trigger":{"enabledWorkflows":[]},"_links":{"self":[{"href":"https:\/\/noticiasveracruz.com\/index.php\/wp-json\/wp\/v2\/posts\/15893","targetHints":{"allow":["GET"]}}],"collection":[{"href":"https:\/\/noticiasveracruz.com\/index.php\/wp-json\/wp\/v2\/posts"}],"about":[{"href":"https:\/\/noticiasveracruz.com\/index.php\/wp-json\/wp\/v2\/types\/post"}],"author":[{"embeddable":true,"href":"https:\/\/noticiasveracruz.com\/index.php\/wp-json\/wp\/v2\/users\/4"}],"replies":[{"embeddable":true,"href":"https:\/\/noticiasveracruz.com\/index.php\/wp-json\/wp\/v2\/comments?post=15893"}],"version-history":[{"count":0,"href":"https:\/\/noticiasveracruz.com\/index.php\/wp-json\/wp\/v2\/posts\/15893\/revisions"}],"wp:featuredmedia":[{"embeddable":true,"href":"https:\/\/noticiasveracruz.com\/index.php\/wp-json\/wp\/v2\/media\/3258"}],"wp:attachment":[{"href":"https:\/\/noticiasveracruz.com\/index.php\/wp-json\/wp\/v2\/media?parent=15893"}],"wp:term":[{"taxonomy":"category","embeddable":true,"href":"https:\/\/noticiasveracruz.com\/index.php\/wp-json\/wp\/v2\/categories?post=15893"},{"taxonomy":"post_tag","embeddable":true,"href":"https:\/\/noticiasveracruz.com\/index.php\/wp-json\/wp\/v2\/tags?post=15893"}],"curies":[{"name":"wp","href":"https:\/\/api.w.org\/{rel}","templated":true}]}}