{"id":15876,"date":"2023-05-26T07:43:21","date_gmt":"2023-05-26T12:43:21","guid":{"rendered":"https:\/\/noticiasveracruz.com\/?p=15876"},"modified":"2023-05-26T07:45:22","modified_gmt":"2023-05-26T12:45:22","slug":"remes-debe-estar-en-la-sombra","status":"publish","type":"post","link":"https:\/\/noticiasveracruz.com\/index.php\/2023\/05\/26\/remes-debe-estar-en-la-sombra\/","title":{"rendered":"Remes debe estar en la sombra"},"content":{"rendered":"<p>&nbsp;<\/p>\n<p class=\"p1\"><span style=\"font-size: 18pt;\"><b>Por \u00c1ngel \u00c1lvaro Pe\u00f1a<\/b><\/span><\/p>\n<p class=\"p1\"><span style=\"font-size: 14pt;\">A mediados de mayo del presente a\u00f1o, fue aprobada la Ley Tres de Tres en el Congreso local de Veracruz, con lo que sumaron 23 estados en territorio nacional que adopt\u00f3 esa ley que consiste en suspender el derecho de los hombres que hayan incurrido en violencia de g\u00e9nero y deudores de pensiones alimentarias puedan ocupar empleos, cargos p\u00fablicos o comisiones en el servicio p\u00fablico, o ser candidatos a puestos de elecci\u00f3n popular.<\/span><\/p>\n<p class=\"p1\"><span style=\"font-size: 14pt;\">Desde luego la ley no es retroactiva y no puede castigarse a agresores como el presidente municipal de Poza Rica, Fernando Remes Garza.<\/span><\/p>\n<p class=\"p1\"><span style=\"font-size: 18pt;\"><strong>As\u00ed, la Ley Tres de Tres es Constitucional, tiene vigencia en todo el pa\u00eds, y deber\u00e1 ampliarse a las actividades presentes de los agresores, que, como el alcalde Remes, tambi\u00e9n es agresor f\u00edsico y verbal de mujeres, acosador y mis\u00f3gino.<\/strong><\/span><\/p>\n<p><img loading=\"lazy\" decoding=\"async\" class=\"aligncenter wp-image-20225 size-large\" src=\"https:\/\/politicosaldesnudo.com.mx\/wp-content\/uploads\/2023\/05\/P-FERNANDO-REMES-DENUNCIA-1024x683.png\" alt=\"\" width=\"800\" height=\"534\" \/><\/p>\n<p>&nbsp;<\/p>\n<p class=\"p1\"><span style=\"font-size: 18pt; color: #e42d33;\"><strong>Ahora ha recibido una nueva demanda por violencia de g\u00e9nero. Se dio a conocer p\u00fablicamente un\u00a0documento de la Fiscal\u00eda General del Estado, donde se se\u00f1ala que se trata de una denuncia derivada de violencia de g\u00e9nero, Remes ya hab\u00eda sido responsabilizado de violencia vicaria.<\/strong><\/span><\/p>\n<p class=\"p1\"><span style=\"font-size: 14pt;\">La agraviada, al parecer una de sus parejas, se\u00f1al\u00f3 que se vio obligada a tomar la determinaci\u00f3n de acusarlo penalmente luego de ser violentada, y, por si fuera poco, se\u00f1al\u00f3 al alcalde por arrebatarle a uno de sus hijos y teme que lo mismo pueda ocurrir con dos ni\u00f1as que ella tiene con Fernando Remes.<\/span><\/p>\n<p class=\"p1\"><span style=\"font-size: 14pt;\">A pesar de que el alcalde es dado a tener varias familias, en dicha denuncia por violencia de g\u00e9nero en los datos oficiales de la denuncia penal aparece como soltero.<\/span><\/p>\n<p class=\"p1\"><span style=\"font-size: 18pt;\"><strong>La v\u00edctima advirti\u00f3 que si algo le llegase a pasar a ella o a alguna de sus hijas el presidente municipal Fernando Luis Remes Garza tendr\u00eda que ser arrestado, porque ha hecho amenazas a diestra y siniestra.<\/strong><\/span><\/p>\n<p class=\"p1\"><span style=\"font-size: 18pt; color: #e42d33;\"><strong>As\u00ed, Remes despide personal, sobre todo a mujeres, como sucedi\u00f3 en el DIF del ayuntamiento de Poza Rica, donde el nepotismo es la marca de la casa, como sucede en el resto de la administraci\u00f3n.<\/strong><\/span><\/p>\n<p class=\"p1\"><span style=\"font-size: 14pt;\">As\u00ed, desde la perspectiva de la nueva ley debe aplicarse a quienes, desde el poder ejercen violencia de g\u00e9nero, con sanciones que se apliquen desde ahora, aunque la ley para posibles candidatos empiece a tener vigencia hasta 2024, porque la impunidad de la que goza el presidente municipal de Poza Rica ya no puede continuar, por esto y otros delitos debe estar en la c\u00e1rcel.<\/span><\/p>\n<p class=\"p1\"><span style=\"font-size: 14pt;\">La Ley Tres de Tres modifica los art\u00edculos 38 y 102 de la Constituci\u00f3n,\u00a0en consecuencia, en todos los procesos electorales que se realicen en M\u00e9xico a partir de 2024, ninguna persona responsable de cualquier tipo de agresi\u00f3n de g\u00e9nero pueda acceder a puestos gubernamentales, ya sean de representaci\u00f3n popular o no.<\/span><\/p>\n<p class=\"p1\"><span style=\"font-size: 14pt;\">Para cuando esta ley cobre vigencia, Remes estar\u00e1 terminando su gesti\u00f3n como uno de los peores presidentes municipales que haya tenido Poza Rica.<\/span><\/p>\n<p class=\"p1\"><span style=\"font-size: 14pt;\">Las autoridades parecieran estar al servicio de la delincuencia, o bien la delincuencia parece tener una gran influencia en las decisiones de las autoridades en Poza Rica, a grado tal que el alcalde hace lo que se le pega la gana sin castigo alguno.<\/span><\/p>\n<p class=\"p1\"><span style=\"font-size: 18pt;\"><strong>La carrera pol\u00edtica de Remes se acab\u00f3 porque con los antecedentes que tiene de violencia de g\u00e9nero, la negaci\u00f3n a dar pensi\u00f3n alimentaria, acosar mujeres, intimidar empleados, no podr\u00e1 tener un cargo p\u00fablico el resto de su vida.<\/strong><\/span><\/p>\n<p>&nbsp;<\/p>\n<p class=\"p1\"><span style=\"font-size: 18pt; color: #e42d33;\"><b>PEGA Y CORRE<\/b><\/span><\/p>\n<p class=\"p1\"><span style=\"font-size: 14pt;\">Para algunos mexicanos la comunidad internacional los gobierno antidemocr\u00e1ticos, de facto, son parte del resto del mundo. As\u00ed consideran que el gobierno de Per\u00fa, que es producto de un golpe de Estado, forma parte de una opini\u00f3n mundial generalizada respecto al gobierno de M\u00e9xico. No es as\u00ed. Son gobiernos ileg\u00edtimos que no tenemos por qu\u00e9 tener relaciones con ellos ya que no tienen gobierno elegidos por el pueblo.<\/span><\/p>\n<p>&nbsp;<\/p>\n<p><em><span style=\"font-size: 18pt;\"><strong>Esta columna se publica los lunes, mi\u00e9rcoles y viernes<\/strong><\/span><\/em><\/p>\n<p>&nbsp;<\/p>\n<hr \/>\n<p>&nbsp;<\/p>\n<p><img loading=\"lazy\" decoding=\"async\" class=\"aligncenter wp-image-11449\" src=\"http:\/\/noticiasveracruz.com\/wp-content\/uploads\/2023\/01\/FIRMA-EDITORIAL-NV-1024x125.png\" alt=\"\" width=\"1000\" height=\"122\" srcset=\"https:\/\/noticiasveracruz.com\/wp-content\/uploads\/2023\/01\/FIRMA-EDITORIAL-NV-1024x125.png 1024w, https:\/\/noticiasveracruz.com\/wp-content\/uploads\/2023\/01\/FIRMA-EDITORIAL-NV-300x37.png 300w, https:\/\/noticiasveracruz.com\/wp-content\/uploads\/2023\/01\/FIRMA-EDITORIAL-NV-768x94.png 768w, https:\/\/noticiasveracruz.com\/wp-content\/uploads\/2023\/01\/FIRMA-EDITORIAL-NV-1536x188.png 1536w, https:\/\/noticiasveracruz.com\/wp-content\/uploads\/2023\/01\/FIRMA-EDITORIAL-NV-2048x250.png 2048w\" sizes=\"auto, (max-width: 1000px) 100vw, 1000px\" \/><\/p>\n<p>&nbsp;<\/p>\n<p>&nbsp;<\/p>\n<p>&nbsp;<\/p>\n","protected":false},"excerpt":{"rendered":"<p>&nbsp; Por \u00c1ngel \u00c1lvaro Pe\u00f1a A mediados de mayo del presente a\u00f1o, fue aprobada la Ley Tres de Tres en<\/p>\n","protected":false},"author":4,"featured_media":3187,"comment_status":"closed","ping_status":"closed","sticky":false,"template":"","format":"standard","meta":{"colormag_page_container_layout":"default_layout","colormag_page_sidebar_layout":"default_layout","_jetpack_memberships_contains_paid_content":false,"footnotes":"","jetpack_publicize_message":"","jetpack_publicize_feature_enabled":true,"jetpack_social_post_already_shared":true,"jetpack_social_options":{"image_generator_settings":{"template":"highway","default_image_id":0,"font":"","enabled":false},"version":2}},"categories":[6],"tags":[273,2592,433,73,2591],"class_list":["post-15876","post","type-post","status-publish","format-standard","has-post-thumbnail","hentry","category-columnistas","tag-fernando-remes","tag-ley-tres-de-tres","tag-poza-rica","tag-veracruz","tag-violencia-de-genero"],"jetpack_publicize_connections":[],"jetpack_featured_media_url":"https:\/\/noticiasveracruz.com\/wp-content\/uploads\/2022\/04\/A\u0301NGEL-A\u0301LVARO-PEN\u0303A.png","jetpack_sharing_enabled":true,"publishpress_future_action":{"enabled":false,"date":"2026-05-06 04:15:20","action":"change-status","newStatus":"draft","terms":[],"taxonomy":"category","extraData":[]},"publishpress_future_workflow_manual_trigger":{"enabledWorkflows":[]},"_links":{"self":[{"href":"https:\/\/noticiasveracruz.com\/index.php\/wp-json\/wp\/v2\/posts\/15876","targetHints":{"allow":["GET"]}}],"collection":[{"href":"https:\/\/noticiasveracruz.com\/index.php\/wp-json\/wp\/v2\/posts"}],"about":[{"href":"https:\/\/noticiasveracruz.com\/index.php\/wp-json\/wp\/v2\/types\/post"}],"author":[{"embeddable":true,"href":"https:\/\/noticiasveracruz.com\/index.php\/wp-json\/wp\/v2\/users\/4"}],"replies":[{"embeddable":true,"href":"https:\/\/noticiasveracruz.com\/index.php\/wp-json\/wp\/v2\/comments?post=15876"}],"version-history":[{"count":0,"href":"https:\/\/noticiasveracruz.com\/index.php\/wp-json\/wp\/v2\/posts\/15876\/revisions"}],"wp:featuredmedia":[{"embeddable":true,"href":"https:\/\/noticiasveracruz.com\/index.php\/wp-json\/wp\/v2\/media\/3187"}],"wp:attachment":[{"href":"https:\/\/noticiasveracruz.com\/index.php\/wp-json\/wp\/v2\/media?parent=15876"}],"wp:term":[{"taxonomy":"category","embeddable":true,"href":"https:\/\/noticiasveracruz.com\/index.php\/wp-json\/wp\/v2\/categories?post=15876"},{"taxonomy":"post_tag","embeddable":true,"href":"https:\/\/noticiasveracruz.com\/index.php\/wp-json\/wp\/v2\/tags?post=15876"}],"curies":[{"name":"wp","href":"https:\/\/api.w.org\/{rel}","templated":true}]}}