{"id":15665,"date":"2023-05-19T05:30:34","date_gmt":"2023-05-19T10:30:34","guid":{"rendered":"https:\/\/noticiasveracruz.com\/?p=15665"},"modified":"2023-05-19T09:00:54","modified_gmt":"2023-05-19T14:00:54","slug":"las-mujeres-de-morena","status":"publish","type":"post","link":"https:\/\/noticiasveracruz.com\/index.php\/2023\/05\/19\/las-mujeres-de-morena\/","title":{"rendered":"Las mujeres de Morena"},"content":{"rendered":"<p>&nbsp;<\/p>\n<p class=\"p1\"><span style=\"font-size: 18pt;\"><strong>Por Luis Ram\u00edrez Baqueiro<\/strong><\/span><\/p>\n<p>&nbsp;<\/p>\n<p class=\"p1\" style=\"text-align: center;\"><em><strong><span style=\"font-size: 18pt;\">\u201cEl triunfo no est\u00e1 en vencer siempre sino en nunca desanimarse\u201d\u00a0<\/span><\/strong><\/em><\/p>\n<p class=\"p1\" style=\"text-align: center;\"><span style=\"font-size: 18pt;\">\u2013\u00a0Napole\u00f3n Bonaparte \u2013\u00a0<\/span><\/p>\n<p>&nbsp;<\/p>\n<p class=\"p1\"><span style=\"font-size: 14pt;\">Es innegable que en los estertores del poder los actores pol\u00edticos en todas las etapas de la historia sue\u00f1an con pasar a la misma recordados por alg\u00fan tipo de aportaci\u00f3n.<\/span><\/p>\n<p class=\"p1\"><span style=\"font-size: 14pt;\">As\u00ed por ejemplo recordamos a los expresidentes L\u00e1zaro C\u00e1rdenas por la expropiaci\u00f3n petrolera, Adolfo Ruiz Cortines por haber avalado el acceso de las mujeres al voto, Adolfo L\u00f3pez Mateos por haber nacionalizado la industria el\u00e9ctrica, etc.<\/span><\/p>\n<p class=\"p1\"><span style=\"font-size: 14pt;\">A cinco a\u00f1os de haber iniciado su administraci\u00f3n el presidente Andr\u00e9s Manuel L\u00f3pez Obrador construye tambi\u00e9n su plan para pasar a la historia, no solo como el responsable de haber institucionalizado la entrega de los programas sociales, sino tambi\u00e9n por haber sido el primer Ejecutivo que dar\u00e1 tr\u00e1nsito a la alternancia pol\u00edtica a la primera mujer presidente de M\u00e9xico.<\/span><\/p>\n<p class=\"p1\"><span style=\"font-size: 14pt;\">Y es que aun cuando \u00e9l mismo aceler\u00f3 el proceso de sucesi\u00f3n presidencial anticip\u00e1ndose a los tiempos, la evidente cargada morenista comenzar\u00e1 a decantarse por la que en la encuesta resulta la mejor posicionada.<\/span><\/p>\n<p class=\"p1\"><span style=\"font-size: 14pt;\">As\u00ed Claudia Sheinbaum Pardo ser\u00e1 seguramente la beneficiaria de la \u201cdedoencuestacracia\u201d que habr\u00e1 de ser el instrumento empleado por el presidente L\u00f3pez Obrador para elegir a su sucesora.<\/span><\/p>\n<p>&nbsp;<\/p>\n<p><img loading=\"lazy\" decoding=\"async\" class=\"aligncenter wp-image-19971 size-large\" src=\"https:\/\/politicosaldesnudo.com.mx\/wp-content\/uploads\/2023\/05\/P-CLAUDIA-ROCIO-1024x573.png\" alt=\"\" width=\"800\" height=\"448\" \/><\/p>\n<p>&nbsp;<\/p>\n<p class=\"p1\"><span style=\"font-size: 14pt;\">Tambi\u00e9n es importante remarcar que nadie podr\u00e1 decirse sorprendido, timado o enga\u00f1ado, pues el mismo tabasque\u00f1o ha hecho evidente su predilecci\u00f3n por la Jefa de Gobierno de la Ciudad de M\u00e9xico.<\/span><\/p>\n<p class=\"p1\"><span style=\"font-size: 14pt;\">Pero si alguien lo dudaba, quiz\u00e1 una encuesta sirva de referencia.<\/span><\/p>\n<p class=\"p1\"><span style=\"font-size: 14pt;\">Seg\u00fan la Encuesta Nacional \u201cPresidenciables 2024\u201d publicada el pasado 15 de mayo y realizada a petici\u00f3n de WRadio y el Diario El Pa\u00eds y realizada por la casa demosc\u00f3pica Enkoll, la jefa de Gobierno Claudia Sheinbaum encabeza con amplia ventaja, mientras la contienda interna de Morena se acerca a fases decisivas. El partido de L\u00f3pez Obrador arrasa con un margen de dos a uno frente a la coalici\u00f3n opositora Va por M\u00e9xico.\u00a0En la encuesta sostiene que Sheinbaum cuenta con el 45 por ciento de las preferencias, en comparaci\u00f3n con el 29 por ciento que obtuvo el Canciller Marcelo Ebrard, es decir, hubo 16 puntos de diferencia, dos m\u00e1s que en la anterior encuesta realizada en febrero.\u00a0<\/span><\/p>\n<p class=\"p1\"><span style=\"font-size: 14pt;\">Otro dato relevante que aporta el estudio afirma que Morena se mantiene a la cabeza de las preferencias electorales de cara al proceso presidencial de 2024 con una preferencia bruta del 51% en la intenci\u00f3n de voto de los mexicanos, por el contrario, el 43% nunca votar\u00eda por el candidato del PRI, el 15% no elegir\u00eda al candidato del PAN, y solo el 10% no votar\u00eda por el presidenciable de Morena.<\/span><\/p>\n<p class=\"p1\"><span style=\"font-size: 14pt;\">Ese mismo escenario podr\u00eda replicarse en Veracruz, en donde todo parece indicar que ser\u00e1 la secretaria de Energ\u00eda, Roc\u00edo Nahle Garc\u00eda la que se alzar\u00e1 con la candidatura de su partido a la gubernatura de la entidad.<\/span><\/p>\n<p class=\"p1\"><span style=\"font-size: 14pt;\">Nadie m\u00e1s garantiza la continuidad del proyecto transformador del presidente Andr\u00e9s Manuel L\u00f3pez Obrador como est\u00e1s dos mujeres.<\/span><\/p>\n<p class=\"p1\"><span style=\"font-size: 14pt;\">De esta manera, ha llegado el momento de comenzar a tejer fino al interior de Morena en abono a la construcci\u00f3n de los acuerdos de unidad que permitan a todos los actores pol\u00edticos asirse y sumarse al proyecto ganador, pues despu\u00e9s ser\u00e1 demasiado tarde.<\/span><\/p>\n<p class=\"p1\"><span style=\"font-size: 14pt;\">Pocos lo han entendido, quiz\u00e1 sea por ello, que personajes como Juan Javier G\u00f3mez Cazar\u00edn, presidente de la Junta de Coordinaci\u00f3n Pol\u00edtica del Congreso de Veracruz han hecho tan anticipadamente p\u00fablica su preferencia por la propia Roc\u00edo Nahle, al afirmar en reiteradas ocasiones que #LabuenaesCh\u00edo.<\/span><\/p>\n<p class=\"p1\"><span style=\"font-size: 14pt;\">Como dicen por ah\u00ed, \u201cel que entendi\u00f3, entendi\u00f3\u201d, tan, tan.<\/span><\/p>\n<p>&nbsp;<\/p>\n<p class=\"p1\"><span style=\"font-size: 18pt;\"><strong>Al tiempo<\/strong><\/span><\/p>\n<p>&nbsp;<\/p>\n<hr \/>\n<p>&nbsp;<\/p>\n<p class=\"p1\"><span style=\"font-size: 18pt;\"><strong>Correo: <a href=\"mailto:astrolabiopoliticomx@gmail.com\">astrolabiopoliticomx@gmail.com<\/a><\/strong><\/span><\/p>\n<p class=\"p1\"><span style=\"font-size: 18pt;\"><strong>Twitter: <a href=\"http:\/\/www.twitter.com\/LuisBaqueiro_mx\">@LuisBaqueiro_mx<\/a><\/strong><\/span><\/p>\n<p>&nbsp;<\/p>\n<p><img loading=\"lazy\" decoding=\"async\" class=\"aligncenter wp-image-11449\" src=\"http:\/\/noticiasveracruz.com\/wp-content\/uploads\/2023\/01\/FIRMA-EDITORIAL-NV-300x37.png\" alt=\"\" width=\"1000\" height=\"122\" srcset=\"https:\/\/noticiasveracruz.com\/wp-content\/uploads\/2023\/01\/FIRMA-EDITORIAL-NV-300x37.png 300w, https:\/\/noticiasveracruz.com\/wp-content\/uploads\/2023\/01\/FIRMA-EDITORIAL-NV-1024x125.png 1024w, https:\/\/noticiasveracruz.com\/wp-content\/uploads\/2023\/01\/FIRMA-EDITORIAL-NV-768x94.png 768w, https:\/\/noticiasveracruz.com\/wp-content\/uploads\/2023\/01\/FIRMA-EDITORIAL-NV-1536x188.png 1536w, https:\/\/noticiasveracruz.com\/wp-content\/uploads\/2023\/01\/FIRMA-EDITORIAL-NV-2048x250.png 2048w\" sizes=\"auto, (max-width: 1000px) 100vw, 1000px\" \/><\/p>\n<p>&nbsp;<\/p>\n<p>&nbsp;<\/p>\n","protected":false},"excerpt":{"rendered":"<p>&nbsp; Por Luis Ram\u00edrez Baqueiro &nbsp; \u201cEl triunfo no est\u00e1 en vencer siempre sino en nunca desanimarse\u201d\u00a0 \u2013\u00a0Napole\u00f3n Bonaparte \u2013\u00a0<\/p>\n","protected":false},"author":4,"featured_media":3572,"comment_status":"closed","ping_status":"closed","sticky":false,"template":"","format":"standard","meta":{"colormag_page_container_layout":"default_layout","colormag_page_sidebar_layout":"default_layout","_jetpack_memberships_contains_paid_content":false,"footnotes":"","jetpack_publicize_message":"","jetpack_publicize_feature_enabled":true,"jetpack_social_post_already_shared":true,"jetpack_social_options":{"image_generator_settings":{"template":"highway","default_image_id":0,"font":"","enabled":false},"version":2}},"categories":[6],"tags":[],"class_list":["post-15665","post","type-post","status-publish","format-standard","has-post-thumbnail","hentry","category-columnistas"],"jetpack_publicize_connections":[],"jetpack_featured_media_url":"https:\/\/noticiasveracruz.com\/wp-content\/uploads\/2022\/04\/LUIS-RAMI\u0301REZ-BAQUEIRO.png","jetpack_sharing_enabled":true,"publishpress_future_action":{"enabled":false,"date":"2026-05-09 02:45:38","action":"change-status","newStatus":"draft","terms":[],"taxonomy":"category","extraData":[]},"publishpress_future_workflow_manual_trigger":{"enabledWorkflows":[]},"_links":{"self":[{"href":"https:\/\/noticiasveracruz.com\/index.php\/wp-json\/wp\/v2\/posts\/15665","targetHints":{"allow":["GET"]}}],"collection":[{"href":"https:\/\/noticiasveracruz.com\/index.php\/wp-json\/wp\/v2\/posts"}],"about":[{"href":"https:\/\/noticiasveracruz.com\/index.php\/wp-json\/wp\/v2\/types\/post"}],"author":[{"embeddable":true,"href":"https:\/\/noticiasveracruz.com\/index.php\/wp-json\/wp\/v2\/users\/4"}],"replies":[{"embeddable":true,"href":"https:\/\/noticiasveracruz.com\/index.php\/wp-json\/wp\/v2\/comments?post=15665"}],"version-history":[{"count":0,"href":"https:\/\/noticiasveracruz.com\/index.php\/wp-json\/wp\/v2\/posts\/15665\/revisions"}],"wp:featuredmedia":[{"embeddable":true,"href":"https:\/\/noticiasveracruz.com\/index.php\/wp-json\/wp\/v2\/media\/3572"}],"wp:attachment":[{"href":"https:\/\/noticiasveracruz.com\/index.php\/wp-json\/wp\/v2\/media?parent=15665"}],"wp:term":[{"taxonomy":"category","embeddable":true,"href":"https:\/\/noticiasveracruz.com\/index.php\/wp-json\/wp\/v2\/categories?post=15665"},{"taxonomy":"post_tag","embeddable":true,"href":"https:\/\/noticiasveracruz.com\/index.php\/wp-json\/wp\/v2\/tags?post=15665"}],"curies":[{"name":"wp","href":"https:\/\/api.w.org\/{rel}","templated":true}]}}