{"id":15663,"date":"2023-05-19T05:10:44","date_gmt":"2023-05-19T10:10:44","guid":{"rendered":"https:\/\/noticiasveracruz.com\/?p=15663"},"modified":"2023-05-19T08:53:00","modified_gmt":"2023-05-19T13:53:00","slug":"roberto-bravo-garzon-2","status":"publish","type":"post","link":"https:\/\/noticiasveracruz.com\/index.php\/2023\/05\/19\/roberto-bravo-garzon-2\/","title":{"rendered":"Roberto Bravo Garz\u00f3n"},"content":{"rendered":"<p class=\"p1\">\n<p>&nbsp;<\/p>\n<p class=\"p1\"><span style=\"font-size: 18pt;\"><strong>Por Dra. Zaida Alicia Llad\u00f3 Castillo<\/strong><\/span><\/p>\n<p>&nbsp;<\/p>\n<p class=\"p1\"><span style=\"font-size: 18pt;\">Segunda Parte<\/span><\/p>\n<p class=\"p1\"><span style=\"font-size: 14pt;\">Si el primer a\u00f1o de rectorado del Dr. Roberto Bravo Garz\u00f3n fue importante, lo que continu\u00f3 en los siguieres 7 a\u00f1os (de 1974 a 1981), fue crucial en la vida de la Universidad Veracruzana. El proyecto no solo era continuar con la descentralizaci\u00f3n acad\u00e9mica -que hab\u00eda de avanzar paulatinamente con la creaci\u00f3n de nuevas Facultades, Institutos y Centros de Estudios-, se requer\u00eda obligadamente apresurar la reorganizaci\u00f3n administrativa tanto a nivel Central, como en las regiones. Y para eso, hab\u00eda de continuarse con la gesti\u00f3n y el apoyo de los Gobiernos, Federal y Estatal, para que v\u00eda subsidios se generaran los recursos necesarios. Por fortuna, estos entendieron este inter\u00e9s y apoyaron sin reservas.\u00a0<\/span><\/p>\n<p class=\"p1\"><span style=\"font-size: 14pt;\">Ello llev\u00f3 a la creaci\u00f3n \u2013 en los siguientes a\u00f1os-, de nuevos espacios y entidades acad\u00e9micas y administrativas, tanto en la Unidad Central de Rector\u00eda como en las zonas en donde estaba planeada su proyecci\u00f3n. El prop\u00f3sito era claro:\u00a0 lograr colocar a la Universidad Veracruzana en un alto nivel de prestigio en el plano nacional e internacional, por lo que sus acciones deb\u00edan de orientarse al fortalecimiento de sus funciones sustantivas: docencia, investigaci\u00f3n y difusi\u00f3n de la cultura, dot\u00e1ndola de toda la infraestructura material y acad\u00e9mica para lograrlo y generando los cambios en las curr\u00edculas acad\u00e9micas para dar entrada a nuevas opciones, que vinieran a cubrir la demanda de atenci\u00f3n a necesidades de las regiones veracruzanas.\u00a0<\/span><\/p>\n<p class=\"p1\"><span style=\"font-size: 14pt;\">Como ejemplo de lo anterior, en 1974, se crean las Delegaciones Administrativas Regionales -hoy denominadas Vicerrector\u00edas- sum\u00e1ndose a la de Orizaba, (formada en 1973), las de Veracruz, Coatzacoalcos y Xalapa. Se conforma la Escuela de Iniciaci\u00f3n Universitaria de Coatzacoalcos y se reorganiza la Escuela de Enfermer\u00eda de esa ciudad. El Instituto de Ciencias reanuda actividades. Se conforma el Instituto de Investigaciones y Estudios Superiores Econ\u00f3micos y Sociales (IIESES) y el Taller de Artes Pl\u00e1sticas se constituye como Escuela, ofreciendo el grado de licenciatura. El Instituto de Medicina Forense abre sus puertas. La antigua Facultad de Periodismo del Puerto, se convierte en Facultad de Ciencias y T\u00e9cnicas de la Comunicaci\u00f3n.\u00a0 Asimismo se constituyen las Facultades de Medicina y Odontolog\u00eda en Xalapa.\u00a0<\/span><\/p>\n<p class=\"p1\"><span style=\"font-size: 14pt;\">Un logro sumamente importante, en ese a\u00f1o, fue la adhesi\u00f3n a la Universidad Veracruzana del anterior Conjunto Folkl\u00f3rico Veracruz dirigido por el Mtro. Miguel V\u00e9lez Arceo, que por a\u00f1os hab\u00eda pertenecido al Ateneo de la Escuela Normal Veracruzana, pasando a formar parte del \u00e1rea de Difusi\u00f3n Cultural, denomin\u00e1ndose a partir de ese momento: <strong>Ballet Folkl\u00f3rico de la Universidad Veracruzana<\/strong>. Ello permiti\u00f3 que la parte musical de este diera pie a la creaci\u00f3n del grupo \u201cTlenhuicani\u201d. As\u00ed mismo sucedi\u00f3 con los elementos del antiguo \u201cCuarteto Cl\u00e1sico\u201d, que fue unido a la <strong>Orquesta Sinf\u00f3nica de Xalapa<\/strong>, que en ese a\u00f1o pasa a depender administrativamente de la UV.<\/span><\/p>\n<p class=\"p1\"><span style=\"font-size: 14pt;\">Para 1975, se instala la Delegaci\u00f3n Administrativa Regional de Poza Rica. Se crean las 4 primeras Divisiones (hoy \u00c1reas) Acad\u00e9micas: T\u00e9cnica, Econ\u00f3mico-administrativa, Ciencias de la Salud y Humanidades. Es creado el Instituto de Investigaciones Est\u00e9ticas y Creaci\u00f3n Art\u00edstica (Iiesca) integrado por los Departamentos de: Danza, M\u00fasica, Artes Pl\u00e1sticas y Teatro y, a este se adhiere el grupo \u201cAteneum\u201d o Compa\u00f1\u00eda de Teatro. Los grupos art\u00edsticos de la UV pasan a depender de este Instituto, entre ellos el Orbis Tertuis Jazz, reci\u00e9n formado.\u00a0<\/span><\/p>\n<p class=\"p1\"><span style=\"font-size: 14pt;\">Asimismo, en la zona sur, se crea la Escuela de Enfermer\u00eda de Minatitl\u00e1n. Se descentralizan las carreras del \u00c1rea T\u00e9cnica, conform\u00e1ndose la Unidades de Ciencias y Tecnolog\u00edas aplicadas (Ucyta) iniciando Poza Rica con: Ingenier\u00eda Civil, Mec\u00e1nico-El\u00e9ctrica e Ingeniero Qu\u00edmico. Y unos meses despu\u00e9s se abre la de Coatzacoalcos ofreci\u00e9ndose las mismas carreras. Se crea en Xalapa, la Unidad de Ciencias de la Salud y ah\u00ed se trasladan las Facultades de Medicina y Odontolog\u00eda reci\u00e9n fundadas. Se crea la Facultad de Nutrici\u00f3n en el Puerto de Veracruz y, el Instituto de Medicina Forense, ofrece los cursos de t\u00e9cnico histopat\u00f3logo-embalsamador.\u00a0<\/span><\/p>\n<p class=\"p1\"><span style=\"font-size: 14pt;\">Para 1976, las dependencias acad\u00e9micas se unifican por \u00e1rea del conocimiento y se crean las Unidades Interdisciplinarias. En ese tenor, el Instituto de Investigaciones Est\u00e9ticas, cambia a Unidad interdisciplinaria de Investigaciones Est\u00e9ticas y Creaci\u00f3n Art\u00edstica (Uiiesca) y sus departamentos pasan a ser Institutos.\u00a0 Se forma la Orquesta de M\u00fasica Popular y pasa a depender de la citada Unidad. Nace la Unidad Interdisciplinaria de Humanidades y se incorporan a la misma, las facultades de: Filosof\u00eda, Historia, Idiomas, Antropolog\u00eda, Letras Espa\u00f1olas, Pedagog\u00eda, la Escuela para Estudiantes Extranjeros, y los Centros de Estudios: Educativos y el reci\u00e9n creado Centro de Estudios Lingu\u00edstico-Literiarios y estrenan edificio.\u00a0<\/span><\/p>\n<p class=\"p1\"><span style=\"font-size: 14pt;\">En esa etapa se funda el Instituto de Investigaciones y Estudios Superiores de las Ciencias Administrativas (Iiesca), ofertando 5 maestr\u00edas. Se crea la Unidad Interdisciplinaria de Ciencias Administrativas con las Facultades de Comercio y Administraci\u00f3n en Xalapa. Asi mismo, la Unidad Interdisciplinaria de Ingenier\u00eda de Xalapa incorpora las carreras de Ingenier\u00eda Mec\u00e1nica-El\u00e9ctrica e Ingenier\u00eda Civil.\u00a0 La Facultad de Ciencias B\u00e1sicas, cambia a Unidad Interdisciplinaria de Ciencias, con las carreras de Biolog\u00eda, F\u00edsica, Matem\u00e1ticas y sumando nuevas, la de Ciencias Atmosf\u00e9ricas y la de Estad\u00edstica.\u00a0<\/span><\/p>\n<p class=\"p1\"><span style=\"font-size: 14pt;\">Por otra parte, las Ucyta, cambian a Unidades Interdisciplinarias de Ingenier\u00eda y Ciencias Qu\u00edmicas en todas las regiones donde estaban ubicadas. Nace la carrera de Administraci\u00f3n de Empresas en Coatzacoalcos. Empiezan a conformarse las Unidades Interdisciplinarias de Ciencias de la Salud iniciando las de: Veracruz, Xalapa y Minatitl\u00e1n y la maestr\u00eda en Medicina Forense, inicia sus funciones. Se crea la Divisi\u00f3n Acad\u00e9mica de Artes, \u00faltima en constituirse en el grupo divisional de las \u00e1reas del conocimiento.\u00a0<\/span><\/p>\n<p class=\"p1\"><span style=\"font-size: 14pt;\">En 1977, se le da auge a la Difusi\u00f3n de la Cultura, empezando por la reorganizaci\u00f3n de esta \u00e1rea, cre\u00e1ndose la Direcci\u00f3n de Difusi\u00f3n y Extensi\u00f3n Universitaria y se integra a \u00e9sta los departamentos: Editorial, Relaciones P\u00fablicas, Informaci\u00f3n y Prensa, Promoci\u00f3n Art\u00edstica y Difusi\u00f3n, que inclu\u00eda 4 secciones: Radio-Universidad, Exposiciones, Cineclub y Dise\u00f1o Gr\u00e1fico. Igualmente, el acervo literario de la Universidad Veracruzana se coloca en los primeros niveles nacionales, con La Palabra y el Hombre, revista que fue fundada en el rectorado del Mtro., Gonzalo Aguirre Beltr\u00e1n desde 1957, y que revivi\u00f3 con Sergio Galindo; y Tramoya, entre otras valiosas que surgieron y que fueron y siguen representando un orgullo literario en la UV. \u00a0<\/span><\/p>\n<p class=\"p1\"><span style=\"font-size: 14pt;\">Por otra parte, en ese a\u00f1o empiezan las carreras de Ingenier\u00eda Qu\u00edmica, Qu\u00edmico-farmac\u00e9utico-bi\u00f3logo y Ciencias Qu\u00edmicas en Xalapa. Se funda la carrera de Sociolog\u00eda. La antigua Facultad de Ciencias Qu\u00edmicas de Orizaba (que fue la primera en su tipo en la UV), se le agrega la carrera de Agroqu\u00edmica. Se crea la Facultad de Odontolog\u00eda de Cd. Mendoza y la Facultad de Comercio en Nogales.\u00a0<\/span><\/p>\n<p class=\"p1\"><span style=\"font-size: 14pt;\">El a\u00f1o de 1978, fue un a\u00f1o de reacomodos f\u00edsicos de algunas carreras, como es el caso de la carrera de Estad\u00edstica que pasa al edificio ant\u00edguo de la Facultad de Econom\u00eda para formar la Unidad Interdisciplinaria de Econom\u00eda y Estad\u00edstica. Desaparece la Unidad de Ciencias B\u00e1sicas y la Facultad de Biolog\u00eda se conserva en las instalaciones de la zona universitaria. Nacen nuevas carreras como, Ciencias Agr\u00edcolas de C\u00f3rdoba. Y Bioan\u00e1lisis en la Unidad de Ciencias de la Salud de Xalapa. Se crea la Facultad de Comercio del Puerto de Veracruz.\u00a0<\/span><\/p>\n<p class=\"p1\"><span style=\"font-size: 14pt;\">Y con todos estos avances, era l\u00f3gico -como ya hab\u00eda mencionado antes-, que la matr\u00edcula universitaria aumentara de manera exponencial. En la primera etapa de 1972 a 1976, de 11544 alumnos que hab\u00eda inscritos a 24,805 en todo el Estado y, respecto a las entidades acad\u00e9micas, de 31 en 1972 a 70 para 1976. En la segunda etapa, la matricula se duplic\u00f3 para 1978, llegando a 40,213 al t\u00e9rmino de ese a\u00f1o. Y la capacidad f\u00edsica aument\u00f3 a 83, entre facultades, escuelas, Institutos, centros y seminarios. Es decir, en el transcurrir de 4 a\u00f1os de gesti\u00f3n del Rector Roberto Bravo Garz\u00f3n, la Universidad hab\u00eda elevado un 400 % su oferta educativa e infraestructura f\u00edsica y para el t\u00e9rmino de su gesti\u00f3n, en 1981, la matricula lleg\u00f3 hasta los 57 mil.\u00a0<\/span><\/p>\n<p class=\"p1\"><span style=\"font-size: 14pt;\">En 1979, se intensifica la difusi\u00f3n de los grupos art\u00edsticos de la UV y se inicia la etapa de su internacionalizaci\u00f3n y, es a partir de ese momento que la Orquesta Sinf\u00f3nica de Xalapa, se consolida como una de las mejores del Pa\u00eds, al igual que el Ballet Folkl\u00f3rico de la UV y el Grupo Tlenhuicani, que inician sus giras a todo el mundo. Desde ese momento hasta la fecha habr\u00edan de ser reconocidos en 50 pa\u00edses del planeta, y desde entonces, han colocado muy en alto el prestigio de la UV, de nuestro Estado y de M\u00e9xico.\u00a0<\/span><\/p>\n<p class=\"p1\"><span style=\"font-size: 14pt;\">En los \u00faltimos a\u00f1os de su rectorado (1980-1981), se continu\u00f3 con la expansi\u00f3n de nuevas Unidades interdisciplinarias en las regiones. En 1980, nace la Unidad de Ciencias de la Salud de Poza Rica, integr\u00e1ndose a \u00e9sta, las facultades de Medicina y Enfermer\u00eda que ya exist\u00edan, y las facultades de Odontolog\u00eda y Psicolog\u00eda inician sus funciones. As\u00ed mismo, en el \u00c1rea de Humanidades, en esa zona, se crea las facultades de Pedagog\u00eda y Trabajo Social y estrenan instalaciones. Igualmente se crean las facultades de Comercio y Ciencias Biol\u00f3gicas y Agropecuarias de Tuxpan.\u00a0<\/span><\/p>\n<p class=\"p1\"><span style=\"font-size: 14pt;\">En ese a\u00f1o, se crea un proyecto social altamente visionario, el Sistema de Ense\u00f1anza Abierta de la UV que originalmente imparte los cursos de la Escuela de Iniciaci\u00f3n Universitaria en las regiones y posteriormente en 1981, -al desaparecer el sistema de Iniciaci\u00f3n-, ampl\u00eda su oferta con las carreras de Derecho, Pedagog\u00eda, Sociolog\u00eda, Administraci\u00f3n y Comercio en las diversas regiones del Estado. Etc. etc.<\/span><\/p>\n<p class=\"p1\"><span style=\"font-size: 14pt;\">Y as\u00ed seguir\u00eda comentando, las muchas y valiosas acciones y proyectos que se consolidaron en la etapa del Rectorado de Bravo Garz\u00f3n, pero la lista es interminable y quiz\u00e1s cometa omisiones involuntarias. Pero lo que s\u00ed puedo concluir es que sin duda la cultura veracruzana fue beneficiada en esa etapa, porque no s\u00f3lo engrandeci\u00f3 a la Universidad Veracruzana, sino tambi\u00e9n logr\u00f3 que esta fuera reconocida, al ser receptora de importantes premios nacionales e internacionales en la ciencia y el Arte, y nuestra Alma Mater, llegara a ocupar una las mejores posiciones en el pa\u00eds; adem\u00e1s, del prestigio que se ganaron muchas de sus facultades, reconocidas entre las mejores en M\u00e9xico. Tal es el caso de las facultades de Econom\u00eda, Antropolog\u00eda, Derecho, Psicolog\u00eda y Arquitectura de Xalapa, e Ingeniera de Veracruz, entre otras.\u00a0<\/span><\/p>\n<p class=\"p1\"><span style=\"font-size: 14pt;\">Y justamente, por toda ese legado que nos dej\u00f3 el Dr. Bravo, que, -a veces es olvidado por los ingratos-, fue que en 2013 se conform\u00f3 la <strong>\u201cAsociaci\u00f3n Civil Roberto Bravo Garz\u00f3n\u201d<\/strong>, con sede en la ciudad de Xalapa, Ver, misma que preside la Mtra. Citlalli Bravo-Garz\u00f3n Reyes, cuyo objetivo, es: <strong>\u201cdifundir el pensamiento filos\u00f3fico, pol\u00edtico, econ\u00f3mico y est\u00e9tico del Dr. Roberto Bravo Garz\u00f3n, as\u00ed como, promover espacios de reflexi\u00f3n , di\u00e1logo y participaci\u00f3n ciudadana, desde el humanismo laico, la investigaci\u00f3n, la promoci\u00f3n de la cultura y el arte, as\u00ed como el cuidado del medio ambiente , sin distinci\u00f3n de sexo, orientaci\u00f3n, etnia o religi\u00f3n\u201d<\/strong><\/span><\/p>\n<p class=\"p1\"><span style=\"font-size: 14pt;\">Y desde 2013 a la fecha, la Asociaci\u00f3n, ha realizado eventos, especialmente en cada aniversario luctuoso, entre ellos: conferencias (y videoconferencias), exposiciones, presentaciones de libros, paneles, conciertos, develaci\u00f3n de un busto en la Facultad de Econom\u00eda de Xalapa, incluyendo, una postulaci\u00f3n de su persona a la Medalla Adolfo Ruiz Cortines, en 2016, presea que es otorgada por el H. Congreso del Estado de Veracruz y que lamentablemente no le fue otorgada, existiendo todos los m\u00e9ritos para poder recibirla post-mortem, por su obra a favor de la juventud veracruzana.\u00a0<\/span><\/p>\n<p class=\"p1\"><span style=\"font-size: 14pt;\">Y concluyo este escrito, recordando el evento del a\u00f1o 2015, organizado por la Asociaci\u00f3n Civil, denominado \u201cMujeres Abriendo Brecha en el rectorado de Roberto Bravo Garz\u00f3n \u201c, en el que participamos: Dra. Ang\u00e9lica Guti\u00e9rrez, Dra. Clementina Guerrero, Mtra. Gloria Esper\u00f3n, Dra. Dulce Mar\u00eda Cinta, y quien esto escribe. En este, compartimos experiencias y an\u00e9cdotas sobre la din\u00e1mica laboral que vivimos junto al Dr. Bravo, en esos a\u00f1os y coincidimos todas, que: \u201cBravo era un hombre adelantado a su \u00e9poca, pues fue un partidario de la equidad, &#8211; en una \u00e9poca que era un sue\u00f1o practicarla-, y lo demostr\u00f3, otorgando su confianza a un excelente equipo de mujeres en los cargos de alta responsabilidad durante su gesti\u00f3n. De esta manera muchas de nosotras, fuimos motivadas para ocupar posiciones en cargos directivos que generalmente se asignaban a los varones. Lo que siempre agradecimos y tratamos de responderle con eficiencia y resultados\u201d.\u00a0<\/span><\/p>\n<p class=\"p1\"><span style=\"font-size: 14pt;\">Como \u00e9l nos dec\u00eda, a todos los que integr\u00e1bamos su equipo de colaboradores, en alg\u00fan momento: <strong>\u201cyo soy un hombre de muchos defectos, pero siempre he tomado con seriedad mis responsabilidades, y si algo pueden reclamarme, es el gran amor que le tengo a la Universidad Veracruzana, as\u00ed que aprendan de mis virtudes y no de mis defectos\u201d.\u00a0<\/strong><\/span><\/p>\n<p class=\"p1\"><span style=\"font-size: 14pt;\">Roberto Bravo Garz\u00f3n, jurista, filosofo, acad\u00e9mico, investigador, ex Rector de la UV, exdiputado local por Xalapa y ex Secretario de Educaci\u00f3n, que el pr\u00f3ximo 25 de mayo cumplir\u00e1 11 a\u00f1os de su fallecimiento, tiene y tendr\u00e1 siempre, un lugar especial en el coraz\u00f3n de su familia, y en el afecto de sus amigos y colaboradores, pero principalmente, en la vida y crecimiento de nuestra Alma Mater y en la historia educativa y cultural de nuestro Estado de Veracruz.\u00a0<\/span><\/p>\n<p class=\"p1\">\n<p class=\"p2\"><span style=\"font-size: 18pt;\"><strong>Gracias y hasta la pr\u00f3xima<\/strong><\/span><\/p>\n<p>&nbsp;<\/p>\n<hr \/>\n<p>&nbsp;<\/p>\n<p><img loading=\"lazy\" decoding=\"async\" class=\"aligncenter wp-image-11449\" src=\"http:\/\/noticiasveracruz.com\/wp-content\/uploads\/2023\/01\/FIRMA-EDITORIAL-NV-300x37.png\" alt=\"\" width=\"1000\" height=\"122\" srcset=\"https:\/\/noticiasveracruz.com\/wp-content\/uploads\/2023\/01\/FIRMA-EDITORIAL-NV-300x37.png 300w, https:\/\/noticiasveracruz.com\/wp-content\/uploads\/2023\/01\/FIRMA-EDITORIAL-NV-1024x125.png 1024w, https:\/\/noticiasveracruz.com\/wp-content\/uploads\/2023\/01\/FIRMA-EDITORIAL-NV-768x94.png 768w, https:\/\/noticiasveracruz.com\/wp-content\/uploads\/2023\/01\/FIRMA-EDITORIAL-NV-1536x188.png 1536w, https:\/\/noticiasveracruz.com\/wp-content\/uploads\/2023\/01\/FIRMA-EDITORIAL-NV-2048x250.png 2048w\" sizes=\"auto, (max-width: 1000px) 100vw, 1000px\" \/><\/p>\n<p>&nbsp;<\/p>\n<p>&nbsp;<\/p>\n","protected":false},"excerpt":{"rendered":"<p>&nbsp; Por Dra. Zaida Alicia Llad\u00f3 Castillo &nbsp; Segunda Parte Si el primer a\u00f1o de rectorado del Dr. Roberto Bravo<\/p>\n","protected":false},"author":4,"featured_media":3563,"comment_status":"closed","ping_status":"closed","sticky":false,"template":"","format":"standard","meta":{"colormag_page_container_layout":"default_layout","colormag_page_sidebar_layout":"default_layout","_jetpack_memberships_contains_paid_content":false,"footnotes":"","jetpack_publicize_message":"","jetpack_publicize_feature_enabled":true,"jetpack_social_post_already_shared":true,"jetpack_social_options":{"image_generator_settings":{"template":"highway","default_image_id":0,"font":"","enabled":false},"version":2}},"categories":[6],"tags":[],"class_list":["post-15663","post","type-post","status-publish","format-standard","has-post-thumbnail","hentry","category-columnistas"],"jetpack_publicize_connections":[],"jetpack_featured_media_url":"https:\/\/noticiasveracruz.com\/wp-content\/uploads\/2022\/04\/DRA.-ZAIDA.png","jetpack_sharing_enabled":true,"publishpress_future_action":{"enabled":false,"date":"2026-05-07 06:15:23","action":"change-status","newStatus":"draft","terms":[],"taxonomy":"category","extraData":[]},"publishpress_future_workflow_manual_trigger":{"enabledWorkflows":[]},"_links":{"self":[{"href":"https:\/\/noticiasveracruz.com\/index.php\/wp-json\/wp\/v2\/posts\/15663","targetHints":{"allow":["GET"]}}],"collection":[{"href":"https:\/\/noticiasveracruz.com\/index.php\/wp-json\/wp\/v2\/posts"}],"about":[{"href":"https:\/\/noticiasveracruz.com\/index.php\/wp-json\/wp\/v2\/types\/post"}],"author":[{"embeddable":true,"href":"https:\/\/noticiasveracruz.com\/index.php\/wp-json\/wp\/v2\/users\/4"}],"replies":[{"embeddable":true,"href":"https:\/\/noticiasveracruz.com\/index.php\/wp-json\/wp\/v2\/comments?post=15663"}],"version-history":[{"count":0,"href":"https:\/\/noticiasveracruz.com\/index.php\/wp-json\/wp\/v2\/posts\/15663\/revisions"}],"wp:featuredmedia":[{"embeddable":true,"href":"https:\/\/noticiasveracruz.com\/index.php\/wp-json\/wp\/v2\/media\/3563"}],"wp:attachment":[{"href":"https:\/\/noticiasveracruz.com\/index.php\/wp-json\/wp\/v2\/media?parent=15663"}],"wp:term":[{"taxonomy":"category","embeddable":true,"href":"https:\/\/noticiasveracruz.com\/index.php\/wp-json\/wp\/v2\/categories?post=15663"},{"taxonomy":"post_tag","embeddable":true,"href":"https:\/\/noticiasveracruz.com\/index.php\/wp-json\/wp\/v2\/tags?post=15663"}],"curies":[{"name":"wp","href":"https:\/\/api.w.org\/{rel}","templated":true}]}}