{"id":15660,"date":"2023-05-19T05:00:36","date_gmt":"2023-05-19T10:00:36","guid":{"rendered":"https:\/\/noticiasveracruz.com\/?p=15660"},"modified":"2023-05-19T08:45:23","modified_gmt":"2023-05-19T13:45:23","slug":"abusadores-del-poder","status":"publish","type":"post","link":"https:\/\/noticiasveracruz.com\/index.php\/2023\/05\/19\/abusadores-del-poder\/","title":{"rendered":"Abusadores del poder"},"content":{"rendered":"<p>&nbsp;<\/p>\n<p class=\"p1\"><span style=\"font-size: 18pt;\"><strong>Por Aurelio Contreras Moreno<\/strong><\/span><\/p>\n<p class=\"p1\"><span style=\"font-size: 14pt;\">Llevando su teatro de la desgracia hasta las \u00faltimas consecuencias, el gobierno de Veracruz volver\u00e1 a abusar del poder acarreando bur\u00f3cratas a su pantomima de este s\u00e1bado afuera de la sede de la Suprema Corte de Justicia de la Naci\u00f3n (SCJN).<\/span><\/p>\n<p class=\"p1\"><span style=\"font-size: 14pt;\">Como invertir el tiempo libre de un fin de semana en una payasada como la que se les ocurri\u00f3 a Cuitl\u00e1huac Garc\u00eda y a Juan Javier G\u00f3mez Cazar\u00edn no es atractivo para nadie que no sea militante del partido oficial, ni sirve m\u00e1s que para exacerbar el servilismo de ambos pol\u00edticos y las ansias de ser premiados con otro \u201chueso\u201d en el pr\u00f3ximo sexenio, desde el gobierno que encabeza formalmente el primero maquinan un nuevo operativo de indigno y vejatorio acarreo forzoso de trabajadores del estado para que la supuesta \u201cmanifestaci\u00f3n pac\u00edfica\u201d aparente tener una \u201cgran convocatoria\u201d.<\/span><\/p>\n<p class=\"p1\"><span style=\"font-size: 14pt;\">Varias quejas y denuncias han circulado en medios en los \u00faltimos d\u00edas sobre c\u00f3mo van a volver a acarrear empleados gubernamentales a la \u201cconcentraci\u00f3n por la defensa de la soberan\u00eda del pueblo y contra la corrupci\u00f3n que invade a la SCJN\u201d (no se r\u00eda, as\u00ed le pusieron),\u00a0cuya cursiler\u00eda y demagogia impl\u00edcitas en su denominaci\u00f3n son directamente proporcionales a la magnitud de la arbitrariedad que conlleva. No solo los obligan a ir, sino que les ordenan que pongan de su bolsa para actuar como bufones en el circo de tres pistas que van a montar en la Ciudad de M\u00e9xico. Algo en lo que, definitivamente, el actual titular del Ejecutivo estatal s\u00ed ha demostrado tener experiencia desde sus tiempos como el \u201cpayasito de los m\u00edtines\u201d.<\/span><\/p>\n<p class=\"p1\"><span style=\"font-size: 14pt;\">Esto ya es recurrente en el gobierno de Cuitl\u00e1huac Garc\u00eda, quien se despoj\u00f3 de cualquier escr\u00fapulo para abiertamente usar a la estructura burocr\u00e1tica de la administraci\u00f3n estatal para fines politiqueros y que implican no solo un abuso de poder, sino un abierto desv\u00edo de recursos \u2013incluido el pago del transporte y los alimentos- y la coacci\u00f3n, que llega a la amenaza de p\u00e9rdida del empleo si no se asiste \u201cvoluntariamente\u201d. O sea, a huevo.\u00a0<\/span><\/p>\n<p class=\"p1\"><span style=\"font-size: 14pt;\">As\u00ed ha sucedido varias veces durante el periodo de Garc\u00eda Jim\u00e9nez al frente del gobierno estatal; por ejemplo, en las concentraciones en el z\u00f3calo capitalino convocadas por el presidente Andr\u00e9s Manuel L\u00f3pez Obrador para mostrar como lo \u201capoya\u201d el \u201cpueblo\u201d; as\u00ed lo hicieron tambi\u00e9n hasta para las elecciones internas de Morena del a\u00f1o pasado, en las que eligieron consejeros estatales y nacionales, obligando a los bur\u00f3cratas a participar como militantes de un partido que de esta manera busca, adem\u00e1s, inflarse artificialmente.\u00a0<\/span><\/p>\n<p class=\"p1\"><span style=\"font-size: 14pt;\">Sin pudor alguno exhiben en sus redes como han puesto el aparato del Estado al servicio de un partido o, mejor dicho, de una de las facciones de ese amasijo de intereses, desprovisto de una verdadera identidad ideol\u00f3gica, que es el llamado Movimiento de Regeneraci\u00f3n Nacional. Lo acabamos de ver con el uso ilegal de veh\u00edculos oficiales del DIF estatal para movilizar \u201cbrigadistas\u201d de Morena en las campa\u00f1as en el Estado de M\u00e9xico, mientras funcionarios estatales y municipales abandonaban sus obligaciones en Veracruz para entrometerse en los comicios de otra entidad.<\/span><\/p>\n<p class=\"p1\"><span style=\"font-size: 14pt;\">El r\u00e9gimen de la llamada \u201c4T\u201d ha salido m\u00e1s c\u00ednico y desvergonzado que aquellos del PRI m\u00e1s autoritario que, por lo menos, se preocupaba por cuidar las formas.\u00a0<\/span><\/p>\n<p class=\"p1\"><span style=\"font-size: 14pt;\">Eso s\u00ed, son igual de corruptos. Aunque hay quien jura que los alumnos han superado, y con creces, al maestro.<\/span><\/p>\n<p>&nbsp;<\/p>\n<p class=\"p1\"><span style=\"font-size: 18pt; color: #e42d33;\"><strong>EL TAMA\u00d1O DEL COCHINERO<\/strong><\/span><\/p>\n<p class=\"p1\"><span style=\"font-size: 14pt;\">\u00bfQu\u00e9 tan grande ser\u00e1 la corrupci\u00f3n escondida en los proyectos fara\u00f3nicos del obradorato que los esconden del escrutinio p\u00fablico y evitan la rendici\u00f3n de cuentas a como d\u00e9 lugar? Solo as\u00ed puede entenderse la decisi\u00f3n, completamente obvia, de volver a declarar asunto de seguridad nacional lo que horas antes la Corte orden\u00f3 transparentar.<\/span><\/p>\n<p class=\"p1\"><span style=\"font-size: 14pt;\">Lo que no pueden esconder es el hedor que se despide. Una peste que ya ni ellos soportan.<\/span><\/p>\n<p>&nbsp;<\/p>\n<hr \/>\n<p>&nbsp;<\/p>\n<p class=\"p1\"><span style=\"font-size: 18pt;\"><strong>Correo: <a href=\"mailto:aureliocontreras@gmail.com\">aureliocontreras@gmail.com<\/a><\/strong><\/span><\/p>\n<p class=\"p1\"><span style=\"font-size: 18pt;\"><strong>Twitter: <a href=\"http:\/\/www.twitter.com\/yeyocontreras\">@yeyocontreras<\/a><\/strong><\/span><\/p>\n<p>&nbsp;<\/p>\n<p><img loading=\"lazy\" decoding=\"async\" class=\"aligncenter wp-image-11449\" src=\"http:\/\/noticiasveracruz.com\/wp-content\/uploads\/2023\/01\/FIRMA-EDITORIAL-NV-300x37.png\" alt=\"\" width=\"1000\" height=\"122\" srcset=\"https:\/\/noticiasveracruz.com\/wp-content\/uploads\/2023\/01\/FIRMA-EDITORIAL-NV-300x37.png 300w, https:\/\/noticiasveracruz.com\/wp-content\/uploads\/2023\/01\/FIRMA-EDITORIAL-NV-1024x125.png 1024w, https:\/\/noticiasveracruz.com\/wp-content\/uploads\/2023\/01\/FIRMA-EDITORIAL-NV-768x94.png 768w, https:\/\/noticiasveracruz.com\/wp-content\/uploads\/2023\/01\/FIRMA-EDITORIAL-NV-1536x188.png 1536w, https:\/\/noticiasveracruz.com\/wp-content\/uploads\/2023\/01\/FIRMA-EDITORIAL-NV-2048x250.png 2048w\" sizes=\"auto, (max-width: 1000px) 100vw, 1000px\" \/><\/p>\n<p>&nbsp;<\/p>\n<p>&nbsp;<\/p>\n","protected":false},"excerpt":{"rendered":"<p>&nbsp; Por Aurelio Contreras Moreno Llevando su teatro de la desgracia hasta las \u00faltimas consecuencias, el gobierno de Veracruz volver\u00e1<\/p>\n","protected":false},"author":4,"featured_media":3578,"comment_status":"closed","ping_status":"closed","sticky":false,"template":"","format":"standard","meta":{"colormag_page_container_layout":"default_layout","colormag_page_sidebar_layout":"default_layout","_jetpack_memberships_contains_paid_content":false,"footnotes":"","jetpack_publicize_message":"","jetpack_publicize_feature_enabled":true,"jetpack_social_post_already_shared":true,"jetpack_social_options":{"image_generator_settings":{"template":"highway","default_image_id":0,"font":"","enabled":false},"version":2}},"categories":[6],"tags":[],"class_list":["post-15660","post","type-post","status-publish","format-standard","has-post-thumbnail","hentry","category-columnistas"],"jetpack_publicize_connections":[],"jetpack_featured_media_url":"https:\/\/noticiasveracruz.com\/wp-content\/uploads\/2022\/04\/P-AURELIO-CONTRERAS.png","jetpack_sharing_enabled":true,"publishpress_future_action":{"enabled":false,"date":"2026-05-09 02:46:02","action":"change-status","newStatus":"draft","terms":[],"taxonomy":"category","extraData":[]},"publishpress_future_workflow_manual_trigger":{"enabledWorkflows":[]},"_links":{"self":[{"href":"https:\/\/noticiasveracruz.com\/index.php\/wp-json\/wp\/v2\/posts\/15660","targetHints":{"allow":["GET"]}}],"collection":[{"href":"https:\/\/noticiasveracruz.com\/index.php\/wp-json\/wp\/v2\/posts"}],"about":[{"href":"https:\/\/noticiasveracruz.com\/index.php\/wp-json\/wp\/v2\/types\/post"}],"author":[{"embeddable":true,"href":"https:\/\/noticiasveracruz.com\/index.php\/wp-json\/wp\/v2\/users\/4"}],"replies":[{"embeddable":true,"href":"https:\/\/noticiasveracruz.com\/index.php\/wp-json\/wp\/v2\/comments?post=15660"}],"version-history":[{"count":0,"href":"https:\/\/noticiasveracruz.com\/index.php\/wp-json\/wp\/v2\/posts\/15660\/revisions"}],"wp:featuredmedia":[{"embeddable":true,"href":"https:\/\/noticiasveracruz.com\/index.php\/wp-json\/wp\/v2\/media\/3578"}],"wp:attachment":[{"href":"https:\/\/noticiasveracruz.com\/index.php\/wp-json\/wp\/v2\/media?parent=15660"}],"wp:term":[{"taxonomy":"category","embeddable":true,"href":"https:\/\/noticiasveracruz.com\/index.php\/wp-json\/wp\/v2\/categories?post=15660"},{"taxonomy":"post_tag","embeddable":true,"href":"https:\/\/noticiasveracruz.com\/index.php\/wp-json\/wp\/v2\/tags?post=15660"}],"curies":[{"name":"wp","href":"https:\/\/api.w.org\/{rel}","templated":true}]}}