{"id":15645,"date":"2023-05-18T22:15:17","date_gmt":"2023-05-19T03:15:17","guid":{"rendered":"https:\/\/noticiasveracruz.com\/?p=15645"},"modified":"2023-05-18T22:15:56","modified_gmt":"2023-05-19T03:15:56","slug":"se-instala-en-tuxpan-el-consejo-municipal-de-mejora-regulatoria","status":"publish","type":"post","link":"https:\/\/noticiasveracruz.com\/index.php\/2023\/05\/18\/se-instala-en-tuxpan-el-consejo-municipal-de-mejora-regulatoria\/","title":{"rendered":"Se instala en Tuxpan el Consejo Municipal de Mejora Regulatoria"},"content":{"rendered":"<p>&nbsp;<\/p>\n<p class=\"p1\"><span style=\"font-size: 14pt;\"><em><strong>TUXPAN, VERACRUZ.<\/strong><span class=\"Apple-converted-space\"><strong>\u00a0<\/strong> <\/span><\/em>Se llev\u00f3 a cabo la instalaci\u00f3n del <strong>Consejo Municipal de Mejora Regulatoria<\/strong>. Antes, todos los directores del <strong>Gobierno de Tuxpan hab\u00edan participado en un curso impartido por la Comisi\u00f3n Estatal de Mejora Regulatoria. <\/strong><\/span><\/p>\n<p class=\"p1\"><span style=\"font-size: 18pt;\"><strong>El alcalde Jos\u00e9 Manuel Pozos se\u00f1al\u00f3 que la instalaci\u00f3n del Consejo Municipal de Mejora Regulatoria permitir\u00e1 establecer normas claras, eficientes e innovadoras en tr\u00e1mites y servicios para generar mayores beneficios a la sociedad.<\/strong><\/span><\/p>\n<p>&nbsp;<\/p>\n<blockquote>\n<p class=\"p1\"><span style=\"font-size: 14pt;\">A partir de hoy podremos determinar las acciones, estrategias y lineamientos que habr\u00e1n de convertir en pr\u00e1ctica cotidiana la pol\u00edtica de mejora regulatoria en nuestro Ayuntamiento\u201d<\/span><\/p>\n<\/blockquote>\n<p>&nbsp;<\/p>\n<p><img loading=\"lazy\" decoding=\"async\" class=\"aligncenter wp-image-19934 size-large\" src=\"https:\/\/politicosaldesnudo.com.mx\/wp-content\/uploads\/2023\/05\/P-CONSEJO-MEJORA-2-1024x573.png\" alt=\"\" width=\"800\" height=\"448\" \/><\/p>\n<p>&nbsp;<\/p>\n<p class=\"p1\"><span style=\"font-size: 18pt;\"><strong>Destac\u00f3 el alcalde Jos\u00e9 Manuel Pozos que el consejo no solo est\u00e1 integrado por ediles y funcionarios municipales, sino tambi\u00e9n por representantes empresariales, de la sociedad civil y profesionistas.<\/strong><\/span><\/p>\n<p>&nbsp;<\/p>\n<blockquote>\n<p class=\"p1\"><span style=\"font-size: 14pt;\">Esto es de destacarse, porque adem\u00e1s de tener una gran representatividad, tambi\u00e9n garantiza que la agenda regulatoria municipal cumplir\u00e1 con los principios de m\u00e1xima transparencia y utilidad\u201d<\/span><\/p>\n<\/blockquote>\n<p>&nbsp;<\/p>\n<p class=\"p1\"><span style=\"font-size: 18pt;\"><strong>Jos\u00e9 Manuel Pozos indic\u00f3 que no solo se busca la eliminaci\u00f3n paulatina de la regulaci\u00f3n excesiva, adem\u00e1s se promover\u00e1 la eficacia y eficiencia gubernamental en pro del desarrollo socioecon\u00f3mico y la inversi\u00f3n.<\/strong><\/span><\/p>\n<p>&nbsp;<\/p>\n<p><img loading=\"lazy\" decoding=\"async\" class=\"aligncenter wp-image-19933 size-large\" src=\"https:\/\/politicosaldesnudo.com.mx\/wp-content\/uploads\/2023\/05\/P-CONSEJO-MEJORA-1-1024x573.png\" alt=\"\" width=\"800\" height=\"448\" \/><\/p>\n<p>&nbsp;<\/p>\n<blockquote>\n<p class=\"p1\"><span style=\"font-size: 14pt;\">Con la correcta aplicaci\u00f3n de las herramientas de la mejora regulatoria y su uso sistem\u00e1tico, Tuxpan se consolidar\u00e1 como un municipio innovador que avanza hacia un desarrollo integral y sustentable\u201d<\/span><\/p>\n<\/blockquote>\n<p>&nbsp;<\/p>\n<p class=\"p1\"><span style=\"font-size: 18pt;\"><strong>Jos\u00e9 Manuel Pozos Castro tom\u00f3 protesta a los integrantes del Consejo Municipal de Mejora Regulatoria.<\/strong><\/span><\/p>\n<p>&nbsp;<\/p>\n<p><img loading=\"lazy\" decoding=\"async\" class=\"aligncenter wp-image-19937 size-large\" src=\"https:\/\/politicosaldesnudo.com.mx\/wp-content\/uploads\/2023\/05\/P-CONSEJO-MEJORA-REGULARTORIA-2-1024x573.png\" alt=\"\" width=\"800\" height=\"448\" \/><\/p>\n<p>&nbsp;<\/p>\n<p><span style=\"font-size: 18pt; color: #e42d33;\"><strong>CONSEJO EN LA REGI\u00d3N HUASTECA BAJA<\/strong><\/span><\/p>\n<p class=\"p1\"><span style=\"font-size: 14pt;\">Por su parte, el comisionado estatal de Mejora Regulatoria, Lancelot Lavastida Flores, mencion\u00f3 que la instalaci\u00f3n de este consejo es una buena noticia para el sector empresarial y productivo de la regi\u00f3n Huasteca Baja. <\/span><\/p>\n<p class=\"p1\"><span style=\"font-size: 18pt;\"><strong>Lancelot Lavastida refiri\u00f3 que cuando se implementa la mejora regulatoria al interior de las organizaciones se habla de generar normas claras, y de instituciones eficaces para su creaci\u00f3n y aplicaci\u00f3n, que se orienten a obtener el mayor valor posible de los recursos disponibles y del optimo funcionamiento de las actividades comerciales, industriales, productivas, de servicio y de desarrollo humano y de la sociedad en su conjunto. <\/strong><\/span><\/p>\n<p>&nbsp;<\/p>\n<p><img loading=\"lazy\" decoding=\"async\" class=\"aligncenter wp-image-19938 size-large\" src=\"https:\/\/politicosaldesnudo.com.mx\/wp-content\/uploads\/2023\/05\/P-CONSEJO-MEJORA-REGULARTORIA-3-1024x573.png\" alt=\"\" width=\"800\" height=\"448\" \/><\/p>\n<p>&nbsp;<\/p>\n<p class=\"p1\"><span style=\"font-size: 14pt;\">Encabezaron el evento el alcalde Jos\u00e9 Manuel Pozos Castro, Lancelot Lavastida Flores, comisionado estatal de Mejora Regulatoria; M\u00f3nica Elizalde S\u00e1nchez, directora de Desarrollo Econ\u00f3mico y Enlace Municipal de Mejora Regulatoria, el regidor Luciano Folgueras Pioli, regidoras, regidores y directores.<\/span><\/p>\n<p class=\"p1\"><span style=\"font-size: 14pt;\">En el evento tambi\u00e9n estuvieron presentes las regidoras y regidores Mar\u00eda del Pilar Mart\u00ednez Matesanz, Juan G\u00f3mez Garc\u00eda, Lucero Res\u00e9ndis Ambrocio, Luis Demetrio L\u00f3pez Mar\u00edn y Axel Bernal Herrera; Gustavo Reyes L\u00f3pez, rector de la Universidad Interamericana para el Desarrollo; Ricardo Augusto P\u00e9rez Chabela, director general del Huerto de Bamb\u00fa.<\/span><\/p>\n<p class=\"p1\"><span style=\"font-size: 14pt;\">Igual estuvieron presentes la Notaria N\u00famero 10, Karla Karina Hern\u00e1ndez Herrera; el presidente del Colegio \u00danico de Abogados,Juan Kilimako Hern\u00e1ndez, as\u00ed como director de Asuntos Jur\u00eddicos del Ayuntamiento de Tuxpan, directores y coordinadores de las diversas \u00e1reas del gobierno municipal, Juan Pablo Alcantar y Eduardo Andrade Rocha.<\/span><\/p>\n<p>&nbsp;<\/p>\n<p><img loading=\"lazy\" decoding=\"async\" class=\"aligncenter wp-image-19935 size-large\" src=\"https:\/\/politicosaldesnudo.com.mx\/wp-content\/uploads\/2023\/05\/P-CONSEJO-MEJORA-3-1024x573.png\" alt=\"\" width=\"800\" height=\"448\" \/><\/p>\n<p>&nbsp;<\/p>\n<p class=\"p1\"><span style=\"font-size: 14pt;\">Previo a la instalaci\u00f3n de este consejo se realiz\u00f3 la Jornada de Capacitaci\u00f3n Regi\u00f3n Huasteca Baja del Consejo Municipal de Mejora Regulatoria para Funcionarios P\u00fablicos, en la que participaron autoridades, directores de \u00e1rea y enlaces operativos de los municipios de Tuxpan, \u00c1lamo, Benito Ju\u00e1rez, Castillo de Teayo, Chontla, Cerro Azul, Ilamatl\u00e1n, Ixhuatl\u00e1n de Madero, Chicontepec, Tancoco, Tepetzintla y Zontecomatl\u00e1n, quienes recibieron las herramientas b\u00e1sicas la mejora regulatoria, normatividad, tramitolog\u00eda, y registro municipal de tr\u00e1mites y servicios.<\/span><\/p>\n<p class=\"p1\"><span style=\"font-size: 14pt;\">El alcalde Jos\u00e9 Manuel Pozos Castro agradeci\u00f3 a la Comisi\u00f3n Veracruzana de Mejora Regulatoria y a quienes hicieron posible esta capacitaci\u00f3n. As\u00ed mismo, envi\u00f3 un agradecimiento a Enrique Nach\u00f3n Garc\u00eda, secretario de Desarrollo Econ\u00f3mico y Portuario del Estado de Veracruz, y al gobernador Cuitl\u00e1huac Garc\u00eda Jim\u00e9nez, ya que mediante estas acciones se puede atender a todos los sectores productivos.<\/span><\/p>\n<p class=\"p1\"><span style=\"font-size: 14pt;\">Sin duda alguna, la preparaci\u00f3n continua se traducir\u00e1 en resultados m\u00e1s eficientes para los funcionarios, y menos gasto de tiempo y de recursos para los ciudadanos, al concluir con \u00e9xito sus tr\u00e1mites sin contratiempos ni procesos engorrosos.<\/span><\/p>\n<p>&nbsp;<\/p>\n","protected":false},"excerpt":{"rendered":"<p>&nbsp; TUXPAN, VERACRUZ.\u00a0 Se llev\u00f3 a cabo la instalaci\u00f3n del Consejo Municipal de Mejora Regulatoria. Antes, todos los directores del<\/p>\n","protected":false},"author":4,"featured_media":15649,"comment_status":"closed","ping_status":"closed","sticky":false,"template":"","format":"standard","meta":{"colormag_page_container_layout":"default_layout","colormag_page_sidebar_layout":"default_layout","_jetpack_memberships_contains_paid_content":false,"footnotes":"","jetpack_publicize_message":"","jetpack_publicize_feature_enabled":true,"jetpack_social_post_already_shared":true,"jetpack_social_options":{"image_generator_settings":{"template":"highway","default_image_id":0,"font":"","enabled":false},"version":2}},"categories":[356],"tags":[2549,466,701,2550,2286,72,73],"class_list":["post-15645","post","type-post","status-publish","format-standard","has-post-thumbnail","hentry","category-veracruz","tag-consejo-de-mejora-regulatoria","tag-inversion","tag-jose-manuel-pozos","tag-lancelot-lavastida","tag-monica-elizalde","tag-tuxpan","tag-veracruz"],"jetpack_publicize_connections":[],"jetpack_featured_media_url":"https:\/\/noticiasveracruz.com\/wp-content\/uploads\/2023\/05\/P-CONSEJO-MEJORA-4.png","jetpack_sharing_enabled":true,"publishpress_future_action":{"enabled":false,"date":"2026-05-09 02:46:03","action":"change-status","newStatus":"draft","terms":[],"taxonomy":"category","extraData":[]},"publishpress_future_workflow_manual_trigger":{"enabledWorkflows":[]},"_links":{"self":[{"href":"https:\/\/noticiasveracruz.com\/index.php\/wp-json\/wp\/v2\/posts\/15645","targetHints":{"allow":["GET"]}}],"collection":[{"href":"https:\/\/noticiasveracruz.com\/index.php\/wp-json\/wp\/v2\/posts"}],"about":[{"href":"https:\/\/noticiasveracruz.com\/index.php\/wp-json\/wp\/v2\/types\/post"}],"author":[{"embeddable":true,"href":"https:\/\/noticiasveracruz.com\/index.php\/wp-json\/wp\/v2\/users\/4"}],"replies":[{"embeddable":true,"href":"https:\/\/noticiasveracruz.com\/index.php\/wp-json\/wp\/v2\/comments?post=15645"}],"version-history":[{"count":0,"href":"https:\/\/noticiasveracruz.com\/index.php\/wp-json\/wp\/v2\/posts\/15645\/revisions"}],"wp:featuredmedia":[{"embeddable":true,"href":"https:\/\/noticiasveracruz.com\/index.php\/wp-json\/wp\/v2\/media\/15649"}],"wp:attachment":[{"href":"https:\/\/noticiasveracruz.com\/index.php\/wp-json\/wp\/v2\/media?parent=15645"}],"wp:term":[{"taxonomy":"category","embeddable":true,"href":"https:\/\/noticiasveracruz.com\/index.php\/wp-json\/wp\/v2\/categories?post=15645"},{"taxonomy":"post_tag","embeddable":true,"href":"https:\/\/noticiasveracruz.com\/index.php\/wp-json\/wp\/v2\/tags?post=15645"}],"curies":[{"name":"wp","href":"https:\/\/api.w.org\/{rel}","templated":true}]}}