{"id":15628,"date":"2023-05-18T05:15:47","date_gmt":"2023-05-18T10:15:47","guid":{"rendered":"https:\/\/noticiasveracruz.com\/?p=15628"},"modified":"2023-05-18T10:01:14","modified_gmt":"2023-05-18T15:01:14","slug":"la-rebatinga-por-los-despojos-del-pri","status":"publish","type":"post","link":"https:\/\/noticiasveracruz.com\/index.php\/2023\/05\/18\/la-rebatinga-por-los-despojos-del-pri\/","title":{"rendered":"La rebatinga por los despojos del PRI"},"content":{"rendered":"<p>&nbsp;<\/p>\n<p class=\"p1\"><span style=\"font-size: 18pt;\"><strong>Por Luis Ram\u00edrez Baqueiro<\/strong><\/span><\/p>\n<p>&nbsp;<\/p>\n<p>&nbsp;<\/p>\n<p class=\"p1\" style=\"text-align: center;\"><em><span style=\"font-size: 18pt;\"><strong>\u201cSe necesita un esp\u00edritu fuerte para conservar la moderaci\u00f3n cuando todo fracasa\u201d <\/strong><\/span><\/em><\/p>\n<p class=\"p1\" style=\"text-align: center;\"><span style=\"font-size: 18pt;\">\u2013 Lucio Anneo S\u00e9neca \u2013<\/span><\/p>\n<p>&nbsp;<\/p>\n<p class=\"p1\"><span style=\"font-size: 14pt;\">\u201c\u00c9ramos pocos y pari\u00f3 la abuela\u201d es la sentencia que el refr\u00e1n popular le aplica a la crisis que enfrenta el Partido Revolucionario Institucional (PRI) en el Estado de Veracruz.<\/span><\/p>\n<p class=\"p1\"><span style=\"font-size: 14pt;\">El otrora poderoso partido tricolor se desmorona en pleitos intestinos resultado de la culminaci\u00f3n estatutaria de la dirigencia estatal que encabeza el diputado local Marlon Eduardo Ram\u00edrez Mar\u00edn, quien debi\u00f3 entregar la estafeta el pasado 14 de mayo.<\/span><\/p>\n<p class=\"p1\"><span style=\"font-size: 14pt;\">Ahora diversos actores pol\u00edticos de ese instituto pol\u00edtico quienes han conformado una especie de \u201cTucoma\u201d \u2013Todos Unidos contra Marl\u00f3n- reclaman y demandan que la dirigencia nacional que encabeza Alejandro \u201cAlito\u201d Moreno C\u00e1rdenas nombre a un presidente interino que convoque a elecciones de manera inmediata.<\/span><\/p>\n<p class=\"p1\"><span style=\"font-size: 14pt;\">Pero se les olvida a estos priistas recalcitrantes que el mismo Alito Moreno ocupa de manera espuria la dirigencia de su partido, ante la conclusi\u00f3n de su mandato, y la convocatoria maiceada que hiciera al Consejo Pol\u00edtico Nacional para prolongar su dirigencia de manera ilegal hasta el a\u00f1o 2024.\u00a0<\/span><\/p>\n<p class=\"p1\"><span style=\"font-size: 14pt;\">De esa manera, lo ocurrido en el PRI Veracruz es una simple prolongaci\u00f3n de la acci\u00f3n emprendida por el mismo l\u00edder nacional.<\/span><\/p>\n<p class=\"p1\"><span style=\"font-size: 14pt;\">Pero en la realidad \u00bfqu\u00e9 est\u00e1 haciendo la militancia priista para verdaderamente encauzar su lucha y volver por sus fueros a recuperar el poder?, la realidad es que nada.<\/span><\/p>\n<p class=\"p1\"><span style=\"font-size: 14pt;\">Mientras contin\u00faan empleando la corriente del caudillaje buscando en ciertos l\u00edderes que ya han sido todo en su partido los saque y conduzca nuevamente a la victoria electoral, desde\u00f1an la posibilidad de abrirse total y necesariamente a la sociedad civil.<\/span><\/p>\n<p class=\"p1\"><span style=\"font-size: 14pt;\">\u00bfQu\u00e9 hace que los priistas no quieran abrirse a la ciudadan\u00eda? El temor de perder el control \u2013nomenclatura- del mismo partido y de la entrega y repartici\u00f3n de futuras posiciones pol\u00edticas, esa es la realidad.<\/span><\/p>\n<p class=\"p1\"><span style=\"font-size: 14pt;\">As\u00ed mientras militantes como Alfredo Ferrari Saavedra, Am\u00e9rico Z\u00fa\u00f1iga Mart\u00ednez, Ra\u00fal D\u00edaz Diez entre un centenar m\u00e1s reclaman apego estatutario a los dirigentes de su partido, desde\u00f1an la posibilidad de trabajar a ras de piso en las colonias y en los seccionales para primero reencontrarse con su militancia y dos, identificar a quienes pudieran sumarse y prepararse para sumarlos a nuevos liderazgos, nada ocurrir\u00e1.<\/span><\/p>\n<p class=\"p1\"><span style=\"font-size: 14pt;\">Hoy la pelea priista se circunscribe a los despojos de un saqueado bot\u00edn que parecieran representar las prerrogativas, mismas que hasta hoy, su actual dirigencia emplea de manera discrecional, sin presentar mayor informaci\u00f3n sobre su manejo y del que se asegura han empleado de manera poco ortodoxa.<\/span><\/p>\n<p class=\"p1\"><span style=\"font-size: 14pt;\">Por lo pronto, vamos a seguir expectantes sobre el proceder del PRI de cara al proceso electoral del 2024, porque los pocos que a\u00fan siguen aferrados a sus siglas temen quedarse nuevamente fuera del presupuesto.<\/span><\/p>\n<p class=\"p1\"><span style=\"font-size: 14pt;\">A todo esto, ser\u00eda bueno conocer \u00bfqu\u00e9 piensan al respecto Jos\u00e9 Francisco Yunes Zorrilla, o H\u00e9ctor Yunes Landa? quienes no quitan el dedo del rengl\u00f3n por ser quienes encabecen -si las condiciones se dan- a la posible oposici\u00f3n en la entidad, si es que en una de esas su l\u00edder nacional Alito Moreno les juega una m\u00e1s de sus habituales chaqueteadas y anuncia su coalici\u00f3n o alianza a Morena.<\/span><\/p>\n<p class=\"p1\"><span style=\"font-size: 14pt;\">Porque si algo tiene el priista es que no sabe vivir sin las canonj\u00edas del poder.<\/span><\/p>\n<p>&nbsp;<\/p>\n<p class=\"p1\"><span style=\"font-size: 18pt;\"><strong>Al tiempo<\/strong><\/span><\/p>\n<p>&nbsp;<\/p>\n<hr \/>\n<p>&nbsp;<\/p>\n<p class=\"p1\"><span style=\"font-size: 18pt;\"><strong>Correo: <a href=\"mailto:astrolabiopoliticomx@gmail.com\">astrolabiopoliticomx@gmail.com<\/a><\/strong><\/span><\/p>\n<p class=\"p1\"><span style=\"font-size: 18pt;\"><strong>Twitter: <a href=\"http:\/\/www.twitter.com\/LuisBaqueiro_mx\">@LuisBaqueiro_mx<\/a><\/strong><\/span><\/p>\n<p>&nbsp;<\/p>\n<p><img loading=\"lazy\" decoding=\"async\" class=\"aligncenter wp-image-11449\" src=\"http:\/\/noticiasveracruz.com\/wp-content\/uploads\/2023\/01\/FIRMA-EDITORIAL-NV-300x37.png\" alt=\"\" width=\"1000\" height=\"122\" srcset=\"https:\/\/noticiasveracruz.com\/wp-content\/uploads\/2023\/01\/FIRMA-EDITORIAL-NV-300x37.png 300w, https:\/\/noticiasveracruz.com\/wp-content\/uploads\/2023\/01\/FIRMA-EDITORIAL-NV-1024x125.png 1024w, https:\/\/noticiasveracruz.com\/wp-content\/uploads\/2023\/01\/FIRMA-EDITORIAL-NV-768x94.png 768w, https:\/\/noticiasveracruz.com\/wp-content\/uploads\/2023\/01\/FIRMA-EDITORIAL-NV-1536x188.png 1536w, https:\/\/noticiasveracruz.com\/wp-content\/uploads\/2023\/01\/FIRMA-EDITORIAL-NV-2048x250.png 2048w\" sizes=\"auto, (max-width: 1000px) 100vw, 1000px\" \/><\/p>\n<p>&nbsp;<\/p>\n<p>&nbsp;<\/p>\n","protected":false},"excerpt":{"rendered":"<p>&nbsp; Por Luis Ram\u00edrez Baqueiro &nbsp; &nbsp; \u201cSe necesita un esp\u00edritu fuerte para conservar la moderaci\u00f3n cuando todo fracasa\u201d \u2013<\/p>\n","protected":false},"author":4,"featured_media":640,"comment_status":"closed","ping_status":"closed","sticky":false,"template":"","format":"standard","meta":{"colormag_page_container_layout":"default_layout","colormag_page_sidebar_layout":"default_layout","_jetpack_memberships_contains_paid_content":false,"footnotes":"","jetpack_publicize_message":"","jetpack_publicize_feature_enabled":true,"jetpack_social_post_already_shared":true,"jetpack_social_options":{"image_generator_settings":{"template":"highway","default_image_id":0,"font":"","enabled":false},"version":2}},"categories":[6],"tags":[],"class_list":["post-15628","post","type-post","status-publish","format-standard","has-post-thumbnail","hentry","category-columnistas"],"jetpack_publicize_connections":[],"jetpack_featured_media_url":"https:\/\/noticiasveracruz.com\/wp-content\/uploads\/2021\/12\/LUIS-RAMI\u0301REZ-BAQUEIRO.png","jetpack_sharing_enabled":true,"publishpress_future_action":{"enabled":false,"date":"2026-05-05 06:02:14","action":"change-status","newStatus":"draft","terms":[],"taxonomy":"category","extraData":[]},"publishpress_future_workflow_manual_trigger":{"enabledWorkflows":[]},"_links":{"self":[{"href":"https:\/\/noticiasveracruz.com\/index.php\/wp-json\/wp\/v2\/posts\/15628","targetHints":{"allow":["GET"]}}],"collection":[{"href":"https:\/\/noticiasveracruz.com\/index.php\/wp-json\/wp\/v2\/posts"}],"about":[{"href":"https:\/\/noticiasveracruz.com\/index.php\/wp-json\/wp\/v2\/types\/post"}],"author":[{"embeddable":true,"href":"https:\/\/noticiasveracruz.com\/index.php\/wp-json\/wp\/v2\/users\/4"}],"replies":[{"embeddable":true,"href":"https:\/\/noticiasveracruz.com\/index.php\/wp-json\/wp\/v2\/comments?post=15628"}],"version-history":[{"count":0,"href":"https:\/\/noticiasveracruz.com\/index.php\/wp-json\/wp\/v2\/posts\/15628\/revisions"}],"wp:featuredmedia":[{"embeddable":true,"href":"https:\/\/noticiasveracruz.com\/index.php\/wp-json\/wp\/v2\/media\/640"}],"wp:attachment":[{"href":"https:\/\/noticiasveracruz.com\/index.php\/wp-json\/wp\/v2\/media?parent=15628"}],"wp:term":[{"taxonomy":"category","embeddable":true,"href":"https:\/\/noticiasveracruz.com\/index.php\/wp-json\/wp\/v2\/categories?post=15628"},{"taxonomy":"post_tag","embeddable":true,"href":"https:\/\/noticiasveracruz.com\/index.php\/wp-json\/wp\/v2\/tags?post=15628"}],"curies":[{"name":"wp","href":"https:\/\/api.w.org\/{rel}","templated":true}]}}