{"id":15610,"date":"2023-05-16T22:54:27","date_gmt":"2023-05-17T03:54:27","guid":{"rendered":"https:\/\/noticiasveracruz.com\/?p=15610"},"modified":"2023-05-17T18:58:04","modified_gmt":"2023-05-17T23:58:04","slug":"cabildo-de-tuxpan-aprueba-corte-de-caja-y-estados-financieros-de-abril","status":"publish","type":"post","link":"https:\/\/noticiasveracruz.com\/index.php\/2023\/05\/16\/cabildo-de-tuxpan-aprueba-corte-de-caja-y-estados-financieros-de-abril\/","title":{"rendered":"Cabildo de Tuxpan aprueba corte de caja y estados financieros de abril"},"content":{"rendered":"<p>&nbsp;<\/p>\n<p class=\"p1\"><span style=\"font-size: 14pt;\"><em><strong>TUXPAN, VERACRUZ.<\/strong> <\/em>En sesi\u00f3n ordinaria de Cabildo, el cuerpo edilicio analiz\u00f3 y aprob\u00f3 el corte de caja correspondiente a abril de 2023. <\/span><\/p>\n<p class=\"p1\"><span style=\"font-size: 14pt;\">Se aprueba con nueve votos a favor, un voto en contra y un abstencionismo.<\/span><\/p>\n<p class=\"p1\"><span style=\"font-size: 18pt;\"><strong>En una segunda sesi\u00f3n de cabildo ordinaria, los ediles tambi\u00e9n aprobaron por mayor\u00eda las Modificaciones Presupuestales, con nueve votos a favor y dos votos en contra.\u00a0<\/strong><\/span><\/p>\n<p class=\"p1\"><span style=\"font-size: 18pt;\"><strong>Otro de los temas que se sometieron a an\u00e1lisis y discusi\u00f3n en esta sesi\u00f3n de cabildo fueron los estados financieros correspondientes al mes de abril del ejercicio fiscal 2023, mismos que fueron aprobados por mayor\u00eda con 9 votos a favor y dos votos en contra.\u00a0<\/strong><\/span><\/p>\n<p class=\"p1\"><span style=\"font-size: 14pt;\">Finalmente con 10 votos a favor y solo un voto en contra, el cabildo analiz\u00f3 y aprob\u00f3 el reporte de Obra P\u00fablica del mes de abril del ejercicio fiscal 2023.<\/span><\/p>\n<p class=\"p1\"><span style=\"font-size: 14pt;\">En estas sesiones participaron el presidente municipal, Jos\u00e9 Manuel Pozos; la s\u00edndica \u00fanica Beatriz Pi\u00f1a Vergara, las regidoras y regidores Amado Guti\u00e9rrez Lima, Mar\u00eda del Pilar Mart\u00ednez Matesanz, Maryanela Monroy Flores, Anah\u00ed Aguilar L\u00f3pez, Juan G\u00f3mez Garc\u00eda, Lucero Res\u00e9ndis Ambrocio, Luis Demetrio L\u00f3pez Mar\u00edn, Axel Bernal Herrera y Luciano Folgueras Pioli, as\u00ed como el secretario del Ayuntamiento, Jos\u00e9 Armando Huesca Ovando.<\/span><\/p>\n<p>&nbsp;<\/p>\n<p>&nbsp;<\/p>\n","protected":false},"excerpt":{"rendered":"<p>&nbsp; TUXPAN, VERACRUZ. En sesi\u00f3n ordinaria de Cabildo, el cuerpo edilicio analiz\u00f3 y aprob\u00f3 el corte de caja correspondiente a<\/p>\n","protected":false},"author":4,"featured_media":15611,"comment_status":"closed","ping_status":"closed","sticky":false,"template":"","format":"standard","meta":{"colormag_page_container_layout":"default_layout","colormag_page_sidebar_layout":"default_layout","_jetpack_memberships_contains_paid_content":false,"footnotes":"","jetpack_publicize_message":"","jetpack_publicize_feature_enabled":true,"jetpack_social_post_already_shared":true,"jetpack_social_options":{"image_generator_settings":{"template":"highway","default_image_id":0,"font":"","enabled":false},"version":2}},"categories":[356],"tags":[],"class_list":["post-15610","post","type-post","status-publish","format-standard","has-post-thumbnail","hentry","category-veracruz"],"jetpack_publicize_connections":[],"jetpack_featured_media_url":"https:\/\/noticiasveracruz.com\/wp-content\/uploads\/2023\/05\/P-CABILDO-TUXPAN-ABRIL.png","jetpack_sharing_enabled":true,"publishpress_future_action":{"enabled":false,"date":"2026-05-05 06:34:27","action":"change-status","newStatus":"draft","terms":[],"taxonomy":"category","extraData":[]},"publishpress_future_workflow_manual_trigger":{"enabledWorkflows":[]},"_links":{"self":[{"href":"https:\/\/noticiasveracruz.com\/index.php\/wp-json\/wp\/v2\/posts\/15610","targetHints":{"allow":["GET"]}}],"collection":[{"href":"https:\/\/noticiasveracruz.com\/index.php\/wp-json\/wp\/v2\/posts"}],"about":[{"href":"https:\/\/noticiasveracruz.com\/index.php\/wp-json\/wp\/v2\/types\/post"}],"author":[{"embeddable":true,"href":"https:\/\/noticiasveracruz.com\/index.php\/wp-json\/wp\/v2\/users\/4"}],"replies":[{"embeddable":true,"href":"https:\/\/noticiasveracruz.com\/index.php\/wp-json\/wp\/v2\/comments?post=15610"}],"version-history":[{"count":0,"href":"https:\/\/noticiasveracruz.com\/index.php\/wp-json\/wp\/v2\/posts\/15610\/revisions"}],"wp:featuredmedia":[{"embeddable":true,"href":"https:\/\/noticiasveracruz.com\/index.php\/wp-json\/wp\/v2\/media\/15611"}],"wp:attachment":[{"href":"https:\/\/noticiasveracruz.com\/index.php\/wp-json\/wp\/v2\/media?parent=15610"}],"wp:term":[{"taxonomy":"category","embeddable":true,"href":"https:\/\/noticiasveracruz.com\/index.php\/wp-json\/wp\/v2\/categories?post=15610"},{"taxonomy":"post_tag","embeddable":true,"href":"https:\/\/noticiasveracruz.com\/index.php\/wp-json\/wp\/v2\/tags?post=15610"}],"curies":[{"name":"wp","href":"https:\/\/api.w.org\/{rel}","templated":true}]}}