{"id":15594,"date":"2023-05-17T05:30:05","date_gmt":"2023-05-17T10:30:05","guid":{"rendered":"https:\/\/noticiasveracruz.com\/?p=15594"},"modified":"2023-05-17T07:58:43","modified_gmt":"2023-05-17T12:58:43","slug":"morena-la-inminente-ruptura","status":"publish","type":"post","link":"https:\/\/noticiasveracruz.com\/index.php\/2023\/05\/17\/morena-la-inminente-ruptura\/","title":{"rendered":"Morena la inminente ruptura"},"content":{"rendered":"<p class=\"p1\">\n<p class=\"p1\"><span style=\"font-size: 18pt;\"><strong>Por Luis Ram\u00edrez Baqueiro<\/strong><\/span><\/p>\n<p class=\"p1\">\n<p>&nbsp;<\/p>\n<p class=\"p1\" style=\"text-align: center;\"><em><span style=\"font-size: 18pt;\"><strong>\u201cLos imperios est\u00e1n condenados a la dispersi\u00f3n, como las ortodoxias y las ideolog\u00edas, a los cismas y a las escisiones\u201d\u00a0<\/strong><\/span><\/em><\/p>\n<p class=\"p1\" style=\"text-align: center;\"><span style=\"font-size: 18pt;\">\u2013 Octavio Paz \u2013<\/span><\/p>\n<p class=\"p1\">\n<p class=\"p1\"><span style=\"font-size: 14pt;\">Andr\u00e9s Manuel L\u00f3pez Obrador tuvo cerca de 20 a\u00f1os para visualizar y planear el proceso de sucesi\u00f3n que se avecina, el 2024 ser\u00e1 la fecha de prueba de su entramado plan para convertir a la Cuarta Transformaci\u00f3n en la consecuci\u00f3n de un r\u00e9gimen que terminar\u00e1 por acabar con las Instituciones como las conoc\u00edamos.<\/span><\/p>\n<p class=\"p1\"><span style=\"font-size: 14pt;\">El hoy presidente de M\u00e9xico jam\u00e1s le ha mentido a la sociedad, aquellos que ahora lo critican y dicen que est\u00e1 destruyendo al pa\u00eds faltan a la verdad, pues \u00e9l lo dej\u00f3 claro desde 6 de septiembre de 2006 cuando en un mitin en la toma del Paseo de la Reforma dijo: \u00ab\u00a1Al diablo con sus instituciones!\u00bb.\u00a0<\/span><\/p>\n<p class=\"p1\"><span style=\"font-size: 14pt;\">De esta manera llama la atenci\u00f3n la forma y manera de operar la sucesi\u00f3n presidencial, adelantando los tiempos como mecanismo de distracci\u00f3n general; si algo ha confirmado el presidente L\u00f3pez Obrador es su capacidad en el manejo del mensaje y la comunicaci\u00f3n gubernamental, lo que implica en la f\u00e9rrea conducci\u00f3n de la agenda nacional y de los temas que marcan la pauta medi\u00e1tica.<\/span><\/p>\n<p class=\"p1\"><span style=\"font-size: 14pt;\">Sus conferencias ma\u00f1aneras son y ser\u00e1n el instrumento esencial para la promoci\u00f3n de la propaganda del r\u00e9gimen.<\/span><\/p>\n<p class=\"p1\"><span style=\"font-size: 14pt;\">Fue el 5 de julio del 2021, cuando L\u00f3pez Obrador provoc\u00f3 el adelanto de la carrera por la sucesi\u00f3n presidencial, cuando desde el mismo p\u00falpito ma\u00f1anero ofreci\u00f3 los nombres de aquellos integrantes de su gabinete que lo podr\u00edan suceder en el 2024.<\/span><\/p>\n<p class=\"p1\"><span style=\"font-size: 14pt;\">La medida que en su momento le result\u00f3 necesaria para con ello mantener el control de los temas de la agenda p\u00fablica nacional, fue el comienzo de una lamentable e inexpugnable lucha que terminar\u00e1 por destruir al movimiento transformador que \u00e9l mismo alent\u00f3.<\/span><\/p>\n<p class=\"p1\"><span style=\"font-size: 14pt;\">Al menos la respuesta de quienes hoy se presentan como los posibles candidatos a suceder al mismo L\u00f3pez Obrador evidencian el cisma que se avecina, a pesar de que en las encuestas se afirme que la jefa de Gobierno de la Ciudad de M\u00e9xico lleve mano.\u00a0<\/span><\/p>\n<p class=\"p1\"><span style=\"font-size: 14pt;\">Un par de llamados han encendido los focos rojos, ya desde mediados del a\u00f1o 2022, con el enfriamiento que desde Palacio Nacional se le dio al senador Ricardo Monreal, los visos claros de rompimiento comenzaron a ser evidentes.<\/span><\/p>\n<p class=\"p1\"><span style=\"font-size: 14pt;\">Los encuentros cercanos entre Monreal \u00c1vila y el canciller Marcelo Ebrard Casaub\u00f3n hablaban de un acuerdo para cerrar filas y apoyarse mutuamente con sus respectivos capitales pol\u00edticos en caso de que el presidente L\u00f3pez Obrador inclinase la balanza a favor de Claudia Sheibuam Pardo o de su paisano Ad\u00e1n Augusto L\u00f3pez Hern\u00e1ndez.<\/span><\/p>\n<p class=\"p1\"><span style=\"font-size: 14pt;\">Pero m\u00e1s recientemente un par de mensajes saltaron nuevamente, el primero los reclamos del mandatario al Gobernador de Veracruz, Cuitl\u00e1huac Garc\u00eda Jim\u00e9nez pidi\u00e9ndole que si lo que quiere es ser coordinador de campa\u00f1a de la aun Jefa de Gobierno de la Ciudad de M\u00e9xico lo exprese abiertamente, pero que deje de hacer de portavoz.<\/span><\/p>\n<p class=\"p1\"><span style=\"font-size: 14pt;\">Y el otro, el rechazo a la manifestaci\u00f3n que realizar\u00e1 en la SCJN por parte de una corriente importante de militantes de su partido que ven en la acci\u00f3n una medida burda y por dem\u00e1s demag\u00f3gica de querer congraciarse con el presidente L\u00f3pez Obrador, ante la innegable ingobernabilidad que enfrenta la entidad.<\/span><\/p>\n<p class=\"p1\"><span style=\"font-size: 14pt;\">Dicho escenario es el caldo de cultivo perfecto para el cisma que se viene, inclusive, los liderazgos del pseudo aliado Partido Verde Ecologista de M\u00e9xico (PVEM) ya han expresado abiertamente la posibilidad de que abandonen a Morena en el pr\u00f3ximo proceso electoral.<\/span><\/p>\n<p class=\"p1\"><span style=\"font-size: 14pt;\">La indiferencia y el absolutismo en la toma de decisiones por parte del propio presidente L\u00f3pez Obrador, ser\u00edan la causa latente de la ruptura, as\u00ed que imaginemos amables lectores, que el cisma profundo anuncia la inminente ruptura de Morena.<\/span><\/p>\n<p class=\"p1\"><span style=\"font-size: 14pt;\">Es de mencionar que el \u00fanico partido con capacidad de crecimiento exponencial en el pr\u00f3ximo proceso electoral se llama Movimiento Ciudadano, y su l\u00edder nacional el ex gobernador de Veracruz y actual senador Dante Alfonso Delgado Rannauro se ha mantenido al margen esperando el momento de lanzar la que ser\u00e1 la jugada de jugadas.<\/span><\/p>\n<p class=\"p1\"><span style=\"font-size: 14pt;\">No le extra\u00f1e a usted ver como candidatos presidenciales a un Marcelo Ebrard, a un Ricardo Monreal como candidato a la jefatura de Gobierno de la CdMx, e inclusive a un Luis Donaldo Colosio Riojas como integrante de un presunto gabinete conformado por esos personajes que no se habr\u00e1n de someter a los caprichos de quien hoy es el todopoderoso presidente de M\u00e9xico.<\/span><\/p>\n<p class=\"p1\"><span style=\"font-size: 14pt;\">La inminente ruptura de Morena es casi seguramente un tema que se le ha salido de control al propio Andr\u00e9s Manuel L\u00f3pez Obrador.<\/span><\/p>\n<p>&nbsp;<\/p>\n<p class=\"p1\"><span style=\"font-size: 18pt;\"><strong>Al tiempo<\/strong><\/span><\/p>\n<p>&nbsp;<\/p>\n<hr \/>\n<p>&nbsp;<\/p>\n<p class=\"p1\"><span style=\"font-size: 18pt;\"><strong>Correo: <a href=\"mailto:astrolabiopoliticomx@gmail.com\">astrolabiopoliticomx@gmail.com<\/a><\/strong><\/span><\/p>\n<p class=\"p1\"><span style=\"font-size: 18pt;\"><strong>Twitter: <a href=\"http:\/\/www.twitter.com\/LuisBaqueiro_mx\">@LuisBaqueiro_mx<\/a><\/strong><\/span><\/p>\n<p>&nbsp;<\/p>\n<p><img loading=\"lazy\" decoding=\"async\" class=\"aligncenter wp-image-11449\" src=\"http:\/\/noticiasveracruz.com\/wp-content\/uploads\/2023\/01\/FIRMA-EDITORIAL-NV-300x37.png\" alt=\"\" width=\"1000\" height=\"122\" srcset=\"https:\/\/noticiasveracruz.com\/wp-content\/uploads\/2023\/01\/FIRMA-EDITORIAL-NV-300x37.png 300w, https:\/\/noticiasveracruz.com\/wp-content\/uploads\/2023\/01\/FIRMA-EDITORIAL-NV-1024x125.png 1024w, https:\/\/noticiasveracruz.com\/wp-content\/uploads\/2023\/01\/FIRMA-EDITORIAL-NV-768x94.png 768w, https:\/\/noticiasveracruz.com\/wp-content\/uploads\/2023\/01\/FIRMA-EDITORIAL-NV-1536x188.png 1536w, https:\/\/noticiasveracruz.com\/wp-content\/uploads\/2023\/01\/FIRMA-EDITORIAL-NV-2048x250.png 2048w\" sizes=\"auto, (max-width: 1000px) 100vw, 1000px\" \/><\/p>\n<p>&nbsp;<\/p>\n<p>&nbsp;<\/p>\n","protected":false},"excerpt":{"rendered":"<p>Por Luis Ram\u00edrez Baqueiro &nbsp; \u201cLos imperios est\u00e1n condenados a la dispersi\u00f3n, como las ortodoxias y las ideolog\u00edas, a los<\/p>\n","protected":false},"author":4,"featured_media":640,"comment_status":"closed","ping_status":"closed","sticky":false,"template":"","format":"standard","meta":{"colormag_page_container_layout":"default_layout","colormag_page_sidebar_layout":"default_layout","_jetpack_memberships_contains_paid_content":false,"footnotes":"","jetpack_publicize_message":"","jetpack_publicize_feature_enabled":true,"jetpack_social_post_already_shared":true,"jetpack_social_options":{"image_generator_settings":{"template":"highway","default_image_id":0,"font":"","enabled":false},"version":2}},"categories":[6],"tags":[],"class_list":["post-15594","post","type-post","status-publish","format-standard","has-post-thumbnail","hentry","category-columnistas"],"jetpack_publicize_connections":[],"jetpack_featured_media_url":"https:\/\/noticiasveracruz.com\/wp-content\/uploads\/2021\/12\/LUIS-RAMI\u0301REZ-BAQUEIRO.png","jetpack_sharing_enabled":true,"publishpress_future_action":{"enabled":false,"date":"2026-05-07 20:54:32","action":"change-status","newStatus":"draft","terms":[],"taxonomy":"category","extraData":[]},"publishpress_future_workflow_manual_trigger":{"enabledWorkflows":[]},"_links":{"self":[{"href":"https:\/\/noticiasveracruz.com\/index.php\/wp-json\/wp\/v2\/posts\/15594","targetHints":{"allow":["GET"]}}],"collection":[{"href":"https:\/\/noticiasveracruz.com\/index.php\/wp-json\/wp\/v2\/posts"}],"about":[{"href":"https:\/\/noticiasveracruz.com\/index.php\/wp-json\/wp\/v2\/types\/post"}],"author":[{"embeddable":true,"href":"https:\/\/noticiasveracruz.com\/index.php\/wp-json\/wp\/v2\/users\/4"}],"replies":[{"embeddable":true,"href":"https:\/\/noticiasveracruz.com\/index.php\/wp-json\/wp\/v2\/comments?post=15594"}],"version-history":[{"count":0,"href":"https:\/\/noticiasveracruz.com\/index.php\/wp-json\/wp\/v2\/posts\/15594\/revisions"}],"wp:featuredmedia":[{"embeddable":true,"href":"https:\/\/noticiasveracruz.com\/index.php\/wp-json\/wp\/v2\/media\/640"}],"wp:attachment":[{"href":"https:\/\/noticiasveracruz.com\/index.php\/wp-json\/wp\/v2\/media?parent=15594"}],"wp:term":[{"taxonomy":"category","embeddable":true,"href":"https:\/\/noticiasveracruz.com\/index.php\/wp-json\/wp\/v2\/categories?post=15594"},{"taxonomy":"post_tag","embeddable":true,"href":"https:\/\/noticiasveracruz.com\/index.php\/wp-json\/wp\/v2\/tags?post=15594"}],"curies":[{"name":"wp","href":"https:\/\/api.w.org\/{rel}","templated":true}]}}