{"id":15578,"date":"2023-05-16T05:10:02","date_gmt":"2023-05-16T10:10:02","guid":{"rendered":"https:\/\/noticiasveracruz.com\/?p=15578"},"modified":"2023-05-16T09:00:58","modified_gmt":"2023-05-16T14:00:58","slug":"roberto-bravo-garzon","status":"publish","type":"post","link":"https:\/\/noticiasveracruz.com\/index.php\/2023\/05\/16\/roberto-bravo-garzon\/","title":{"rendered":"Roberto Bravo Garz\u00f3n\u00a0"},"content":{"rendered":"<p>&nbsp;<\/p>\n<p class=\"p2\"><span style=\"font-size: 18pt;\"><strong>Por Dra. Zaida Alicia Llad\u00f3 Castillo<\/strong><\/span><\/p>\n<p>&nbsp;<\/p>\n<p>&nbsp;<\/p>\n<p class=\"p2\" style=\"text-align: center;\"><em><span style=\"font-size: 18pt;\"><strong>\u201cSolo merece la pena, una vida vivida al servicio de los dem\u00e1s\u201d<\/strong><\/span><\/em><\/p>\n<p class=\"p2\" style=\"text-align: center;\"><span style=\"font-size: 18pt;\">\u2014Albert Einstein\u2014<\/span><\/p>\n<p>&nbsp;<\/p>\n<p><span style=\"font-size: 18pt;\">Primera Parte<\/span><\/p>\n<p class=\"p2\"><span style=\"font-size: 14pt;\">Y esa frase es sabia, especialmente, cuando se tiene la satisfacci\u00f3n de haber servido con creces a la comunidad, pero en particular a la juventud; porque, aun y\u00e9ndose una persona de este mundo, el tiempo corra y las generaciones maduren o envejezcan, la obra del hombre o mujer de bien perdura y, su recuerdo trasciende en el consciente e inconsciente colectivo.\u00a0<\/span><\/p>\n<p class=\"p2\"><span style=\"font-size: 14pt;\">Y ese es justamente el caso de nuestro bien recordado y respetado, Dr. Roberto Bravo Garz\u00f3n, hombre de fuerte car\u00e1cter, de agudeza excepcional y gran visi\u00f3n, que fuera Rector de la Universidad Veracruzana entre 1973 a 1981, y cuya gesti\u00f3n permiti\u00f3 el fortalecimiento de la academia, la investigaci\u00f3n, la infraestructura material y cient\u00edfica de la instituci\u00f3n, la difusi\u00f3n de la cultura y de los valores art\u00edsticos, etc.,\u00a0 y, con todo ello, logr\u00f3 colocar en un lugar muy elevado a nuestra Alma Mater y al propio Estado de Veracruz. Por eso como un modesto homenaje a su figura, me permito en esta columna, recordar algunos datos que pueden bien servir a quienes no conocen la historia de la Universidad Veracruzana o han olvidado la labor desarrollada de aquellos que la dirigieron y que contribuyeron a su engrandecimiento. Obra material y cient\u00edfica, cuyos avances hoy fructifican para bien de las nuevas generaciones.\u00a0<\/span><\/p>\n<p class=\"p2\"><span style=\"font-size: 14pt;\">Roberto Bravo Garz\u00f3n, naci\u00f3 en el Puerto de Veracruz, el 12 de mayo de 1934. Desde muy joven se distingui\u00f3 por su inteligencia y sensibilidad en diferentes facetas. Desde adolescente ya tocaba el piano y ello le permit\u00eda fortalecer el conocimiento de las grandes obras y de sus autores.\u00a0 En ese Puerto, estudia su educaci\u00f3n b\u00e1sica y media y, es a fines de los a\u00f1os 50 que viene a residir a la ciudad de Xalapa, teniendo que trabajar y estudiar para sostenerse y lo hace en la docencia en los niveles de secundaria y preparatoria, al parejo que estudiaba en la Facultad de Derecho y, posteriormente cuando ingresa a la Facultad de Filosof\u00eda.\u00a0<\/span><\/p>\n<p class=\"p2\"><span style=\"font-size: 14pt;\">Una vez concluidos sus estudios de licenciatura en Derecho y Filosof\u00eda, se va a realizar el postgrado en Econom\u00eda al Colegio de M\u00e9xico y retorna a la Ciudad de Xalapa en 1966.<span class=\"Apple-converted-space\">\u00a0 <\/span>\u00a0Siendo Rector el Lic. Fernando Garc\u00eda Barna, el Mtro. Roberto Bravo Garz\u00f3n, es invitado para generar las bases para la creaci\u00f3n de la Facultad de Econom\u00eda de la U. V. y ocupa el cargo de primer Director, aboc\u00e1ndose a dise\u00f1ar un plan de estudio que permitiera que el futuro economista tuviera la oportunidad de combinar la teor\u00eda y la pr\u00e1ctica durante toda su formaci\u00f3n.\u00a0 Lo que dio excelentes resultados en el estudiantado y en los profesionistas egresados.\u00a0\u00a0<\/span><\/p>\n<p class=\"p2\"><span style=\"font-size: 14pt;\">Su solidaridad hacia el alumnado y su lealtad institucional, a toda prueba, hizo que participara en las manifestaciones que se realizaron en la ciudad de Xalapa en apoyo al Movimiento Estudiantil Nacional que culmin\u00f3 con la represi\u00f3n del ej\u00e9rcito en el mes de octubre de 1968. Roberto Bravo fue uno de los manifestantes detenidos y encarcelados, porque su preocupaci\u00f3n fue el defender la autonom\u00eda universitaria. Una autonom\u00eda que a\u00fan estaba muy lejana de ser de \u201cJure\u201d, pero que se aceptaba y respetaba \u201cde Facto\u201d, por toda la comunidad universitaria y los propios gobernantes en turno.\u00a0<\/span><\/p>\n<p class=\"p2\"><span style=\"font-size: 14pt;\">El 26 de Junio de 1973, siendo Gobernador el Lic. Rafael Murillo Vidal es nombrado Rector de la M\u00e1xima Casa de Estudios de Veracruz, y de inmediato se aboca a resolver problemas que la UV arrastraba y que era imposible posponer su soluci\u00f3n:<\/span><\/p>\n<ol class=\"ol1\">\n<li class=\"li2\"><span style=\"font-size: 14pt;\">La insolvencia econ\u00f3mica de la Orquesta Sinf\u00f3nica de Xalapa (OSX), en donde con el apoyo del Gobierno del Estado, se disuelve finalmente la Asociaci\u00f3n Civil que por d\u00e9cadas la sostuviera, incorporando a sus integrantes a la academia para que de esta manera los m\u00fasicos tuvieran un sueldo digno y con ello ofrecieran lo mejor de s\u00ed mismos a la propia OSX, cosa que indudablemente benefici\u00f3 a sus integrantes y proyect\u00f3 con su arte a la universidad en los planos internacionales, en las siguientes d\u00e9cadas.\u00a0<\/span><\/li>\n<li class=\"li2\"><span style=\"font-size: 14pt;\">Desde su primer a\u00f1o de gesti\u00f3n, incrementar los subsidios federal y estatal logr\u00e1ndolo en breve, lo que permiti\u00f3 mejorar en los siguientes a\u00f1os, los sueldos del personal administrativo, docente y de investigaci\u00f3n que hab\u00edan permanecido por muchos a\u00f1os est\u00e1ticos.\u00a0<\/span><\/li>\n<li class=\"li2\"><span style=\"font-size: 14pt;\">Hacer realidad la proyecci\u00f3n de la descentralizaci\u00f3n acad\u00e9mica de la UV a 5 regiones del Estado: Xalapa y Veracruz (incrementando en estas zonas el n\u00famero de facultades e institutos) y creando los nuevos centros universitarios en las regiones de: Poza Rica-Tuxpan, C\u00f3rdoba-Orizaba y Minatitl\u00e1n-Coatzacoalcos, y para su control regional, en los siguientes a\u00f1os, fundar las Delegaciones Administrativas en cada una de estas.\u00a0<\/span><\/li>\n<\/ol>\n<p class=\"p2\"><span style=\"font-size: 14pt;\">Para ello Bravo Garz\u00f3n, fortalece las mejores relaciones tanto con el Gobierno del Estado y el Federal, a trav\u00e9s de la Secretaria de Educaci\u00f3n P\u00fablica para agenciarse recursos -v\u00eda subsidio federal-, y de esta manera poder hacer realidad el sue\u00f1o de muchos j\u00f3venes y padres familia: que los j\u00f3venes estudiaran su educaci\u00f3n superior sin necesidad de desarraigarse de sus regiones e igualmente con ello poder aumentar la oferta educativa y por ende la matr\u00edcula universitaria.\u00a0\u00a0<\/span><\/p>\n<p class=\"p2\"><span style=\"font-size: 14pt;\">Y era claro que el aumento de la matricula, deb\u00eda ir aparejado con una mejor infraestructura acad\u00e9mica, administrativa y de difusi\u00f3n de la cultura, lo que hizo que la planta de trabajadores acad\u00e9micos, administrativos y de confianza se incrementara exponencialmente y se buscara a los mejores perfiles para incorporarlos al servicio.\u00a0<\/span><\/p>\n<p class=\"p2\"><span style=\"font-size: 14pt;\">Roberto Bravo Garz\u00f3n, siendo un hombre de visi\u00f3n revolucionaria, fomenta el respeto a las formas de libre asociaci\u00f3n y organizaci\u00f3n sindical que eran resultado de los movimientos laborales del momento, principalmente en la UNAM. Nacen as\u00ed en su rectorado los 2 sindicatos m\u00e1s fuertes que tiene la Universidad Veracruzana: el Sindicato de Trabajadores al Servicio de la Universidad Veracruzana (Setuv) que nace en 1973 y la Federaci\u00f3n Sindicatos y Asociaciones de Personal Acad\u00e9mico de la UV (Fesapauv) que nace en 1976. A inicios de los a\u00f1os 80, ya casi por concluir el rectorado del Dr. Bravo, se dan los primeros pasos para conformar una asociaci\u00f3n que agrupara al personal de confianza, pero no es hasta 1985, -cuando nace la Asociaci\u00f3n de Personal de Confianza de la UV (Apecuv), llamada posteriormente Afecuv.\u00a0<\/span><\/p>\n<p class=\"p2\"><span style=\"font-size: 14pt;\">Roberto Bravo es ratificado como Rector al iniciar el gobierno de Rafael Hern\u00e1ndez Ochoa (1974-1980), y ello le da la oportunidad de consolidar su gran obra: la descentralizaci\u00f3n universitaria. Y para que las nuevas generaciones de universitarios ubiquen en su justa dimensi\u00f3n lo mucho que vino a beneficiar la Regionalizaci\u00f3n de la Universidad Veracruzana, pues les podemos decir que \u00e9sta vino a cubrir la necesidad de la demanda de educaci\u00f3n superior como resultado de las variables de crecimiento del ingreso, din\u00e1micas demogr\u00e1ficas y concentraci\u00f3n urbana, brindando con esto mayores oportunidades de estudio a la juventud veracruzana. De esta manera, los j\u00f3venes veracruzanos- del norte y sur del estado-, ya no ten\u00edan que desplazarse a la capital o al Puerto de Veracruz, para estudiar una carrera universitaria.\u00a0<\/span><\/p>\n<p class=\"p2\"><span style=\"font-size: 14pt;\">Y la dimensi\u00f3n de ese crecimiento lo explica muy bien la Mtra. Ang\u00e9lica Guti\u00e9rrez Bonilla: \u201cLa Universidad Veracruzana, en 1970, ten\u00eda una poblaci\u00f3n estudiantil de m\u00e1s de 10 mil estudiantes, distribuida en las ciudades de Xalapa, Veracruz y Orizaba. Para 1975, los estudiantes universitarios se incrementaron en n\u00famero de hasta 25 mil (&#8230;) 5 a\u00f1os despu\u00e9s, en 1980 ya ten\u00edamos en nuestras aulas universitarias casi 57 mil alumnos y pasamos de estar en 3 ciudades del Estado a tener presencia y campus universitarios en 5 regiones del Estado y en las 12 ciudades m\u00e1s importantes del Estado\u201d (Guti\u00e9rrez B. A. 2017). Y las cifras no mienten. En 8 a\u00f1os de rectorado de Bravo Garz\u00f3n, la matricula creci\u00f3 casi un 500%, (de 10 mil a 57 mil) y por ende la capacidad f\u00edsica.\u00a0\u00a0<\/span><\/p>\n<p class=\"p2\"><span style=\"font-size: 14pt;\">Pero el crecimiento no solo se pod\u00eda medir en n\u00fameros sino en la calidad de lo que obra representaba. Los avances tambi\u00e9n se valoraban en otros rubros, tales como: la obra editorial, la Era del fortalecimiento de grupos art\u00edsticos y el nacimiento de otros important\u00edsimos, hasta llevarlos a su internacionalizaci\u00f3n; as\u00ed mismo, la difusi\u00f3n y extensi\u00f3n universitaria y la productividad cient\u00edfica.\u00a0 Como consecuencia de ello, creci\u00f3 la oferta de carreras universitarias, llevando a las regiones las ya existentes y gener\u00e1ndose otras nuevas para adecuar a la UV a las exigencias de los avances cient\u00edficos y tecnol\u00f3gicos del momento, y ello oblig\u00f3 a dotar mejor infraestructura a las regiones.\u00a0<\/span><\/p>\n<p class=\"p2\"><span style=\"font-size: 14pt;\">Pero si hubo un rubro que el rectorado de Bravo impuls\u00f3, fue sin duda la investigaci\u00f3n. En su gesti\u00f3n, se logra el mayor n\u00famero de centros e institutos de investigaci\u00f3n, en todas las \u00e1reas: de la Salud, Econ\u00f3mico-Administrativa, Humanidades, T\u00e9cnica y Artes. Y todo ello se dice hoy r\u00e1pido, pero implic\u00f3, planeaci\u00f3n, organizaci\u00f3n, liderazgo, visi\u00f3n y gesti\u00f3n adecuada de recursos de manera correcta.\u00a0<\/span><\/p>\n<p class=\"p2\"><span style=\"font-size: 18pt;\"><strong>Continuar\u00e1\u2026<\/strong><\/span><\/p>\n<p>&nbsp;<\/p>\n<hr \/>\n<p>&nbsp;<\/p>\n<p><img loading=\"lazy\" decoding=\"async\" class=\"aligncenter wp-image-11449\" src=\"http:\/\/noticiasveracruz.com\/wp-content\/uploads\/2023\/01\/FIRMA-EDITORIAL-NV-1024x125.png\" alt=\"\" width=\"1000\" height=\"122\" srcset=\"https:\/\/noticiasveracruz.com\/wp-content\/uploads\/2023\/01\/FIRMA-EDITORIAL-NV-1024x125.png 1024w, https:\/\/noticiasveracruz.com\/wp-content\/uploads\/2023\/01\/FIRMA-EDITORIAL-NV-300x37.png 300w, https:\/\/noticiasveracruz.com\/wp-content\/uploads\/2023\/01\/FIRMA-EDITORIAL-NV-768x94.png 768w, https:\/\/noticiasveracruz.com\/wp-content\/uploads\/2023\/01\/FIRMA-EDITORIAL-NV-1536x188.png 1536w, https:\/\/noticiasveracruz.com\/wp-content\/uploads\/2023\/01\/FIRMA-EDITORIAL-NV-2048x250.png 2048w\" sizes=\"auto, (max-width: 1000px) 100vw, 1000px\" \/><\/p>\n<p>&nbsp;<\/p>\n<p>&nbsp;<\/p>\n","protected":false},"excerpt":{"rendered":"<p>&nbsp; Por Dra. Zaida Alicia Llad\u00f3 Castillo &nbsp; &nbsp; \u201cSolo merece la pena, una vida vivida al servicio de los<\/p>\n","protected":false},"author":4,"featured_media":3563,"comment_status":"closed","ping_status":"closed","sticky":false,"template":"","format":"standard","meta":{"colormag_page_container_layout":"default_layout","colormag_page_sidebar_layout":"default_layout","_jetpack_memberships_contains_paid_content":false,"footnotes":"","jetpack_publicize_message":"","jetpack_publicize_feature_enabled":true,"jetpack_social_post_already_shared":true,"jetpack_social_options":{"image_generator_settings":{"template":"highway","default_image_id":0,"font":"","enabled":false},"version":2}},"categories":[6],"tags":[],"class_list":["post-15578","post","type-post","status-publish","format-standard","has-post-thumbnail","hentry","category-columnistas"],"jetpack_publicize_connections":[],"jetpack_featured_media_url":"https:\/\/noticiasveracruz.com\/wp-content\/uploads\/2022\/04\/DRA.-ZAIDA.png","jetpack_sharing_enabled":true,"publishpress_future_action":{"enabled":false,"date":"2026-05-05 07:43:16","action":"change-status","newStatus":"draft","terms":[],"taxonomy":"category","extraData":[]},"publishpress_future_workflow_manual_trigger":{"enabledWorkflows":[]},"_links":{"self":[{"href":"https:\/\/noticiasveracruz.com\/index.php\/wp-json\/wp\/v2\/posts\/15578","targetHints":{"allow":["GET"]}}],"collection":[{"href":"https:\/\/noticiasveracruz.com\/index.php\/wp-json\/wp\/v2\/posts"}],"about":[{"href":"https:\/\/noticiasveracruz.com\/index.php\/wp-json\/wp\/v2\/types\/post"}],"author":[{"embeddable":true,"href":"https:\/\/noticiasveracruz.com\/index.php\/wp-json\/wp\/v2\/users\/4"}],"replies":[{"embeddable":true,"href":"https:\/\/noticiasveracruz.com\/index.php\/wp-json\/wp\/v2\/comments?post=15578"}],"version-history":[{"count":0,"href":"https:\/\/noticiasveracruz.com\/index.php\/wp-json\/wp\/v2\/posts\/15578\/revisions"}],"wp:featuredmedia":[{"embeddable":true,"href":"https:\/\/noticiasveracruz.com\/index.php\/wp-json\/wp\/v2\/media\/3563"}],"wp:attachment":[{"href":"https:\/\/noticiasveracruz.com\/index.php\/wp-json\/wp\/v2\/media?parent=15578"}],"wp:term":[{"taxonomy":"category","embeddable":true,"href":"https:\/\/noticiasveracruz.com\/index.php\/wp-json\/wp\/v2\/categories?post=15578"},{"taxonomy":"post_tag","embeddable":true,"href":"https:\/\/noticiasveracruz.com\/index.php\/wp-json\/wp\/v2\/tags?post=15578"}],"curies":[{"name":"wp","href":"https:\/\/api.w.org\/{rel}","templated":true}]}}