{"id":15562,"date":"2023-05-16T00:22:39","date_gmt":"2023-05-16T05:22:39","guid":{"rendered":"https:\/\/noticiasveracruz.com\/?p=15562"},"modified":"2023-05-16T00:26:58","modified_gmt":"2023-05-16T05:26:58","slug":"justicia-laboral-a-maestros-los-peor-pagados-impulsan-el-pais","status":"publish","type":"post","link":"https:\/\/noticiasveracruz.com\/index.php\/2023\/05\/16\/justicia-laboral-a-maestros-los-peor-pagados-impulsan-el-pais\/","title":{"rendered":"Justicia laboral a maestros, los peor pagados impulsan el pa\u00eds"},"content":{"rendered":"<p>&nbsp;<\/p>\n<p class=\"p1\" style=\"text-align: center;\"><em><span style=\"font-size: 18pt;\"><b>&lt;&lt;Finalmente el gobierno voltea a ver a los profesores que han sido maltratados por todas las administraciones&gt;&gt;<\/b><\/span><\/em><\/p>\n<p>&nbsp;<\/p>\n<p>&nbsp;<\/p>\n<p class=\"p1\"><span style=\"font-size: 18pt;\"><b>Por \u00c1ngel \u00c1lvaro Pe\u00f1a<\/b><\/span><\/p>\n<p class=\"p1\"><span style=\"font-size: 14pt;\">A principios de junio de 2018 se le\u00eda en los titulares de los peri\u00f3dicos del pa\u00eds\u00a0La huelga de los maestros paraliza Ciudad de M\u00e9xico.\u00a0Los paros del Magisterio\u00a0era cosa de todos los d\u00edas, a partir de diciembre de ese a\u00f1o no ha habido huelgas de profesores que cierren escuelas, carreteras, avenidas, ocupen plazas. Hay di\u00e1logo como primer elemento de negociaci\u00f3n y arreglo.<\/span><\/p>\n<p class=\"p1\"><span style=\"font-size: 18pt;\"><strong>Antes, imperaba un autoritarismo hasta en los sindicatos, por eso se cre\u00f3 la Coordinadora Nacional de los Trabajadores de la Educaci\u00f3n el 17 de diciembre de1979, el mismo a\u00f1o en que el l\u00edder vitalicio del SNTE, iniciara su periodo como gobernador de San Luis Potos\u00ed, Carlos Jonguitud Barrios, l\u00edder vitalicio de ese sindicato.<\/strong><\/span><\/p>\n<p class=\"p1\"><span style=\"font-size: 14pt;\">En nuestro pa\u00eds no hay un solo mexicano que no deba su actual posici\u00f3n a los maestros, continuadores de la educaci\u00f3n del hogar, han impulsado el desarrollo del pa\u00eds en todos sus niveles. Sin embargo, son de los gremios peor pagados y de mayor n\u00famero de miembros.<\/span><\/p>\n<p class=\"p1\"><span style=\"font-size: 14pt;\">Seg\u00fan el Instituto Mexicano para la Competitividad, las trabajadoras y trabajadores del sector educativo tienen las profesiones peor pagadas a nivel nacional. De una lista de las 39 peor pagadas, los docentes ocupan los primeros 8 lugares.<\/span><\/p>\n<p class=\"p1\"><span style=\"font-size: 14pt;\">Se se\u00f1ala en el estudio que los primeros 8 lugares los ocupan trabajadores de alguna \u00e1rea educativa, con salarios de los 8 mil 673 pesos a los 10 mil 512 pesos a 2022.<\/span><\/p>\n<p class=\"p1\"><span style=\"font-size: 18pt;\"><strong>A partir de este D\u00eda del Maestro habr\u00e1 un\u00a0aumento en el sueldo a los que dependan de\u00a0la\u00a0SEP\u00a0del 8.2 por ciento.<\/strong><\/span><\/p>\n<p class=\"p1\"><span style=\"font-size: 14pt;\">La mayor\u00eda de los maestros ganaban 11 mil pesos al mes, ahora un profesor de primaria, es decir, educaci\u00f3n b\u00e1sica y superior ser\u00e1 de al menos 16 mil pesos.<\/span><\/p>\n<p class=\"p1\"><span style=\"font-size: 18pt;\"><strong>El gobierno federal destinar\u00e1 aproximadamente 42 mil millones de pesos. Este nuevo sueldo para el sector educativo concuerda con el mejoramiento en las perspectivas econ\u00f3micas y laborales de M\u00e9xico al corte de mayo 2023.<\/strong><\/span><\/p>\n<p>&nbsp;<\/p>\n<p><img loading=\"lazy\" decoding=\"async\" class=\"aligncenter wp-image-19830 size-large\" src=\"https:\/\/politicosaldesnudo.com.mx\/wp-content\/uploads\/2023\/05\/P-MAESTROS-SEP-2-1024x573.png\" alt=\"\" width=\"800\" height=\"448\" \/><\/p>\n<p>&nbsp;<\/p>\n<p class=\"p1\"><span style=\"font-size: 18pt; color: #e42d33;\"><b>LOS MALOS PAGADOS<\/b><\/span><\/p>\n<p class=\"p1\"><span style=\"font-size: 14pt;\">Se trata de un gremio tradicionalmente mal pagado por eso ha sido un espacio donde se genera la inconformidad generalizada. Recordemos que dos de los m\u00e1s conocidos guerrilleros de Guerrero han sido profesores rurales de educaci\u00f3n b\u00e1sica, Genaro V\u00e1zquez Rojas y Lucio Caba\u00f1as, quien estudi\u00f3 en la Normal Isidro Burgos de Ayotzinapa, donde estudiaron los 43 desaparecidos un 26 de septiembre de 2014.<\/span><\/p>\n<p class=\"p1\"><span style=\"font-size: 18pt;\"><strong>Hoy se anunci\u00f3 que ser\u00e1n recompensados poco a poco y que su trabajo ser\u00e1 paulatinamente reconocido por el gobierno, del que de alguna manera forman parte porque son trabajadores, en su mayor\u00eda de la SEP.<\/strong><\/span><\/p>\n<p class=\"p1\"><span style=\"font-size: 14pt;\">Desde 1958 el\u00a0Movimiento Magisterial en M\u00e9xico\u00a0se identificaba m\u00e1s con las huelgas que con las aulas. Ese a\u00f1o en las movilizaciones de profesores participaron maestros, intelectuales, obreros y profesionistas. A partir de esos a\u00f1os las calles se llenaron de maestros inconformes. Hab\u00eda ciudades como Oaxaca, donde el centro de la Ciudad era la casa de los inconformes, todos ellos profesores de educaci\u00f3n b\u00e1sica.<\/span><\/p>\n<p class=\"p1\"><span style=\"font-size: 18pt;\"><strong>La lucha de los maestros hab\u00eda sido una constante a grado tal que parte de la sociedad mexicana los nombraba vagos; otra parte, los defend\u00eda. As\u00ed, la lucha magisterial divid\u00eda y a veces polarizaba las pl\u00e1ticas. Ahora es dif\u00edcil encontrar contingentes que se plantan en una plaza o que toman las calles en busca de di\u00e1logo o de democracia sindical.<\/strong><\/span><\/p>\n<p class=\"p1\"><span style=\"font-size: 14pt;\">Los maestros de M\u00e9xico no son conformistas, conocen sus derechos lucha por la ampliaci\u00f3n de sus logros, pelean d\u00eda tras d\u00eda de tal manera que los mexicanos debemos sentirnos orgullosos de ellos porque no s\u00f3lo cumplen con su trabajo, manifiestan su inconformidad, colocan mantas en las escuelas, despliegan cartas, muestran injusticias laborales, hacen declaraciones p\u00fablicas, buscan tener una voz que hable fuerte sobre las injusticias que se cometen contra ellos.<\/span><\/p>\n<p>&nbsp;<\/p>\n<p><img loading=\"lazy\" decoding=\"async\" class=\"aligncenter wp-image-15563 size-large\" src=\"http:\/\/noticiasveracruz.com\/wp-content\/uploads\/2023\/05\/P-MAESTROS-SEP-1-1024x573.png\" alt=\"\" width=\"800\" height=\"448\" srcset=\"https:\/\/noticiasveracruz.com\/wp-content\/uploads\/2023\/05\/P-MAESTROS-SEP-1-1024x573.png 1024w, https:\/\/noticiasveracruz.com\/wp-content\/uploads\/2023\/05\/P-MAESTROS-SEP-1-300x168.png 300w, https:\/\/noticiasveracruz.com\/wp-content\/uploads\/2023\/05\/P-MAESTROS-SEP-1-768x430.png 768w, https:\/\/noticiasveracruz.com\/wp-content\/uploads\/2023\/05\/P-MAESTROS-SEP-1-1536x859.png 1536w, https:\/\/noticiasveracruz.com\/wp-content\/uploads\/2023\/05\/P-MAESTROS-SEP-1.png 1816w\" sizes=\"auto, (max-width: 800px) 100vw, 800px\" \/><\/p>\n<p>&nbsp;<\/p>\n<p class=\"p1\"><span style=\"font-size: 14pt;\">As\u00ed, los profesores tienen que librar luchas desde diferentes frentes. As\u00ed iniciaron el siglo XXI los profesores de M\u00e9xico, luchando desde el interior de su sindicato por la democratizaci\u00f3n de sus l\u00edderes.<\/span><\/p>\n<p class=\"p1\"><span style=\"font-size: 14pt;\">Por si esto fuera poco, la marginaci\u00f3n en la que viv\u00edan se convert\u00eda en un caldo de cultivo para la lucha social que colocaba a las autoridades a la defensiva trat\u00e1ndolos como enemigos y no como trabajadores de la educaci\u00f3n.<\/span><\/p>\n<p class=\"p1\"><span style=\"font-size: 14pt;\">Pero m\u00e1s all\u00e1 de estas luchas que podr\u00edan llamarse comunes dentro de un gremio que supera los dos millones de afiliados, se deben confrontar con un grupo radical de la clase media alta que insiste en llamarlos delincuentes, flojos, desalmados y hasta degenerados.<\/span><\/p>\n<p class=\"p1\"><span style=\"font-size: 18pt;\"><strong>Eran tantas las reiteradas presiones de los maestros que las autoridades de la SEP empezaron a imponer sus propias reglas, encarcelando a los l\u00edderes magisteriales porque eran estorbos para imponer los criterios educativos que el neoliberalismo impuso y lleg\u00f3 al extremo de encarcelar a personas como Rub\u00e9n N\u00fa\u00f1ez, l\u00edder magisterial que se opon\u00eda a la reforma educativa y se le acus\u00f3 de lavado de dinero injustamente.<\/strong><\/span><\/p>\n<p>&nbsp;<\/p>\n<p>&nbsp;<\/p>\n<p>&nbsp;<\/p>\n<p class=\"p1\"><span style=\"font-size: 18pt; color: #e42d33;\"><b>ALEJADOS DE LA EDUCACI\u00d3N<\/b><\/span><\/p>\n<p class=\"p1\"><span style=\"font-size: 14pt;\">Puede afirmarse, sin error a equivocase, que los secretarios de Educaci\u00f3n de Enrique Pe\u00f1a Nieto, Emilio Chauyffet y Aurelio Nu\u00f1o estuvieron muy alejados de la educaci\u00f3n y m\u00e1s aun de su responsabilidad. Desconoc\u00edan la ense\u00f1anza y sus conflictos y simplemente nadaron de a muertito en un periodo donde cualquier estancamiento es un retraso.<\/span><\/p>\n<p class=\"p1\"><span style=\"font-size: 14pt;\">Ante ese panorama la derecha en M\u00e9xico consider\u00f3 momento propicio para denigrar a la educaci\u00f3n p\u00fablica y exaltar los beneficios de la educaci\u00f3n privada, entre los cuales exaltaban el hecho de que en un colegio particular nunca iban a hacer huelga los maestros, es decir esos profesores hasta ahora gana una miseria en todos los nieles educativos.<\/span><\/p>\n<p class=\"p1\"><span style=\"font-size: 18pt;\"><strong>El 24 de febrero de 2012 se estren\u00f3 un supuesto documental producido por Claudio X. Gonz\u00e1lez y narrado por Carlos Loret de Mola donde se agrede a la educaci\u00f3n p\u00fablica y trata de descalificar a la SEP y al sindicato de maestros, como entes diab\u00f3licos en un escenario que para la derecha dicen que es sagrado como la educaci\u00f3n confesional, de ah\u00ed que insistan en que la educaci\u00f3n no debe ser laica.<\/strong><\/span><\/p>\n<p class=\"p1\"><span style=\"font-size: 14pt;\">As\u00ed, Pe\u00f1a Nieto impuso la reforma educativa con cambios en todos los aspectos de la vida laboral de los maestros.<\/span><\/p>\n<p class=\"p1\"><span style=\"font-size: 18pt;\"><strong>Entre abril de 2013 a 2016, hubo enfrentamientos, marchas, bloqueos, incendios y plantones. Entre los sucesos m\u00e1s destacados se encuentran el incendio al edificio del PRI, en Chilpancingo, Guerrero, un plant\u00f3n de casi cinco meses en el Z\u00f3calo de la Ciudad de M\u00e9xico con un enfrentamiento el 13 de septiembre de 2013 con la Polic\u00eda Federal, y la instalaci\u00f3n de carpas y casas de campa\u00f1a en el Monumento a la Revoluci\u00f3n de septiembre a febrero de 2016, lapso en el que se presentaron tres bloqueos a los accesos del Aeropuerto Internacional de la Ciudad de M\u00e9xico.<\/strong><\/span><\/p>\n<p>&nbsp;<\/p>\n<p><img loading=\"lazy\" decoding=\"async\" class=\"aligncenter wp-image-19832 size-large\" src=\"https:\/\/politicosaldesnudo.com.mx\/wp-content\/uploads\/2023\/05\/REPORTAJE-3-576x1024.jpeg\" alt=\"\" width=\"576\" height=\"1024\" \/><\/p>\n<p>&nbsp;<\/p>\n<p class=\"p1\"><span style=\"font-size: 14pt;\">Previo a las elecciones de 2015, la CNTE incendi\u00f3 la sede distrital 07 del INE en Oaxaca, como parte de las acciones del boicot electoral. Adem\u00e1s, bloquearon 11 edificios del \u00f3rgano en el interior del estado, as\u00ed como el Consejo Local, ubicado en la capital.<\/span><\/p>\n<p class=\"p1\"><span style=\"font-size: 14pt;\">A finales de mayo de ese a\u00f1o, un grupo de seis directores de escuela y una jefa de secci\u00f3n, fueron detenidos en el municipio de Comit\u00e1n, Chiapas, durante las manifestaciones que padres de familia realizan en los 122 municipios del estado.<\/span><\/p>\n<p class=\"p1\"><span style=\"font-size: 18pt;\"><strong>Los manifestantes \u201cacusaron a los detenidos de ubicar los nombres de los profesores de la CNTE que participan en el paro laboral y manifestaciones que iniciaron el pasado 15 de mayo, por lo que fueron sometidos, rapados y expuestos sujetando unos carteles con las leyendas \u201c\u2019somos traidores a la patria\u201d, \u201csoy maestro charro vendido\u201d.<\/strong><\/span><\/p>\n<p class=\"p1\"><span style=\"font-size: 14pt;\">La inconformidad de los profesores lleg\u00f3 a puntos que parec\u00eda tratarse de una guerra civil. La postura de la sociedad se divid\u00eda y los derechos del magisterio quedaban olvidados para dar lugar a una guerra medi\u00e1tica donde los malos eran siempre los profesores.<\/span><\/p>\n<p>&nbsp;<\/p>\n<p>&nbsp;<\/p>\n","protected":false},"excerpt":{"rendered":"<p>&nbsp; &lt;&lt;Finalmente el gobierno voltea a ver a los profesores que han sido maltratados por todas las administraciones&gt;&gt; &nbsp; &nbsp;<\/p>\n","protected":false},"author":4,"featured_media":15568,"comment_status":"closed","ping_status":"closed","sticky":false,"template":"","format":"standard","meta":{"colormag_page_container_layout":"default_layout","colormag_page_sidebar_layout":"default_layout","_jetpack_memberships_contains_paid_content":false,"footnotes":"","jetpack_publicize_message":"","jetpack_publicize_feature_enabled":true,"jetpack_social_post_already_shared":true,"jetpack_social_options":{"image_generator_settings":{"template":"highway","default_image_id":0,"font":"","enabled":false},"version":2}},"categories":[4],"tags":[160,31,1093,2541],"class_list":["post-15562","post","type-post","status-publish","format-standard","has-post-thumbnail","hentry","category-nacional","tag-maestros","tag-mexico","tag-sep","tag-snte"],"jetpack_publicize_connections":[],"jetpack_featured_media_url":"https:\/\/noticiasveracruz.com\/wp-content\/uploads\/2023\/05\/MAESTROS.png","jetpack_sharing_enabled":true,"publishpress_future_action":{"enabled":false,"date":"2026-05-05 17:07:11","action":"change-status","newStatus":"draft","terms":[],"taxonomy":"category","extraData":[]},"publishpress_future_workflow_manual_trigger":{"enabledWorkflows":[]},"_links":{"self":[{"href":"https:\/\/noticiasveracruz.com\/index.php\/wp-json\/wp\/v2\/posts\/15562","targetHints":{"allow":["GET"]}}],"collection":[{"href":"https:\/\/noticiasveracruz.com\/index.php\/wp-json\/wp\/v2\/posts"}],"about":[{"href":"https:\/\/noticiasveracruz.com\/index.php\/wp-json\/wp\/v2\/types\/post"}],"author":[{"embeddable":true,"href":"https:\/\/noticiasveracruz.com\/index.php\/wp-json\/wp\/v2\/users\/4"}],"replies":[{"embeddable":true,"href":"https:\/\/noticiasveracruz.com\/index.php\/wp-json\/wp\/v2\/comments?post=15562"}],"version-history":[{"count":0,"href":"https:\/\/noticiasveracruz.com\/index.php\/wp-json\/wp\/v2\/posts\/15562\/revisions"}],"wp:featuredmedia":[{"embeddable":true,"href":"https:\/\/noticiasveracruz.com\/index.php\/wp-json\/wp\/v2\/media\/15568"}],"wp:attachment":[{"href":"https:\/\/noticiasveracruz.com\/index.php\/wp-json\/wp\/v2\/media?parent=15562"}],"wp:term":[{"taxonomy":"category","embeddable":true,"href":"https:\/\/noticiasveracruz.com\/index.php\/wp-json\/wp\/v2\/categories?post=15562"},{"taxonomy":"post_tag","embeddable":true,"href":"https:\/\/noticiasveracruz.com\/index.php\/wp-json\/wp\/v2\/tags?post=15562"}],"curies":[{"name":"wp","href":"https:\/\/api.w.org\/{rel}","templated":true}]}}