{"id":15560,"date":"2023-05-16T04:30:57","date_gmt":"2023-05-16T09:30:57","guid":{"rendered":"https:\/\/noticiasveracruz.com\/?p=15560"},"modified":"2023-05-17T07:59:38","modified_gmt":"2023-05-17T12:59:38","slug":"atentado-en-veracruz-contra-la-prensa-extranjera","status":"publish","type":"post","link":"https:\/\/noticiasveracruz.com\/index.php\/2023\/05\/16\/atentado-en-veracruz-contra-la-prensa-extranjera\/","title":{"rendered":"Atentado en Veracruz contra la prensa extranjera"},"content":{"rendered":"<p>&nbsp;<\/p>\n<p class=\"p1\"><span style=\"font-size: 18pt;\"><b>Por \u00c1ngel \u00c1lvaro Pe\u00f1a<\/b><\/span><\/p>\n<p class=\"p1\"><span style=\"font-size: 14pt;\">El Presidente de la Rep\u00fablica ha tenido consideraciones especiales y apoyo permanente con dos funcionarios p\u00fablicos de Veracruz; el primero, el gobernador, a quien L\u00f3pez Obrador levanta la mano cada vez que lo tiene enfrente; el otro nacido en Nuevo Le\u00f3n, pero avecindado en Poza Roca, Fernando Remes, quien no desaprovecha micr\u00f3fono para decir que es su amigo.<\/span><\/p>\n<p class=\"p1\"><span style=\"font-size: 14pt;\">Ambos usan al Presidente para vivir como reyes pero a la hora de corresponder a esa amistad lo hacen quedar mal no s\u00f3lo dentro del pa\u00eds sino en el extranjero.<\/span><\/p>\n<p class=\"p1\"><span style=\"font-size: 18pt;\"><strong>Los hechos ocurridos el domingo 14 de mayo en Poza Rica, Veracruz; al retener e incomunicar sin motivo, por m\u00e1s de cuatro horas, al equipo de la cadena televisiva Univisi\u00f3n Communications, encabezado por\u00a0Andrea Sambuccetti, quien responsabiliz\u00f3\u00a0a elementos de\u00a0Tr\u00e1nsito y Seguridad Vial, de la Secretar\u00eda de Seguridad P\u00fablica,\u00a0de esta injustificada acci\u00f3n.<\/strong><\/span><\/p>\n<p class=\"p1\"><span style=\"font-size: 18pt; color: #e42d33;\"><strong>Esto es una explicaci\u00f3n del n\u00famero de comunicadores muertos en la entidad, porque ni siquiera los violentos polic\u00edas municipales saben respetar el trabajo informativo. Tanto al gobernador como al presidente municipal se les olvida que hay protocolos que facilitan la labor period\u00edstica que debe no s\u00f3lo ser constante su capacitaci\u00f3n sino brindar protecci\u00f3n ante el peligro que existe en la entidad contra los periodistas.<\/strong><\/span><\/p>\n<p class=\"p1\"><span style=\"font-size: 14pt;\">En este sexenio han muerto en Veracruz siete periodistas, y han sido amenazados un n\u00famero indeterminado de comunicadores.<\/span><\/p>\n<p class=\"p1\"><span style=\"font-size: 14pt;\">Durante el periodo de Cuitl\u00e1huac Garc\u00eda Jim\u00e9nez han muerto Jorge Celestino Ruiz,\u00a0de\u00a0El Gr\u00e1fico de Xalapa; Mar\u00eda Elena Ferral,\u00a0del\u00a0Diario de Xalapa y Quinto Poder; Julio Valdivia\u00a0de\u00a0El Mundo de C\u00f3rdoba, Jacinto Romero Flores, de\u00a0OriStereo, entre\u00a02019 y 2020.<\/span><\/p>\n<p class=\"p1\"><span style=\"font-size: 14pt;\">Tambi\u00e9n Jos\u00e9 Luis arenas Gamboa, de\u00a0Inforegio Network; Yesenia Mollinedo y Sheila Johana Garc\u00eda de\u00a0El Veraz, en 2022.<\/span><\/p>\n<p class=\"p1\"><span style=\"font-size: 14pt;\">La segunda entidad que m\u00e1s homicidios a comunicadores ha registrado, seg\u00fan\u00a0Art\u00edculo 19,\u00a0es\u00a0Sonora con 5 casos.\u00a0De ah\u00ed le sigue\u00a0Oaxaca\u00a0con 3; y\u00a0Guerrero, Coahuila, Michoac\u00e1n, Baja California y Zacatecas\u00a0con dos cada uno.<\/span><\/p>\n<p>&nbsp;<\/p>\n<p class=\"p1\"><span style=\"font-size: 18pt; color: #e42d33;\"><b>REMES EN MUCHOS PROBLEMAS<\/b><\/span><\/p>\n<p class=\"p1\"><span style=\"font-size: 18pt;\"><strong>Por su parte, en Poza Rica hay problemas graves que el presidente municipal no quiere reconocer, como la desaparici\u00f3n de personas, y la violencia contra la prensa que por descuido, negligencia o ignorancia es retenida ilegalmente sin que haya autoridad alguna en la localidad que le puedan orientar a los polic\u00edas sobre los derechos de los comunicadores.<\/strong><\/span><\/p>\n<p class=\"p1\"><span style=\"font-size: 18pt; color: #e42d33;\"><strong>Los periodistas fueron liberados gracias a la presi\u00f3n de las madres buscadoras que guiar\u00edan a los reporteros de Univisi\u00f3n a los lugares de b\u00fasqueda, para que en su tarea diaria los acompa\u00f1ar\u00eda la reportera y su equipo.<\/strong><\/span><\/p>\n<p class=\"p1\"><span style=\"font-size: 14pt;\">Es decir, que Poza Rica es una tierra sin ley, mientras el Presidente de la Rep\u00fablica tiene especial contacto con los comunicadores, Remes y Cuitl\u00e1huac, no s\u00f3lo los reh\u00fayen sino que les huyen, evitan su contacto a como d\u00e9 lugar y desprecian su labor. Ha dejado a m\u00e1s de una periodista con la mano extendida al tratar de saludarlo.<\/span><\/p>\n<p class=\"p1\"><span style=\"font-size: 18pt;\"><strong>Andrea Sambuccetti, comenta que\u00a0pasaron\u00a0\u201cmomentos horribles y de mucha tensi\u00f3n\u201d, al ser\u00a0interceptados por agentes de Tr\u00e1nsito y Seguridad Vial que los\u00a0acusaron de haber cometido una infracci\u00f3n que no cometieron, los amenazaron con llamar a Migraci\u00f3n, a pesar de tener una identificaci\u00f3n y permisos para llevar a cabo el reportaje.<\/strong><\/span><\/p>\n<p>&nbsp;<\/p>\n<p><img loading=\"lazy\" decoding=\"async\" class=\"aligncenter wp-image-19825 size-large\" src=\"https:\/\/politicosaldesnudo.com.mx\/wp-content\/uploads\/2023\/05\/P-SAMBUCCETTI-REMES-1024x573.png\" alt=\"\" width=\"800\" height=\"448\" \/><\/p>\n<p>&nbsp;<\/p>\n<p class=\"p1\"><span style=\"font-size: 18pt;\"><strong>A su camar\u00f3grafo\u00a0Fernando S\u00e1nchez\u00a0un oficial le quit\u00f3, ilegalmente, sus documentos y llev\u00f3 a todos a la delegaci\u00f3n de Tr\u00e1nsito y Seguridad Vial en Poza Rica\u00a0\u201cpara realizar un tr\u00e1mite imposible\u201d.<\/strong><\/span><\/p>\n<p class=\"p1\"><span style=\"color: #e42d33; font-size: 18pt;\"><strong>\u201cFue una retenci\u00f3n que dur\u00f3 m\u00e1s de 4 horas y gracias a las mam\u00e1s buscadoras, que era la historia que \u00edbamos a hacer, de las mam\u00e1s de hijos desaparecidos en M\u00e9xico en manos de los grupos criminales&#8230; ellas contactaron a Derechos Humanos y gracias a eso le hicieron la devoluci\u00f3n de la documentaci\u00f3n a mi equipo y pudimos ir a grabar en estas tierras calientes\u2026\u201d, dijo la periodista.<\/strong><\/span><\/p>\n<p class=\"p1\"><span style=\"font-size: 14pt;\">De no ser por la presi\u00f3n que ejercieron las madres buscadoras para que fueran liberados los periodistas hubieran estado retenidos m\u00e1s tiempo, tal vez d\u00edas sin que el presidente municipal se enterara de nada porque est\u00e1 muy ocupado impulsando negocios personales y acosando mujeres.<\/span><\/p>\n<p class=\"p1\"><span style=\"font-size: 18pt; color: #e42d33;\"><strong>La reportera estadounidense\u00a0manifest\u00f3 que lograron desarrollar su labor period\u00edstica, a pesar de que aparentemente\u00a0\u201clas autoridades no quieren que el mundo conozca lo que pasa\u201d.<\/strong><\/span><\/p>\n<p class=\"p1\"><span style=\"font-size: 14pt;\">El equipo de Univision acudi\u00f3 al norte de Veracruz para entrevistar a mam\u00e1s de personas desaparecidas\u00a0que no solamente encontraron un predio con pozas clandestinas, sino adem\u00e1s indicios de una\u00a0sala de tortura y un horno crematorio dentro del municipio de Poza Rica. Dichos hechos fueron denunciados a la SSP, y no le dieron respuesta sobre este caso.<\/span><\/p>\n<p class=\"p1\"><span style=\"font-size: 18pt;\"><strong>Es conocido el desprecio que Fernando Remes siente por las mujeres, incluso por aquellas que han sufrido la pena de perder un familiar y que no saben si est\u00e1 vivo o muerto y en dado caso de un fatal desenlace ignoran d\u00f3nde est\u00e1n sus restos.<\/strong><\/span><\/p>\n<p class=\"p1\"><span style=\"font-size: 14pt;\">Fue gracias a esas mujeres que los polic\u00edas liberaron a los reporteros y evitaron que el problema se convirtiera en un conflicto internacional. A pesar de todo, Remes debe agradecer a las mujeres a las que les ha cerrado la puerta en las narices no ser exhibido internacionalmente como un enemigo de la libertad de expresi\u00f3n y un represor. Porque si hubieran quedado m\u00e1s tiempo los reporteros estadounidenses el problema estar\u00eda entre los dos gobiernos, el de Estados Unidos y el de M\u00e9xico y menudo problema le iba a acarrear a su \u201camigo\u201d que siempre lo ha apoyado y perdonado. Ahora, el Presidente de la Rep\u00fablica est\u00e1 m\u00e1s solo que nunca y sus dizque amigos no s\u00f3lo le estorban sino que lo meten en graves problemas.<\/span><\/p>\n<p>&nbsp;<\/p>\n<p class=\"p3\"><span style=\"font-size: 18pt; color: #e42d33;\"><b>PEGA Y CORRE<\/b><\/span><\/p>\n<p class=\"p3\"><span style=\"font-size: 14pt;\">\u00a1Ay Pi\u00f1a! pero qu\u00e9 necesidad ten\u00eda de otorgarse a s\u00ed misma un reconocimiento internacional que ella misma es la encargada de entregar. Resulta que la Asociaci\u00f3n Internacional de Mujeres Juezas est\u00e1 dividida por regiones, y casualmente Norma Pi\u00f1a es la encargada de Am\u00e9rica Latina, secci\u00f3n responsable de entregar ese reconocimiento en esta parte del continente, a quien Norma Pi\u00f1a considerara digna de ese premio, y qui\u00e9n mejor que ella misma para darlo y recibirlo. Eso se llama desesperaci\u00f3n.<\/span><\/p>\n<p>&nbsp;<\/p>\n<p><em><span style=\"font-size: 18pt;\"><strong>Esta columna se publica los lunes, mi\u00e9rcoles y viernes<\/strong><\/span><\/em><\/p>\n<p>&nbsp;<\/p>\n<hr \/>\n<p>&nbsp;<\/p>\n<p><img loading=\"lazy\" decoding=\"async\" class=\"aligncenter wp-image-11449\" src=\"http:\/\/noticiasveracruz.com\/wp-content\/uploads\/2023\/01\/FIRMA-EDITORIAL-NV-1024x125.png\" alt=\"\" width=\"1000\" height=\"122\" srcset=\"https:\/\/noticiasveracruz.com\/wp-content\/uploads\/2023\/01\/FIRMA-EDITORIAL-NV-1024x125.png 1024w, https:\/\/noticiasveracruz.com\/wp-content\/uploads\/2023\/01\/FIRMA-EDITORIAL-NV-300x37.png 300w, https:\/\/noticiasveracruz.com\/wp-content\/uploads\/2023\/01\/FIRMA-EDITORIAL-NV-768x94.png 768w, https:\/\/noticiasveracruz.com\/wp-content\/uploads\/2023\/01\/FIRMA-EDITORIAL-NV-1536x188.png 1536w, https:\/\/noticiasveracruz.com\/wp-content\/uploads\/2023\/01\/FIRMA-EDITORIAL-NV-2048x250.png 2048w\" sizes=\"auto, (max-width: 1000px) 100vw, 1000px\" \/><\/p>\n<p>&nbsp;<\/p>\n<p>&nbsp;<\/p>\n","protected":false},"excerpt":{"rendered":"<p>&nbsp; Por \u00c1ngel \u00c1lvaro Pe\u00f1a El Presidente de la Rep\u00fablica ha tenido consideraciones especiales y apoyo permanente con dos funcionarios<\/p>\n","protected":false},"author":4,"featured_media":3187,"comment_status":"closed","ping_status":"closed","sticky":false,"template":"","format":"standard","meta":{"colormag_page_container_layout":"default_layout","colormag_page_sidebar_layout":"default_layout","_jetpack_memberships_contains_paid_content":false,"footnotes":"","jetpack_publicize_message":"","jetpack_publicize_feature_enabled":true,"jetpack_social_post_already_shared":true,"jetpack_social_options":{"image_generator_settings":{"template":"highway","default_image_id":0,"font":"","enabled":false},"version":2}},"categories":[6],"tags":[2539,273,217,433,2540,73],"class_list":["post-15560","post","type-post","status-publish","format-standard","has-post-thumbnail","hentry","category-columnistas","tag-andrea-sambuccetti","tag-fernando-remes","tag-periodistas","tag-poza-rica","tag-univision","tag-veracruz"],"jetpack_publicize_connections":[],"jetpack_featured_media_url":"https:\/\/noticiasveracruz.com\/wp-content\/uploads\/2022\/04\/A\u0301NGEL-A\u0301LVARO-PEN\u0303A.png","jetpack_sharing_enabled":true,"publishpress_future_action":{"enabled":false,"date":"2026-05-05 14:56:49","action":"change-status","newStatus":"draft","terms":[],"taxonomy":"category","extraData":[]},"publishpress_future_workflow_manual_trigger":{"enabledWorkflows":[]},"_links":{"self":[{"href":"https:\/\/noticiasveracruz.com\/index.php\/wp-json\/wp\/v2\/posts\/15560","targetHints":{"allow":["GET"]}}],"collection":[{"href":"https:\/\/noticiasveracruz.com\/index.php\/wp-json\/wp\/v2\/posts"}],"about":[{"href":"https:\/\/noticiasveracruz.com\/index.php\/wp-json\/wp\/v2\/types\/post"}],"author":[{"embeddable":true,"href":"https:\/\/noticiasveracruz.com\/index.php\/wp-json\/wp\/v2\/users\/4"}],"replies":[{"embeddable":true,"href":"https:\/\/noticiasveracruz.com\/index.php\/wp-json\/wp\/v2\/comments?post=15560"}],"version-history":[{"count":0,"href":"https:\/\/noticiasveracruz.com\/index.php\/wp-json\/wp\/v2\/posts\/15560\/revisions"}],"wp:featuredmedia":[{"embeddable":true,"href":"https:\/\/noticiasveracruz.com\/index.php\/wp-json\/wp\/v2\/media\/3187"}],"wp:attachment":[{"href":"https:\/\/noticiasveracruz.com\/index.php\/wp-json\/wp\/v2\/media?parent=15560"}],"wp:term":[{"taxonomy":"category","embeddable":true,"href":"https:\/\/noticiasveracruz.com\/index.php\/wp-json\/wp\/v2\/categories?post=15560"},{"taxonomy":"post_tag","embeddable":true,"href":"https:\/\/noticiasveracruz.com\/index.php\/wp-json\/wp\/v2\/tags?post=15560"}],"curies":[{"name":"wp","href":"https:\/\/api.w.org\/{rel}","templated":true}]}}