{"id":15553,"date":"2023-05-15T21:29:26","date_gmt":"2023-05-16T02:29:26","guid":{"rendered":"https:\/\/noticiasveracruz.com\/?p=15553"},"modified":"2023-05-15T21:29:26","modified_gmt":"2023-05-16T02:29:26","slug":"presidente-maestros-recibiran-aumento-salarial-de-8-2-por-ciento","status":"publish","type":"post","link":"https:\/\/noticiasveracruz.com\/index.php\/2023\/05\/15\/presidente-maestros-recibiran-aumento-salarial-de-8-2-por-ciento\/","title":{"rendered":"Presidente: maestros recibir\u00e1n aumento salarial de 8.2 por ciento"},"content":{"rendered":"<p>&nbsp;<\/p>\n<p class=\"p1\"><span style=\"font-size: 14pt;\"><em><strong>CIUDAD DE M\u00c9XICO.<\/strong> <\/em>El presidente <strong>Andr\u00e9s Manuel L\u00f3pez Obrador<\/strong> anunci\u00f3 que\u00a0todas las maestras, maestros y trabajadores del <strong>sector educativo tendr\u00e1n un aumento salarial del 8.2 por ciento.<\/strong><\/span><\/p>\n<p class=\"p1\"><span style=\"font-size: 18pt; color: #e42d33;\"><strong>Al conmemorar el D\u00eda de la Maestra y el Maestro en la conferencia de prensa matutina indic\u00f3 que\u00a0ning\u00fan educador ganar\u00e1 menos de 16 mil pesos mensuales, cifra promedio de los trabajadores inscritos ante el Instituto Mexicano del Seguro Social.<\/strong><\/span><\/p>\n<p class=\"p1\"><span style=\"font-size: 14pt;\">El incremento aplicar\u00e1 de manera retroactiva desde enero de este a\u00f1o.\u00a0Esta acci\u00f3n en beneficio del magisterio significar\u00e1 destinar 42 mil millones de pesos adicionales al presupuesto que ya se canaliza a fortalecer la educaci\u00f3n p\u00fablica y mejorar las condiciones de la plantilla laboral.<\/span><\/p>\n<p class=\"p1\"><span style=\"font-size: 18pt;\"><strong>A la fecha\u00a0m\u00e1s de 800 mil trabajadores de la educaci\u00f3n han sido basificados\u00a0y dicho proceso de certeza laboral ser\u00e1 permanente, resalt\u00f3.<\/strong><\/span><\/p>\n<p class=\"p1\"><span style=\"font-size: 14pt;\">El mandatario Andr\u00e9s Manuel L\u00f3pez Obrador refrend\u00f3 el compromiso de atender demandas de este sector, como el mejoramiento de los servicios m\u00e9dicos del Issste y la revisi\u00f3n del monto de las pensiones a fin de corregir rezagos del periodo neoliberal.<\/span><\/p>\n<p class=\"p1\"><span style=\"font-size: 18pt;\"><strong>Andr\u00e9s Manuel L\u00f3pez Obrador Record\u00f3 que el sector educativo es una de las prioridades del Gobierno de M\u00e9xico, prueba de ello es que no se han registrado paros del magisterio desde el inicio de esta administraci\u00f3n.<\/strong><\/span><\/p>\n<p>&nbsp;<\/p>\n<blockquote>\n<p class=\"p1\"><span style=\"font-size: 14pt;\">No se han cerrado las escuelas, no se ha dejado a ning\u00fan ni\u00f1o sin clases, eso se los agradecemos de todo coraz\u00f3n, porque reafirma lo que siempre dijimos: las maestras y maestros merecen respeto porque son responsables y act\u00faan siempre en beneficio de los estudiantes, de las ni\u00f1as, de los ni\u00f1os y de la educaci\u00f3n\u201d<\/span><\/p>\n<\/blockquote>\n<p>&nbsp;<\/p>\n<p class=\"p1\"><span style=\"font-size: 18pt;\"><strong>Tambi\u00e9n\u00a0destac\u00f3 la hist\u00f3rica entrega de becas a 12 millones 200 mil estudiantes de familias pobres, desde nivel preescolar hasta posgrado;\u00a0la implementaci\u00f3n del programa<em> La Escuela es Nuestra<\/em> en 113 mil 243 planteles p\u00fablicos\u00a0y la elaboraci\u00f3n de\u00a0nuevos contenidos con visi\u00f3n cient\u00edfica y humanista de 115 millones 343 mil ejemplares de libros de texto gratuitos\u00a0para preescolar, primaria y secundaria.<\/strong><\/span><\/p>\n<p class=\"p1\"><span style=\"font-size: 14pt;\">Andr\u00e9s Manuel L\u00f3pez Obrador indic\u00f3 que la educaci\u00f3n constituye el camino hacia la formaci\u00f3n y superaci\u00f3n, en el que las y los maestros tienen un papel fundamental.<\/span><\/p>\n<p>&nbsp;<\/p>\n<blockquote>\n<p class=\"p1\"><span style=\"font-size: 14pt;\">En suma, el pa\u00eds avanza gracias a ustedes, el pa\u00eds avanza gracias al apoyo consciente del magisterio nacional. Nos est\u00e1n ayudando mucho, en este proceso de cambio, de transformaci\u00f3n en beneficio de nuestro pueblo. (\u2026) Yo estoy aqu\u00ed por ellos, por mis maestras y mis maestros\u201d<\/span><\/p>\n<\/blockquote>\n<p>&nbsp;<\/p>\n<p>&nbsp;<\/p>\n","protected":false},"excerpt":{"rendered":"<p>&nbsp; CIUDAD DE M\u00c9XICO. El presidente Andr\u00e9s Manuel L\u00f3pez Obrador anunci\u00f3 que\u00a0todas las maestras, maestros y trabajadores del sector educativo<\/p>\n","protected":false},"author":4,"featured_media":15554,"comment_status":"closed","ping_status":"closed","sticky":false,"template":"","format":"standard","meta":{"colormag_page_container_layout":"default_layout","colormag_page_sidebar_layout":"default_layout","_jetpack_memberships_contains_paid_content":false,"footnotes":"","jetpack_publicize_message":"","jetpack_publicize_feature_enabled":true,"jetpack_social_post_already_shared":true,"jetpack_social_options":{"image_generator_settings":{"template":"highway","default_image_id":0,"font":"","enabled":false},"version":2}},"categories":[4],"tags":[65,2536,1678,160],"class_list":["post-15553","post","type-post","status-publish","format-standard","has-post-thumbnail","hentry","category-nacional","tag-andres-manuel-lopez-obrador","tag-aumento-salarial","tag-educacion","tag-maestros"],"jetpack_publicize_connections":[],"jetpack_featured_media_url":"https:\/\/noticiasveracruz.com\/wp-content\/uploads\/2023\/05\/P-MAESTROS-AMLO.png","jetpack_sharing_enabled":true,"publishpress_future_action":{"enabled":false,"date":"2026-05-05 17:42:24","action":"change-status","newStatus":"draft","terms":[],"taxonomy":"category","extraData":[]},"publishpress_future_workflow_manual_trigger":{"enabledWorkflows":[]},"_links":{"self":[{"href":"https:\/\/noticiasveracruz.com\/index.php\/wp-json\/wp\/v2\/posts\/15553","targetHints":{"allow":["GET"]}}],"collection":[{"href":"https:\/\/noticiasveracruz.com\/index.php\/wp-json\/wp\/v2\/posts"}],"about":[{"href":"https:\/\/noticiasveracruz.com\/index.php\/wp-json\/wp\/v2\/types\/post"}],"author":[{"embeddable":true,"href":"https:\/\/noticiasveracruz.com\/index.php\/wp-json\/wp\/v2\/users\/4"}],"replies":[{"embeddable":true,"href":"https:\/\/noticiasveracruz.com\/index.php\/wp-json\/wp\/v2\/comments?post=15553"}],"version-history":[{"count":0,"href":"https:\/\/noticiasveracruz.com\/index.php\/wp-json\/wp\/v2\/posts\/15553\/revisions"}],"wp:featuredmedia":[{"embeddable":true,"href":"https:\/\/noticiasveracruz.com\/index.php\/wp-json\/wp\/v2\/media\/15554"}],"wp:attachment":[{"href":"https:\/\/noticiasveracruz.com\/index.php\/wp-json\/wp\/v2\/media?parent=15553"}],"wp:term":[{"taxonomy":"category","embeddable":true,"href":"https:\/\/noticiasveracruz.com\/index.php\/wp-json\/wp\/v2\/categories?post=15553"},{"taxonomy":"post_tag","embeddable":true,"href":"https:\/\/noticiasveracruz.com\/index.php\/wp-json\/wp\/v2\/tags?post=15553"}],"curies":[{"name":"wp","href":"https:\/\/api.w.org\/{rel}","templated":true}]}}