{"id":15186,"date":"2023-05-03T07:52:33","date_gmt":"2023-05-03T12:52:33","guid":{"rendered":"https:\/\/noticiasveracruz.com\/?p=15186"},"modified":"2023-05-04T16:36:44","modified_gmt":"2023-05-04T21:36:44","slug":"la-luz-del-mundo-ilumina-a-morena","status":"publish","type":"post","link":"https:\/\/noticiasveracruz.com\/index.php\/2023\/05\/03\/la-luz-del-mundo-ilumina-a-morena\/","title":{"rendered":"La Luz del Mundo ilumina a Morena"},"content":{"rendered":"<p>&nbsp;<\/p>\n<p class=\"p1\"><span style=\"font-size: 18pt;\"><strong>Por \u00c1ngel \u00c1lvaro Pe\u00f1a<\/strong><\/span><\/p>\n<p class=\"p1\"><span style=\"font-size: 14pt;\">Morena cada d\u00eda se aleja m\u00e1s de la izquierda como preparando el camino a que llegue a su candidatura alguien no muy apegado a los principios de la 4T, y muestra de ello es la incorporaci\u00f3n de \u2018Humanismo Mexicano\u2019 , integrada por miembros de la La Luz del Mundo, e impulsada por morenistas, encabezados por el guanajuatense, Emmanuel Reyes, consejero nacional de ese partido.<\/span><\/p>\n<p class=\"p1\"><span style=\"font-size: 18pt;\"><strong>El INE acaba de aceptar a este grupo como agrupaci\u00f3n pol\u00edtica, lo cual significa que el INE tambi\u00e9n abre ahora sus puertas a comunidades religiosas a las que despu\u00e9s no podr\u00e1 rechazar y se van a colar por ah\u00ed muchas agrupaciones realmente peligrosas no s\u00f3lo para Morena sino para cualquier proyecto progresista, pero sobre todo para el INE.<\/strong><\/span><\/p>\n<p class=\"p1\"><span style=\"font-size: 14pt;\">Qu\u00e9 necesidad tiene Morena de anunciar con bombo y platillos la llegada de esta asociaci\u00f3n pol\u00edtica, como aliada, si no requiere de apoyo para ganar elecciones en este momento, a menos que este grupo de delincuentes que encabezan La Luz del mundo, les haya pagado en d\u00f3lares ese apoyo y su propaganda.<\/span><\/p>\n<p class=\"p1\"><span style=\"font-size: 18pt; color: #e42d33;\"><strong>La Luz del Mundo, con influencia en Jalisco, est\u00e1 a punto de cumplir un siglo de vida, fue fundada el 6 de abril de 1926, por Aar\u00f3n Joaqu\u00edn Gonz\u00e1lez. Tiene presencia en 51 pa\u00edses y cuenta aproximadamente con 15 mil templos en esos territorios. Tan s\u00f3lo en Estados Unidos, su pa\u00eds de origen, cuenta con m\u00e1s de un mill\u00f3n de files fanatizados por el culto a la personalidad y la ignorancia.<\/strong><\/span><\/p>\n<p class=\"p1\"><span style=\"font-size: 18pt;\"><strong>As\u00ed, el INE dio concedi\u00f3 registro a \u2018Humanismo Mexicano\u2019 como agrupaci\u00f3n pol\u00edtica que fue creada por miembros de la comunidad religiosa cuyo l\u00edder Naas\u00f3n Joaqu\u00edn Garc\u00eda, nieto del fundador de la asociaci\u00f3n religiosa, quien enfrenta una condena de 16 a\u00f1os de c\u00e1rcel en Estados Unidos por abuso sexual de menores.<\/strong><\/span><\/p>\n<p>&nbsp;<\/p>\n<p><img loading=\"lazy\" decoding=\"async\" class=\"aligncenter wp-image-19222 size-large\" src=\"https:\/\/politicosaldesnudo.com.mx\/wp-content\/uploads\/2023\/05\/P-HUMANISMO-MEXICANO-1024x573.png\" alt=\"\" width=\"800\" height=\"448\" \/><\/p>\n<p>&nbsp;<\/p>\n<p class=\"p1\"><span style=\"font-size: 14pt;\">Pero como se trata de sumar sin saber a qui\u00e9n, se meten por la puerta de atr\u00e1s personajes de los que luego se arrepienten aceptar, ejemplos hay muchos, sobre todo en el Senado.<\/span><\/p>\n<p class=\"p1\"><span style=\"font-size: 14pt;\">En pol\u00edtica debe sumare lo cualitativo sobre lo cuantitativo, y no al rev\u00e9s. Pero ante la tentaci\u00f3n de aparecer en los medios las cosas no se hacen en ese partido como debieran y ese es uno de sus peores defectos. Se dejan presionar hasta por los medios que han declarado su enemistad.<\/span><\/p>\n<p class=\"p1\"><span style=\"font-size: 18pt;\"><strong>Seg\u00fan\u00a0Emmanuel Reyes, se trata de una agrupaci\u00f3n progresista, fundada en los principios de libertad e igualdad, que velar\u00e1 por el acceso de las y los mexicanos a los derechos humanos, lo cual es una contradicci\u00f3n en s\u00ed misma, porque en la Ciudad de M\u00e9xico como en m\u00e1s de la mitad del pa\u00eds, se considera un derecho humano que las mujeres manden sobre su cuerpo, no hay religi\u00f3n que permita que sus integrantes aborten y trata de impedir que otras personas, de otras creencias, lo hagan.<\/strong><\/span><\/p>\n<p class=\"p1\"><span style=\"font-size: 14pt;\">El Art\u00edculo 14 de la Ley de Asociaciones Religiosas y Culto P\u00fablico se\u00f1ala: \u201cLos ciudadanos mexicanos que ejerzan el ministerio de cualquier culto, tienen derecho al voto en los t\u00e9rminos de la legislaci\u00f3n electoral aplicable. No podr\u00e1n ser votados para puestos de elecci\u00f3n popular, ni podr\u00e1n desempe\u00f1ar cargos p\u00fablicos superiores, a menos que se separen formal, material y definitivamente de su ministerio cuando menos cinco a\u00f1os en el primero de los casos, y tres en el segundo, antes del d\u00eda de la elecci\u00f3n de que se trate o de la aceptaci\u00f3n del cargo respectivo. Por lo que toca a los dem\u00e1s cargos, bastar\u00e1n seis meses\u201d.<\/span><\/p>\n<p class=\"p1\"><span style=\"font-size: 14pt;\">Esto es s\u00f3lo un ejemplo del choque que implica incorporar asociaciones religiosas a un proyecto de gobierno, cualquiera que sea su tenencia ideol\u00f3gica. Pareciera que La Luz del Mundo compr\u00f3 su espacio para incorporarse a Morena con \u2018Humanismo Mexicano\u2019 y luego tener espacios importantes dentro de los gobiernos. Lo cual hacen y siguen haciendo varias religiones. Como resultado los morenistas son desplazados de los lugares que por derecho les corresponden y el partido se aleja de sus principios para acercarse al conservadurismo que tanto da\u00f1o les hace y atacan con tanta fiereza.<\/span><\/p>\n<p class=\"p1\"><span style=\"font-size: 18pt;\"><strong>Debe entenderse que cada asociaci\u00f3n pol\u00edtica es considerada como un partido pol\u00edtico en embri\u00f3n, con derecho a subsidio del gobierno, lo cual implica una ventaja a sus miembros, sobre todo a sus c\u00fapulas. Aunque no alcancen los requisitos para convertirse en partido pol\u00edtico, ya desde que son aceptados como asociaci\u00f3n pol\u00edtica, representa un negocio.<\/strong><\/span><\/p>\n<p class=\"p1\"><span style=\"font-size: 14pt;\">Morena cava su propia tumba como partido luego de los graves errores de su liderazgo nacional en Coahuila, donde por los intereses personales de Mario Delgado, puede perder la gubernatura.<\/span><\/p>\n<p>&nbsp;<\/p>\n<p class=\"p1\"><span style=\"font-size: 18pt; color: #e42d33;\"><strong>PEGA Y CORRE<\/strong><\/span><\/p>\n<p class=\"p1\"><span style=\"font-size: 14pt;\">Finalmente fue vinculado a proceso el comisionado del Instituto Nacional de Migraci\u00f3n, Francisco gardu\u00f1o. Su sentencia radica en ir a firmar cada 15 d\u00edas al reclusorio, porque sigue en su cargo tan campante.<\/span><\/p>\n<p>&nbsp;<\/p>\n<p><em><span style=\"font-size: 18pt;\"><strong>Esta columna se publica los lunes, mi\u00e9rcoles y viernes<\/strong><\/span><\/em><\/p>\n<p>&nbsp;<\/p>\n<hr \/>\n<p>&nbsp;<\/p>\n<p><img loading=\"lazy\" decoding=\"async\" class=\"aligncenter wp-image-11449\" src=\"http:\/\/noticiasveracruz.com\/wp-content\/uploads\/2023\/01\/FIRMA-EDITORIAL-NV-300x37.png\" alt=\"\" width=\"1000\" height=\"122\" srcset=\"https:\/\/noticiasveracruz.com\/wp-content\/uploads\/2023\/01\/FIRMA-EDITORIAL-NV-300x37.png 300w, https:\/\/noticiasveracruz.com\/wp-content\/uploads\/2023\/01\/FIRMA-EDITORIAL-NV-1024x125.png 1024w, https:\/\/noticiasveracruz.com\/wp-content\/uploads\/2023\/01\/FIRMA-EDITORIAL-NV-768x94.png 768w, https:\/\/noticiasveracruz.com\/wp-content\/uploads\/2023\/01\/FIRMA-EDITORIAL-NV-1536x188.png 1536w, https:\/\/noticiasveracruz.com\/wp-content\/uploads\/2023\/01\/FIRMA-EDITORIAL-NV-2048x250.png 2048w\" sizes=\"auto, (max-width: 1000px) 100vw, 1000px\" \/><\/p>\n","protected":false},"excerpt":{"rendered":"<p>&nbsp; Por \u00c1ngel \u00c1lvaro Pe\u00f1a Morena cada d\u00eda se aleja m\u00e1s de la izquierda como preparando el camino a que<\/p>\n","protected":false},"author":4,"featured_media":3187,"comment_status":"closed","ping_status":"closed","sticky":false,"template":"","format":"standard","meta":{"colormag_page_container_layout":"default_layout","colormag_page_sidebar_layout":"default_layout","_jetpack_memberships_contains_paid_content":false,"footnotes":"","jetpack_publicize_message":"","jetpack_publicize_feature_enabled":true,"jetpack_social_post_already_shared":true,"jetpack_social_options":{"image_generator_settings":{"template":"highway","default_image_id":0,"font":"","enabled":false},"version":2}},"categories":[6],"tags":[],"class_list":["post-15186","post","type-post","status-publish","format-standard","has-post-thumbnail","hentry","category-columnistas"],"jetpack_publicize_connections":[],"jetpack_featured_media_url":"https:\/\/noticiasveracruz.com\/wp-content\/uploads\/2022\/04\/A\u0301NGEL-A\u0301LVARO-PEN\u0303A.png","jetpack_sharing_enabled":true,"publishpress_future_action":{"enabled":false,"date":"2026-05-08 12:54:24","action":"change-status","newStatus":"draft","terms":[],"taxonomy":"category","extraData":[]},"publishpress_future_workflow_manual_trigger":{"enabledWorkflows":[]},"_links":{"self":[{"href":"https:\/\/noticiasveracruz.com\/index.php\/wp-json\/wp\/v2\/posts\/15186","targetHints":{"allow":["GET"]}}],"collection":[{"href":"https:\/\/noticiasveracruz.com\/index.php\/wp-json\/wp\/v2\/posts"}],"about":[{"href":"https:\/\/noticiasveracruz.com\/index.php\/wp-json\/wp\/v2\/types\/post"}],"author":[{"embeddable":true,"href":"https:\/\/noticiasveracruz.com\/index.php\/wp-json\/wp\/v2\/users\/4"}],"replies":[{"embeddable":true,"href":"https:\/\/noticiasveracruz.com\/index.php\/wp-json\/wp\/v2\/comments?post=15186"}],"version-history":[{"count":0,"href":"https:\/\/noticiasveracruz.com\/index.php\/wp-json\/wp\/v2\/posts\/15186\/revisions"}],"wp:featuredmedia":[{"embeddable":true,"href":"https:\/\/noticiasveracruz.com\/index.php\/wp-json\/wp\/v2\/media\/3187"}],"wp:attachment":[{"href":"https:\/\/noticiasveracruz.com\/index.php\/wp-json\/wp\/v2\/media?parent=15186"}],"wp:term":[{"taxonomy":"category","embeddable":true,"href":"https:\/\/noticiasveracruz.com\/index.php\/wp-json\/wp\/v2\/categories?post=15186"},{"taxonomy":"post_tag","embeddable":true,"href":"https:\/\/noticiasveracruz.com\/index.php\/wp-json\/wp\/v2\/tags?post=15186"}],"curies":[{"name":"wp","href":"https:\/\/api.w.org\/{rel}","templated":true}]}}