{"id":15148,"date":"2023-05-03T06:00:39","date_gmt":"2023-05-03T11:00:39","guid":{"rendered":"https:\/\/noticiasveracruz.com\/?p=15148"},"modified":"2023-05-03T08:53:22","modified_gmt":"2023-05-03T13:53:22","slug":"la-aburguesada-coparmex","status":"publish","type":"post","link":"https:\/\/noticiasveracruz.com\/index.php\/2023\/05\/03\/la-aburguesada-coparmex\/","title":{"rendered":"La aburguesada Coparmex"},"content":{"rendered":"<p>&nbsp;<\/p>\n<p class=\"p1\"><span style=\"font-size: 18pt;\"><strong>Por Herlindo Robles<\/strong><\/span><\/p>\n<p class=\"p1\"><span style=\"font-size: 14pt;\">En v\u00edsperas de la celebraci\u00f3n del d\u00eda 1 de mayo, fecha en que los trabajadores del mundo fueron convocados por la Segunda Internacional, celebrada en Bruselas B\u00e9lgica en 1889, teniendo como tema central la matanza de trabajadores realizada en la ciudad de Chicago en 1887.\u00a0<\/span><\/p>\n<p class=\"p1\"><span style=\"font-size: 14pt;\">El 1 de mayo de aquel a\u00f1o, los trabajadores cansados de la explotaci\u00f3n, decidieron realizar un paro de labores que fue continuado por varios d\u00edas siendo as\u00ed que el d\u00eda 3 de mayo esquiroles contratados por la ya existente empresa McCormick, hicieron explotar una bomba a las puertas de esa empresa para generar el pretexto de intervenci\u00f3n de las fuerzas represoras. En aquellos tiempos la polic\u00eda montada lleg\u00f3 en apoyo de la que reprim\u00eda pie a tierra a los trabajadores. <\/span><\/p>\n<p class=\"p1\"><span style=\"font-size: 18pt;\"><strong>Los 11 l\u00edderes obreros fueron sacrificados paulatinamente a lo largo de un a\u00f1o por haber osado enfrentar la brutalidad del capitalismo. Es un recuerdo de lo anterior, en aquella magna reuni\u00f3n universal de trabajadores de Bruselas se realizaron tres importantes acuerdos: la celebraci\u00f3n del 1 de mayo a trav\u00e9s del paro de actividades con goce de sueldo para demostrar al capitalista la fuerza que tenemos los trabajadores al parar la producci\u00f3n, esa celebraci\u00f3n se tendr\u00eda que alcanzar en todas las ciudades del mundo, tambi\u00e9n se acord\u00f3 la celebraci\u00f3n del d\u00eda de la mujer trabajadora cada a\u00f1o en el mes de marzo, tambi\u00e9n se acord\u00f3 revivir la memoria de aquellos M\u00e1rtires que lucharon por una jornada m\u00e1xima y efectiva de 40 horas a la semana. <\/strong><\/span><\/p>\n<p class=\"p1\"><span style=\"font-size: 14pt;\">Esta lucha ha trascendido los siglos y sigue vigente ante el cinismo, ambici\u00f3n y aburguesamiento de organizaciones aglutinadas para la explotaci\u00f3n de los trabajadores como lo es el Consejo Coordinador Empresarial, la Coparmex y otras muchas lacras sociales, acostumbradas a enriquecer cada d\u00eda m\u00e1s su capital a costa del hambre de los trabajadores. As\u00ed queda ejemplificado el ejercicio desp\u00f3tico de sus serviles esbirros los chayoteros de la derecha, acostumbrados a ganar millones de pesos a cambio de sus servicios desinformativos, sicarios del micr\u00f3fono y de la pluma salidos de las clases laborantes y que traicionan a la clase trabajadora de la que alguna vez formaron parte, seres sin escr\u00fapulos, con la vanidad de la opulencia y conciencia adormilada, pues su conciencia ya cauterizada por el peso del dinero mal habido poco puede hacer para que su opini\u00f3n enfrente la grave injusticia que cometen en contra de la clase trabajadora. <\/span><\/p>\n<p class=\"p1\"><span style=\"font-size: 18pt;\"><strong>Explotada por horarios de trabajo infrahumanos que ocupan su tiempo entre 10 o 16 horas diarias sin d\u00edas de descanso o con d\u00edas de descanso variados que les impiden tener un orden y descanso en su vida, trabajadores que forman parte de una n\u00f3mina raqu\u00edtica a cambio de la explotaci\u00f3n del tiempo de la persona, que no necesariamente se convierte o transforma en productividad.<\/strong><\/span><\/p>\n<p class=\"p1\"><span style=\"font-size: 18pt;\"><strong> Pues los aburguesados son incapaces de aplicar la ingenier\u00eda que tan estrat\u00e9gicamente manejan<span class=\"Apple-converted-space\">\u00a0 <\/span>sus especialistas contables, para evadir las cargas fiscales. Pero obtusos e in\u00fatiles para concebir un modelo de trabajo eficiente que ponga al centro la dignidad del trabajador. <\/strong><\/span><\/p>\n<p>&nbsp;<\/p>\n<p><img loading=\"lazy\" decoding=\"async\" class=\"aligncenter wp-image-19234 size-large\" src=\"https:\/\/politicosaldesnudo.com.mx\/wp-content\/uploads\/2023\/05\/P-COPARMEX-1024x573.png\" alt=\"\" width=\"800\" height=\"448\" \/><\/p>\n<p>&nbsp;<\/p>\n<p class=\"p1\"><span style=\"font-size: 14pt;\">Con esa mentalidad llegamos a una propuesta de dignificaci\u00f3n elevada por legisladores de izquierda, esto es la jornada de 40 horas a la semana. Considerado hoy por hoy, como el mayor insulto a los capitalistas aburguesados in\u00fatiles<span class=\"Apple-converted-space\">\u00a0 <\/span>de la productividad, acostumbrados y anhelantes de los viejos estilos, usos y costumbres del anterior r\u00e9gimen que poco han cambiado desde el porfiriato. <\/span><\/p>\n<p class=\"p1\"><span style=\"font-size: 14pt;\">Ahora con la terminaci\u00f3n de los indignos contratos colectivos firmados a espaldas de los trabajadores, la dirigencia sindicales estar\u00e1n en condiciones de exigir un trato digno, equitativo, humano, productivo, que permita elevar la calidad de vida de los trabajadores y en consecuencia se eleve la productividad tan anhelada por los factores de la producci\u00f3n; capital y trabajo. <\/span><\/p>\n<p class=\"p1\"><span style=\"font-size: 18pt;\"><strong>Seguramente este 1 de mayo de 2023 ser\u00e1 el \u00faltimo de la antigua usanza de explotaci\u00f3n obrera, ya que con la aplicaci\u00f3n de la ley Federal del trabajo reformada, estando en posibilidad de darle plenitud a la libertad sindical, inicia el<span class=\"Apple-converted-space\">\u00a0 <\/span>cambio y terminaci\u00f3n de los abusos patronales auspiciados por la corrupci\u00f3n del poder del antiguo r\u00e9gimen neoliberal, a mis compa\u00f1eras y compa\u00f1eros trabajadores;<span style=\"color: #e42d33;\"> mucho \u00e1nimo porque desde el nacimiento de la Casa del Obrero Mundial su g\u00e9nesis proveniente de la mentalidad de Ricardo Flores Mag\u00f3n y despu\u00e9s de una centuria, podremos iniciar la revoluci\u00f3n social tan anhelada dentro de un marco de paz, concertaci\u00f3n, estabilidad pol\u00edtica<\/span>, dentro del proyecto alternativo de naci\u00f3n planteado propuesto y ejecutado por el presidente Andr\u00e9s Manuel L\u00f3pez Obrador. <\/strong><\/span><\/p>\n<p class=\"p1\"><span style=\"font-size: 18pt; color: #e42d33;\"><strong>Salud y Revoluci\u00f3n Social a todos mis compa\u00f1eros y que vivan los Paladines de la Casa del Obrero Mundial.<\/strong><\/span><\/p>\n<p>&nbsp;<\/p>\n<hr \/>\n<p>&nbsp;<\/p>\n<p><span style=\"font-size: 18pt;\"><strong>Twitter: <a href=\"https:\/\/twitter.com\/zorvha\">@zorvha<\/a><\/strong><\/span><\/p>\n<p>&nbsp;<\/p>\n<p><img loading=\"lazy\" decoding=\"async\" class=\"aligncenter wp-image-11449\" src=\"http:\/\/noticiasveracruz.com\/wp-content\/uploads\/2023\/01\/FIRMA-EDITORIAL-NV-300x37.png\" alt=\"\" width=\"1000\" height=\"122\" srcset=\"https:\/\/noticiasveracruz.com\/wp-content\/uploads\/2023\/01\/FIRMA-EDITORIAL-NV-300x37.png 300w, https:\/\/noticiasveracruz.com\/wp-content\/uploads\/2023\/01\/FIRMA-EDITORIAL-NV-1024x125.png 1024w, https:\/\/noticiasveracruz.com\/wp-content\/uploads\/2023\/01\/FIRMA-EDITORIAL-NV-768x94.png 768w, https:\/\/noticiasveracruz.com\/wp-content\/uploads\/2023\/01\/FIRMA-EDITORIAL-NV-1536x188.png 1536w, https:\/\/noticiasveracruz.com\/wp-content\/uploads\/2023\/01\/FIRMA-EDITORIAL-NV-2048x250.png 2048w\" sizes=\"auto, (max-width: 1000px) 100vw, 1000px\" \/><\/p>\n","protected":false},"excerpt":{"rendered":"<p>&nbsp; Por Herlindo Robles En v\u00edsperas de la celebraci\u00f3n del d\u00eda 1 de mayo, fecha en que los trabajadores del<\/p>\n","protected":false},"author":4,"featured_media":6142,"comment_status":"closed","ping_status":"closed","sticky":false,"template":"","format":"standard","meta":{"colormag_page_container_layout":"default_layout","colormag_page_sidebar_layout":"default_layout","_jetpack_memberships_contains_paid_content":false,"footnotes":"","jetpack_publicize_message":"","jetpack_publicize_feature_enabled":true,"jetpack_social_post_already_shared":true,"jetpack_social_options":{"image_generator_settings":{"template":"highway","default_image_id":0,"font":"","enabled":false},"version":2}},"categories":[6],"tags":[2483,1011,31,535],"class_list":["post-15148","post","type-post","status-publish","format-standard","has-post-thumbnail","hentry","category-columnistas","tag-casa-de-obrero","tag-coparmex","tag-mexico","tag-trabajadores"],"jetpack_publicize_connections":[],"jetpack_featured_media_url":"https:\/\/noticiasveracruz.com\/wp-content\/uploads\/2022\/07\/P-HERLINDO-ROBLES-NV.png","jetpack_sharing_enabled":true,"publishpress_future_action":{"enabled":false,"date":"2026-05-08 11:58:39","action":"change-status","newStatus":"draft","terms":[],"taxonomy":"category","extraData":[]},"publishpress_future_workflow_manual_trigger":{"enabledWorkflows":[]},"_links":{"self":[{"href":"https:\/\/noticiasveracruz.com\/index.php\/wp-json\/wp\/v2\/posts\/15148","targetHints":{"allow":["GET"]}}],"collection":[{"href":"https:\/\/noticiasveracruz.com\/index.php\/wp-json\/wp\/v2\/posts"}],"about":[{"href":"https:\/\/noticiasveracruz.com\/index.php\/wp-json\/wp\/v2\/types\/post"}],"author":[{"embeddable":true,"href":"https:\/\/noticiasveracruz.com\/index.php\/wp-json\/wp\/v2\/users\/4"}],"replies":[{"embeddable":true,"href":"https:\/\/noticiasveracruz.com\/index.php\/wp-json\/wp\/v2\/comments?post=15148"}],"version-history":[{"count":0,"href":"https:\/\/noticiasveracruz.com\/index.php\/wp-json\/wp\/v2\/posts\/15148\/revisions"}],"wp:featuredmedia":[{"embeddable":true,"href":"https:\/\/noticiasveracruz.com\/index.php\/wp-json\/wp\/v2\/media\/6142"}],"wp:attachment":[{"href":"https:\/\/noticiasveracruz.com\/index.php\/wp-json\/wp\/v2\/media?parent=15148"}],"wp:term":[{"taxonomy":"category","embeddable":true,"href":"https:\/\/noticiasveracruz.com\/index.php\/wp-json\/wp\/v2\/categories?post=15148"},{"taxonomy":"post_tag","embeddable":true,"href":"https:\/\/noticiasveracruz.com\/index.php\/wp-json\/wp\/v2\/tags?post=15148"}],"curies":[{"name":"wp","href":"https:\/\/api.w.org\/{rel}","templated":true}]}}