{"id":15078,"date":"2023-05-01T13:10:01","date_gmt":"2023-05-01T18:10:01","guid":{"rendered":"https:\/\/noticiasveracruz.com\/?p=15078"},"modified":"2023-05-01T13:18:19","modified_gmt":"2023-05-01T18:18:19","slug":"acuerdan-mexico-y-arabia-saudita-colaborar-en-mineria-fertilizantes-y-energia-renovables","status":"publish","type":"post","link":"https:\/\/noticiasveracruz.com\/index.php\/2023\/05\/01\/acuerdan-mexico-y-arabia-saudita-colaborar-en-mineria-fertilizantes-y-energia-renovables\/","title":{"rendered":"Acuerdan M\u00e9xico y Arabia Saudita colaborar en miner\u00eda, fertilizantes y energ\u00edas renovables\u00a0"},"content":{"rendered":"<p>&nbsp;<\/p>\n<p class=\"p1\"><span style=\"font-size: 14pt;\"><i><strong>CIUDAD DE M\u00c9XICO.<\/strong> <\/i>Los gobiernos de <strong>M\u00e9xico y Arabia Saudita acordaron intercambiar experiencias<\/strong> en temas relacionados con <strong>miner\u00eda, fertilizantes y generaci\u00f3n de energ\u00edas renovable<\/strong>s, inform\u00f3 la Secretar\u00eda de Hacienda y Cr\u00e9dito P\u00fablico (SHCP).<\/span><\/p>\n<p class=\"p1\"><span style=\"font-size: 18pt;\"><strong>El acuerdo fue el resultado de una reuni\u00f3n entre el titular de la SHCP, Rogelio Ram\u00edrez de la O y Khaled AlFalih, ministro de Inversi\u00f3n de Arabia Saudita, a\u00f1adi\u00f3 la dependencia.<\/strong><\/span><\/p>\n<p>&nbsp;<\/p>\n<p><img loading=\"lazy\" decoding=\"async\" class=\"aligncenter wp-image-19074 size-large\" src=\"https:\/\/politicosaldesnudo.com.mx\/wp-content\/uploads\/2023\/05\/P-ARABIA-SAUDITA-MEXICO-2-1024x573.png\" alt=\"\" width=\"800\" height=\"448\" \/><\/p>\n<p>&nbsp;<\/p>\n<p class=\"p1\"><span style=\"font-size: 18pt;\"><strong>Khaled AlFalih mostr\u00f3 el inter\u00e9s de empresas p\u00fablicas y privadas sauditas por invertir en diversos proyectos en M\u00e9xico, agreg\u00f3.<\/strong><\/span><\/p>\n<p>&nbsp;<\/p>\n<blockquote>\n<p class=\"p1\"><span style=\"font-size: 14pt;\">El secretario de Hacienda y el ministro acordaron impulsar el intercambio de experiencias entre ambos pa\u00edses, en temas relacionados con petr\u00f3leo, miner\u00eda, qu\u00edmicos, gas natural, fertilizantes, plantas desalinizadoras de agua y proyectos de generaci\u00f3n de energ\u00eda renovable\u201d, inform\u00f3 Hacienda<\/span><\/p>\n<\/blockquote>\n<p>&nbsp;<\/p>\n<p class=\"p1\"><span style=\"font-size: 18pt;\"><strong>El ministro saudita coincidi\u00f3 con el posicionamiento de M\u00e9xico en el G20 con respecto al manejo fiscal y de la deuda, destacando la importancia de fortalecer el sector agr\u00edcola en el combate a la inflaci\u00f3n y como estrategia de seguridad alimentaria, expuso el comunicado.<\/strong><\/span><\/p>\n<p>&nbsp;<\/p>\n<p>&nbsp;<\/p>\n<p class=\"p1\"><span style=\"font-size: 18pt;\">Con informaci\u00f3n de La Jornada<\/span><\/p>\n<p>&nbsp;<\/p>\n<p>&nbsp;<\/p>\n","protected":false},"excerpt":{"rendered":"<p>&nbsp; CIUDAD DE M\u00c9XICO. Los gobiernos de M\u00e9xico y Arabia Saudita acordaron intercambiar experiencias en temas relacionados con miner\u00eda, fertilizantes<\/p>\n","protected":false},"author":4,"featured_media":15079,"comment_status":"closed","ping_status":"closed","sticky":false,"template":"","format":"standard","meta":{"colormag_page_container_layout":"default_layout","colormag_page_sidebar_layout":"default_layout","_jetpack_memberships_contains_paid_content":false,"footnotes":"","jetpack_publicize_message":"","jetpack_publicize_feature_enabled":true,"jetpack_social_post_already_shared":true,"jetpack_social_options":{"image_generator_settings":{"template":"highway","default_image_id":0,"font":"","enabled":false},"version":2}},"categories":[1947],"tags":[2477,31,1361,826],"class_list":["post-15078","post","type-post","status-publish","format-standard","has-post-thumbnail","hentry","category-economia","tag-arabia-saudita","tag-mexico","tag-rogelio-ramirez-de-la-o","tag-shcp"],"jetpack_publicize_connections":[],"jetpack_featured_media_url":"https:\/\/noticiasveracruz.com\/wp-content\/uploads\/2023\/05\/P-ARABIA-SAUDITA-MEXICO-1.png","jetpack_sharing_enabled":true,"publishpress_future_action":{"enabled":false,"date":"2026-05-09 06:52:32","action":"change-status","newStatus":"draft","terms":[],"taxonomy":"category","extraData":[]},"publishpress_future_workflow_manual_trigger":{"enabledWorkflows":[]},"_links":{"self":[{"href":"https:\/\/noticiasveracruz.com\/index.php\/wp-json\/wp\/v2\/posts\/15078","targetHints":{"allow":["GET"]}}],"collection":[{"href":"https:\/\/noticiasveracruz.com\/index.php\/wp-json\/wp\/v2\/posts"}],"about":[{"href":"https:\/\/noticiasveracruz.com\/index.php\/wp-json\/wp\/v2\/types\/post"}],"author":[{"embeddable":true,"href":"https:\/\/noticiasveracruz.com\/index.php\/wp-json\/wp\/v2\/users\/4"}],"replies":[{"embeddable":true,"href":"https:\/\/noticiasveracruz.com\/index.php\/wp-json\/wp\/v2\/comments?post=15078"}],"version-history":[{"count":0,"href":"https:\/\/noticiasveracruz.com\/index.php\/wp-json\/wp\/v2\/posts\/15078\/revisions"}],"wp:featuredmedia":[{"embeddable":true,"href":"https:\/\/noticiasveracruz.com\/index.php\/wp-json\/wp\/v2\/media\/15079"}],"wp:attachment":[{"href":"https:\/\/noticiasveracruz.com\/index.php\/wp-json\/wp\/v2\/media?parent=15078"}],"wp:term":[{"taxonomy":"category","embeddable":true,"href":"https:\/\/noticiasveracruz.com\/index.php\/wp-json\/wp\/v2\/categories?post=15078"},{"taxonomy":"post_tag","embeddable":true,"href":"https:\/\/noticiasveracruz.com\/index.php\/wp-json\/wp\/v2\/tags?post=15078"}],"curies":[{"name":"wp","href":"https:\/\/api.w.org\/{rel}","templated":true}]}}