{"id":15072,"date":"2023-05-01T12:26:52","date_gmt":"2023-05-01T17:26:52","guid":{"rendered":"https:\/\/noticiasveracruz.com\/?p=15072"},"modified":"2023-05-01T12:54:18","modified_gmt":"2023-05-01T17:54:18","slug":"dif-y-gobierno-de-tuxpan-festejan-con-familias-en-el-dia-del-nino","status":"publish","type":"post","link":"https:\/\/noticiasveracruz.com\/index.php\/2023\/05\/01\/dif-y-gobierno-de-tuxpan-festejan-con-familias-en-el-dia-del-nino\/","title":{"rendered":"DIF y gobierno de Tuxpan festejan con familias en el \u201cD\u00eda del Ni\u00f1o\u201d"},"content":{"rendered":"<p>&nbsp;<\/p>\n<p class=\"p1\"><span style=\"font-size: 14pt;\"><em><strong>TUXPAN, VERACRUZ.<\/strong> <\/em><strong>Miles de ni\u00f1as, ni\u00f1os y familias vivieron una tarde-noche de fiesta con el desfile y la celebraci\u00f3n del \u201cD\u00eda del Ni\u00f1o\u201d, <\/strong>donde fueron sorprendidos con actividades y regalos, los cuales fueron organizados por el DIF Tuxpan y el Gobierno Municipal.<\/span><\/p>\n<p class=\"p1\"><span style=\"font-size: 18pt;\"><strong>Las actividades iniciaron por la tarde con un desfile conformado por 25 contingentes en los que participaron estudiantes de nivel medio superior y superior, asociaciones civiles y diversas \u00e1reas del Gobierno Municipal. <\/strong><\/span><\/p>\n<p>&nbsp;<\/p>\n<p><img loading=\"lazy\" decoding=\"async\" class=\"aligncenter wp-image-19056 size-large\" src=\"https:\/\/politicosaldesnudo.com.mx\/wp-content\/uploads\/2023\/05\/P-DIA-DEL-NINO-TUXPAN-3-1024x573.png\" alt=\"\" width=\"800\" height=\"448\" \/><\/p>\n<p>&nbsp;<\/p>\n<p class=\"p1\"><span style=\"font-size: 18pt;\"><strong>Las familias se reunieron a lo largo del bulevar para disfrutar del recorrido de carros aleg\u00f3ricos, botargas y payasos. <\/strong><\/span><\/p>\n<p>&nbsp;<\/p>\n<p><img loading=\"lazy\" decoding=\"async\" class=\"aligncenter wp-image-19058 size-large\" src=\"https:\/\/politicosaldesnudo.com.mx\/wp-content\/uploads\/2023\/05\/P-DIA-DEL-NINO-TUXPAN-5-1024x573.png\" alt=\"\" width=\"800\" height=\"448\" \/><\/p>\n<p>&nbsp;<\/p>\n<p class=\"p1\"><span style=\"font-size: 18pt;\"><strong>Al finalizar el recorrido, un gran n\u00famero de peque\u00f1os acompa\u00f1ados por sus familias se congregaron en la Plaza C\u00edvica, donde se llev\u00f3 a cabo el festival en el que se hizo entrega de dulces, regalos y premios. <\/strong><\/span><\/p>\n<p>&nbsp;<\/p>\n<p><img loading=\"lazy\" decoding=\"async\" class=\"aligncenter wp-image-19062 size-large\" src=\"https:\/\/politicosaldesnudo.com.mx\/wp-content\/uploads\/2023\/05\/P-DIA-DEL-NINO-TUXPAN-9-1024x573.png\" alt=\"\" width=\"800\" height=\"448\" \/><\/p>\n<p>&nbsp;<\/p>\n<p class=\"p1\"><span style=\"font-size: 18pt;\"><strong>El alcalde Jos\u00e9 Manuel Pozos felicit\u00f3 a su esposa Pamela Morales por la labor que realiz\u00f3 con su equipo de trabajo para desarrollar las actividades de esta celebraci\u00f3n. <\/strong><\/span><\/p>\n<p>&nbsp;<\/p>\n<p><img loading=\"lazy\" decoding=\"async\" class=\"aligncenter wp-image-19061 size-large\" src=\"https:\/\/politicosaldesnudo.com.mx\/wp-content\/uploads\/2023\/05\/P-DIA-DEL-NINO-TUXPAN-8-1024x573.png\" alt=\"\" width=\"800\" height=\"448\" \/><\/p>\n<p>&nbsp;<\/p>\n<blockquote>\n<p class=\"p1\"><span style=\"font-size: 14pt;\">Muchas gracias a las familias que, con mucho entusiasmo, nos acompa\u00f1aron en el desfile y est\u00e1n aqu\u00ed dando vida a este gran festejo que hemos preparado con mucho cari\u00f1o, con motivo del D\u00eda del Ni\u00f1o\u201d<\/span><\/p>\n<\/blockquote>\n<p>&nbsp;<\/p>\n<p><img loading=\"lazy\" decoding=\"async\" class=\"aligncenter wp-image-19057 size-large\" src=\"https:\/\/politicosaldesnudo.com.mx\/wp-content\/uploads\/2023\/05\/P-DIA-DEL-NINO-TUXPAN-4-1024x573.png\" alt=\"\" width=\"800\" height=\"448\" \/><\/p>\n<p>&nbsp;<\/p>\n<blockquote>\n<p class=\"p1\"><span style=\"font-size: 14pt;\">Hoy, nos sentimos muy contentos y motivados, porque en las sonrisas de cada peque\u00f1o encontramos la raz\u00f3n y el prop\u00f3sito de nuestra misi\u00f3n como servidores p\u00fablicos\u201d<\/span><\/p>\n<\/blockquote>\n<p>&nbsp;<\/p>\n<p><img loading=\"lazy\" decoding=\"async\" class=\"aligncenter wp-image-19055 size-large\" src=\"https:\/\/politicosaldesnudo.com.mx\/wp-content\/uploads\/2023\/05\/P-DIA-DEL-NINO-TUXPAN-2-1024x573.png\" alt=\"\" width=\"800\" height=\"448\" \/><\/p>\n<p>&nbsp;<\/p>\n<p class=\"p1\"><span style=\"font-size: 18pt;\"><strong>Jos\u00e9 Manuel Pozos Castro agradeci\u00f3 la colaboraci\u00f3n de todos los que participaron, y en forma solidaria aportaron y sumaron esfuerzos para este espectacular festejo.<\/strong><\/span><\/p>\n<p>&nbsp;<\/p>\n<p><img loading=\"lazy\" decoding=\"async\" class=\"aligncenter wp-image-19060 size-large\" src=\"https:\/\/politicosaldesnudo.com.mx\/wp-content\/uploads\/2023\/05\/P-DIA-DEL-NINO-TUXPAN-7-1024x573.png\" alt=\"\" width=\"800\" height=\"448\" \/><\/p>\n<p>&nbsp;<\/p>\n<p class=\"p1\"><span style=\"font-size: 14pt;\">Asimismo, aprovech\u00f3 para felicitar a la agrupaci\u00f3n Leones Marching Band, de la escuela federal Emiliano Zapata, quienes representar\u00e1n a M\u00e9xico y a Tuxpan en una gira internacional por Europa. <\/span><\/p>\n<p><img loading=\"lazy\" decoding=\"async\" class=\"aligncenter wp-image-19056 size-large\" src=\"https:\/\/politicosaldesnudo.com.mx\/wp-content\/uploads\/2023\/05\/P-DIA-DEL-NINO-TUXPAN-3-1024x573.png\" alt=\"\" width=\"800\" height=\"448\" \/><\/p>\n<p>&nbsp;<\/p>\n<p class=\"p1\"><span style=\"font-size: 18pt;\"><strong>Finaliz\u00f3 resaltando que el Ayuntamiento Municipal y el DIF Tuxpan trabajan de manera coordinada para velar por los derechos de las ni\u00f1as, ni\u00f1os y adolescentes.<\/strong><\/span><\/p>\n<p>&nbsp;<\/p>\n<blockquote>\n<p class=\"p1\"><span style=\"font-size: 14pt;\">Ustedes no est\u00e1n solas, ni solos. Adem\u00e1s del cari\u00f1o que les dan en casa, cuentan con el respaldo y la asistencia del Gobierno de Tuxpan\u201d<\/span><\/p>\n<\/blockquote>\n<p>&nbsp;<\/p>\n<p><img loading=\"lazy\" decoding=\"async\" class=\"aligncenter wp-image-19063 size-large\" src=\"https:\/\/politicosaldesnudo.com.mx\/wp-content\/uploads\/2023\/05\/P-DIA-DEL-NINO-TUXPAN10-1024x573.png\" alt=\"\" width=\"800\" height=\"448\" \/><\/p>\n<p>&nbsp;<\/p>\n<p class=\"p1\"><span style=\"font-size: 14pt;\">En el evento estuvieron el alcalde Jos\u00e9 Manuel Pozos Castro y su esposa Pamela Morales Huesca, presidenta del DIF Tuxpan; la s\u00edndica Beatriz Pi\u00f1a Vergara, las regidoras y regidores Mar\u00eda del Pilar Mart\u00ednez Matesanz, Maryanela Monroy Flores, Anah\u00ed Aguilar L\u00f3pez, Juan G\u00f3mez Garc\u00eda, Lucero Res\u00e9ndis Ambrocio, Luis Demetrio L\u00f3pez Mar\u00edn y Axel Bernal Herrera.<\/span><\/p>\n","protected":false},"excerpt":{"rendered":"<p>&nbsp; TUXPAN, VERACRUZ. Miles de ni\u00f1as, ni\u00f1os y familias vivieron una tarde-noche de fiesta con el desfile y la celebraci\u00f3n<\/p>\n","protected":false},"author":4,"featured_media":15073,"comment_status":"closed","ping_status":"closed","sticky":false,"template":"","format":"standard","meta":{"colormag_page_container_layout":"default_layout","colormag_page_sidebar_layout":"default_layout","_jetpack_memberships_contains_paid_content":false,"footnotes":"","jetpack_publicize_message":"","jetpack_publicize_feature_enabled":true,"jetpack_social_post_already_shared":true,"jetpack_social_options":{"image_generator_settings":{"template":"highway","default_image_id":0,"font":"","enabled":false},"version":2}},"categories":[356],"tags":[2472,1042,701,1778,72,73],"class_list":["post-15072","post","type-post","status-publish","format-standard","has-post-thumbnail","hentry","category-veracruz","tag-dia-del-nino","tag-dif-tuxpan","tag-jose-manuel-pozos","tag-pamela-morales","tag-tuxpan","tag-veracruz"],"jetpack_publicize_connections":[],"jetpack_featured_media_url":"https:\/\/noticiasveracruz.com\/wp-content\/uploads\/2023\/05\/P-DIA-DEL-NINO-TUXPAN-1.png","jetpack_sharing_enabled":true,"publishpress_future_action":{"enabled":false,"date":"2026-05-09 06:08:21","action":"change-status","newStatus":"draft","terms":[],"taxonomy":"category","extraData":[]},"publishpress_future_workflow_manual_trigger":{"enabledWorkflows":[]},"_links":{"self":[{"href":"https:\/\/noticiasveracruz.com\/index.php\/wp-json\/wp\/v2\/posts\/15072","targetHints":{"allow":["GET"]}}],"collection":[{"href":"https:\/\/noticiasveracruz.com\/index.php\/wp-json\/wp\/v2\/posts"}],"about":[{"href":"https:\/\/noticiasveracruz.com\/index.php\/wp-json\/wp\/v2\/types\/post"}],"author":[{"embeddable":true,"href":"https:\/\/noticiasveracruz.com\/index.php\/wp-json\/wp\/v2\/users\/4"}],"replies":[{"embeddable":true,"href":"https:\/\/noticiasveracruz.com\/index.php\/wp-json\/wp\/v2\/comments?post=15072"}],"version-history":[{"count":0,"href":"https:\/\/noticiasveracruz.com\/index.php\/wp-json\/wp\/v2\/posts\/15072\/revisions"}],"wp:featuredmedia":[{"embeddable":true,"href":"https:\/\/noticiasveracruz.com\/index.php\/wp-json\/wp\/v2\/media\/15073"}],"wp:attachment":[{"href":"https:\/\/noticiasveracruz.com\/index.php\/wp-json\/wp\/v2\/media?parent=15072"}],"wp:term":[{"taxonomy":"category","embeddable":true,"href":"https:\/\/noticiasveracruz.com\/index.php\/wp-json\/wp\/v2\/categories?post=15072"},{"taxonomy":"post_tag","embeddable":true,"href":"https:\/\/noticiasveracruz.com\/index.php\/wp-json\/wp\/v2\/tags?post=15072"}],"curies":[{"name":"wp","href":"https:\/\/api.w.org\/{rel}","templated":true}]}}