{"id":15050,"date":"2023-05-01T00:30:41","date_gmt":"2023-05-01T05:30:41","guid":{"rendered":"https:\/\/noticiasveracruz.com\/?p=15050"},"modified":"2023-05-01T00:31:07","modified_gmt":"2023-05-01T05:31:07","slug":"la-madre-de-todo-batalla-las-mentiras","status":"publish","type":"post","link":"https:\/\/noticiasveracruz.com\/index.php\/2023\/05\/01\/la-madre-de-todo-batalla-las-mentiras\/","title":{"rendered":"La madre de todo batalla: las mentiras"},"content":{"rendered":"<p>&nbsp;<\/p>\n<p class=\"p1\"><span style=\"font-size: 18pt;\"><b>Por Francisco Blanco Calder\u00f3n<\/b><\/span><\/p>\n<p>&nbsp;<\/p>\n<p class=\"p1\"><span style=\"font-size: 18pt;\">Tercera y \u00faltima parte<\/span><\/p>\n<p class=\"p1\"><span style=\"font-size: 14pt;\">Inicia con Estados Unidos en la guerra contra Irak, plagada de mentiras y con el respaldo medi\u00e1tico sin precedente. Los grupos locales en M\u00e9xico, se dieron a la tarea de copiar esas ma\u00f1oser\u00edas y las aplicaron con creces en los ataques c\u00ednicos, contra la 4T y el gobierno de AMLO. Pol\u00edticos, legisladores, jueces y magistrados, analistas pol\u00edticos y comentaristas de radio y TV, intelectuales org\u00e1nicos, dirigentes partidistas, empresariales y de fideicomisos de esa sociedad civil domesticada a sus intereses, due\u00f1os de medios de comunicaci\u00f3n convencionales, robots y personeros en redes por consigna, jerarqu\u00eda eclesi\u00e1stica y arribistas clase medieros se han dado a la tarea de destruir con mentidas falsas, rumores, chismes los avances de un gobierno progresista que encamina al pa\u00eds hacia su plena realizaci\u00f3n en justicia social y crecimiento econ\u00f3mico.<\/span><\/p>\n<p class=\"p1\"><span style=\"font-size: 18pt;\"><strong>Todo ello conjuntando el discurso de odio y las mentiras para darle cabida a todas las opciones de manipuleo de conciencias en forma vil, descarada y sobre todo infundada.<\/strong><\/span><\/p>\n<p class=\"p1\"><span style=\"font-size: 18pt; color: #e42d33;\"><strong>\u00bfQu\u00e9 es el discurso de odio?: La Estrategia y Plan de Acci\u00f3n de la ONU define este discurso como \u201ccualquier tipo de comunicaci\u00f3n ya sea oral o escrita, \u2014o tambi\u00e9n comportamiento\u2014 , que ataca o utiliza un lenguaje peyorativo o discriminatorio en referencia a una persona o grupo en funci\u00f3n de lo que son, en otras palabras, bas\u00e1ndose en su religi\u00f3n, etnia, nacionalidad, raza, color, ascendencia, g\u00e9nero u otras formas de identidad\u201d. El concepto todav\u00eda se debate ampliamente, sobre todo en relaci\u00f3n con la libertad de opini\u00f3n y expresi\u00f3n, la no discriminaci\u00f3n y la igualdad, y que puede poner en peligro la paz social.<\/strong><\/span><\/p>\n<p class=\"p1\"><span style=\"font-size: 14pt;\">Si a ello le sumamos la mentira,<span class=\"Apple-converted-space\">\u00a0 <\/span>que<span class=\"Apple-converted-space\">\u00a0 <\/span>es una declaraci\u00f3n realizada por alguien que sabe, cree o sospecha que es falsa en todo o en parte, esperando que los oyentes le crean, de forma que se oculte la realidad o la verdad en forma parcial o total. La gente miente para quedar bien, para excusarse, para obtener lo que quiere, para no perder ciertos derechos, para dar una mejor imagen de s\u00ed misma, para no ofender o hacer sufrir a otras personas con la verdad, porque no saben o no pueden decir que no, para postergar decisiones, por temor al rechazo o al castigo.<\/span><\/p>\n<p class=\"p1\"><span style=\"font-size: 18pt;\"><strong>La oposici\u00f3n, pol\u00edtica y econ\u00f3mica, concentr\u00f3 en los medios convencionales y en redes sociales un discurso de odio hacia Andr\u00e9s L\u00f3pez Obrador en su reciente gira por los estados Campeche, Quintana Roo y Yucat\u00e1n para supervisar avances de<span class=\"Apple-converted-space\">\u00a0 <\/span>obras prioritarias de la 4T, ante un vagido (desvanecimiento por alguna indisposici\u00f3n) que dio positivo al<span class=\"Apple-converted-space\">\u00a0 <\/span>Covid 19 por tercera ocasi\u00f3n. De ah\u00ed se desataron una serie de mentiras, de noticias falsas, de comentarios acusatorios acerca del supuesto infarto sufrido, del<span class=\"Apple-converted-space\">\u00a0 <\/span>derrame cerebral, por fortuna falso, hasta la locura de pronosticar su pr\u00f3xima muerte. Raymundo Riva Palacio en <i>El Financiero<\/i>, Carlos Alazraki en su programa <i>Atypical Te Ve<\/i> financiado por Kimberly Clark y una pl\u00e9yade de comentaristas, bien mocheados, con recursos p\u00fablicos provenientes del periodo neoliberal. <\/strong><\/span><\/p>\n<p>&nbsp;<\/p>\n<p><img loading=\"lazy\" decoding=\"async\" class=\"aligncenter wp-image-19024 size-large\" src=\"https:\/\/politicosaldesnudo.com.mx\/wp-content\/uploads\/2023\/05\/P-ALASRAKI-OPOSICION-1024x573.png\" alt=\"\" width=\"800\" height=\"448\" \/><\/p>\n<p>&nbsp;<\/p>\n<p class=\"p1\"><span style=\"font-size: 14pt;\">En cascada<span class=\"Apple-converted-space\">\u00a0 <\/span>se sumaron quejas, reclamos, desaprobaci\u00f3n de los grupos opositores por las supuestas<span class=\"Apple-converted-space\">\u00a0 <\/span>desapariciones<span class=\"Apple-converted-space\">\u00a0 <\/span>del INAI, la del Insabi, el Conacyt, la actual ley minera, la reducci\u00f3n del tiempo laboral a trabajadores, el Tren Maya, el corredor interoce\u00e1nico y todos los etc\u00e9teras posibles ante el inminente fallecimiento en su imaginaci\u00f3n del Presidente de la Rep\u00fablica.<\/span><\/p>\n<p class=\"p1\"><span style=\"font-size: 18pt;\"><strong>El discurso de odio, qued\u00f3 en una gran faramalla de mentiras por una pl\u00e9yade de periodistas deshonestos, as\u00ed como la pachanga nocturna en el pleno de la C\u00e1mara de Senadores, donde los mustios panistas, emulando a Calder\u00f3n, empinaron el pico y bailotearon a lo rid\u00edculo principalmente Madero y la G\u00e1lvez, \u00c1lvarez Icaza y la Kenia, y otras conocidas parejas improvisadas en el chacoteo, producto de una absurda pijamada en el Congreso de la Uni\u00f3n.<\/strong><\/span><\/p>\n<p class=\"p1\"><span style=\"font-size: 14pt;\">Norma Meraz en su columna M\u00e9xico, Redoblan los Tambores, establece: En una danza de desaciertos la realidad del pa\u00eds flota en medio de un mar de mentiras\u2026.. La oposici\u00f3n sin ser oposici\u00f3n, est\u00e1 clausurando el mercado pol\u00edtico y si le sumamos que en general reina la desinformaci\u00f3n, pues ante eso surge la incredulidad ciudadana, ant\u00eddoto para la participaci\u00f3n democr\u00e1tica\u2026O quedaremos por siempre: al redoblar de tambores.<\/span><\/p>\n<p>&nbsp;<\/p>\n<p class=\"p1\"><span style=\"font-size: 18pt; color: #e42d33;\"><b>TODOS CAYERON AL ANZUELO<\/b><\/span><\/p>\n<p class=\"p1\"><span style=\"font-size: 14pt;\">O la muy acertada opini\u00f3n en su videoconferencia semanal de Fabricio Mej\u00eda, para<em> SinEmbargo.Mx<\/em>, que se las adjunto completa para su disfrute: <a href=\"https:\/\/youtu.be\/QCcJOLghMcw\"><span class=\"s1\">https:\/\/youtu.be\/QCcJOLghMcw<\/span><\/a><\/span><\/p>\n<p class=\"p1\"><span style=\"font-size: 18pt;\"><strong>Al igual el comentario expresado por el periodista \u00c1ngel \u00c1lvaro Pe\u00f1a: <span class=\"s1\">\u201c<\/span>En el centro de esta situaci\u00f3n los reporteros muestran que no est\u00e1n acostumbrados a creer en los gobiernos, porque vivieron en sus entra\u00f1as y saben que la mitad de lo que dicen es mentira. Ellos ayudaron a los gobiernos a difundir sus mentiras. As\u00ed se hicieron famosos muchos l\u00edderes de oposici\u00f3n y grandes reporteros que s\u00f3lo le echaban a la noticia algo de su cosecha y se volv\u00edan h\u00e9roes que hasta premios ganaban. Ante este escenario informativo el Presidente lanz\u00f3 el anzuelo y cayeron varios peces que murieron por su boca. Hasta el momento no se sabe si calificar de adicci\u00f3n por el rid\u00edculo o vocaci\u00f3n delictiva de los periodistas, con muchos a\u00f1os ese trabajo, que fueron convirtiendo su trayectoria en activismo pol\u00edtico hasta llegar a insinuar que el Presidente estaba grave, sin ocultar sus deseos de verlo muerto\u201d.<\/strong><\/span><\/p>\n<p class=\"p1\"><span style=\"font-size: 14pt;\">As\u00ed se sucedieron otros<span class=\"Apple-converted-space\">\u00a0 <\/span>cr\u00edticos<span class=\"Apple-converted-space\">\u00a0 <\/span>al absurdo opositor,<span class=\"Apple-converted-space\">\u00a0 <\/span>comentarios de Julio Astillero, Alfredo Jaliffe, Enrique Galv\u00e1n Ochoa y adem\u00e1s, sin piedad, los cartones de El Fisg\u00f3n y Hern\u00e1ndez, todos ellos de<i> La Jornada <\/i>por supuesto<\/span><\/p>\n<p class=\"p1\"><span style=\"font-size: 14pt;\">M\u00e9xico, la 4T y AMLO han sorteado con \u00e9xito el desenmascaramiento de<span class=\"Apple-converted-space\">\u00a0 <\/span>intereses oscuros del opositores, de periodistas sin valor ni dignidad<span class=\"Apple-converted-space\">\u00a0 <\/span>profesional, de grupos de poder ansiosos de recuperar al pa\u00eds que saquearon y devastaron, en fin se cierra un tel\u00f3n,<span class=\"Apple-converted-space\">\u00a0 <\/span>pero hay que dejar una rendija entreabierta para los acontecimientos que se avecinan este 2023 y sobre todo en el 2024, en donde medios de comunicaci\u00f3n, pol\u00edticos expulsados del Ed\u00e9n, empresas trasnacionales \u00e1vidas de la riqueza nacional, jueces y magistrados, intelectuales org\u00e1nicos, sometimiento religioso y aspiracionismo clase mediero, hacen y har\u00e1n con su furia no solo su frustraci\u00f3n sino el declive de sus deseos de retornar al poder. En el 2024 nada para ellos, todo para el pueblo. F\u00f3rmula eficaz del crecimiento econ\u00f3mico y justicia social en el pa\u00eds. Por cierto el avi\u00f3n presidencial del lujo y el dispendio,<span class=\"Apple-converted-space\">\u00a0 <\/span>ya se fue para siempre de M\u00e9xico.<\/span><\/p>\n<p>&nbsp;<\/p>\n<p>&nbsp;<\/p>\n<hr \/>\n<p>&nbsp;<\/p>\n<p><img loading=\"lazy\" decoding=\"async\" class=\"aligncenter wp-image-11449\" src=\"http:\/\/noticiasveracruz.com\/wp-content\/uploads\/2023\/01\/FIRMA-EDITORIAL-NV-300x37.png\" alt=\"\" width=\"1000\" height=\"122\" srcset=\"https:\/\/noticiasveracruz.com\/wp-content\/uploads\/2023\/01\/FIRMA-EDITORIAL-NV-300x37.png 300w, https:\/\/noticiasveracruz.com\/wp-content\/uploads\/2023\/01\/FIRMA-EDITORIAL-NV-1024x125.png 1024w, https:\/\/noticiasveracruz.com\/wp-content\/uploads\/2023\/01\/FIRMA-EDITORIAL-NV-768x94.png 768w, https:\/\/noticiasveracruz.com\/wp-content\/uploads\/2023\/01\/FIRMA-EDITORIAL-NV-1536x188.png 1536w, https:\/\/noticiasveracruz.com\/wp-content\/uploads\/2023\/01\/FIRMA-EDITORIAL-NV-2048x250.png 2048w\" sizes=\"auto, (max-width: 1000px) 100vw, 1000px\" \/><\/p>\n","protected":false},"excerpt":{"rendered":"<p>&nbsp; Por Francisco Blanco Calder\u00f3n &nbsp; Tercera y \u00faltima parte Inicia con Estados Unidos en la guerra contra Irak, plagada<\/p>\n","protected":false},"author":4,"featured_media":3566,"comment_status":"closed","ping_status":"closed","sticky":false,"template":"","format":"standard","meta":{"colormag_page_container_layout":"default_layout","colormag_page_sidebar_layout":"default_layout","_jetpack_memberships_contains_paid_content":false,"footnotes":"","jetpack_publicize_message":"","jetpack_publicize_feature_enabled":true,"jetpack_social_post_already_shared":true,"jetpack_social_options":{"image_generator_settings":{"template":"highway","default_image_id":0,"font":"","enabled":false},"version":2}},"categories":[6],"tags":[27,2460,31],"class_list":["post-15050","post","type-post","status-publish","format-standard","has-post-thumbnail","hentry","category-columnistas","tag-amlo","tag-discurso-de-odio","tag-mexico"],"jetpack_publicize_connections":[],"jetpack_featured_media_url":"https:\/\/noticiasveracruz.com\/wp-content\/uploads\/2022\/04\/NV-FRANCISCO-BLANCO.png","jetpack_sharing_enabled":true,"publishpress_future_action":{"enabled":false,"date":"2026-05-07 11:40:05","action":"change-status","newStatus":"draft","terms":[],"taxonomy":"category","extraData":[]},"publishpress_future_workflow_manual_trigger":{"enabledWorkflows":[]},"_links":{"self":[{"href":"https:\/\/noticiasveracruz.com\/index.php\/wp-json\/wp\/v2\/posts\/15050","targetHints":{"allow":["GET"]}}],"collection":[{"href":"https:\/\/noticiasveracruz.com\/index.php\/wp-json\/wp\/v2\/posts"}],"about":[{"href":"https:\/\/noticiasveracruz.com\/index.php\/wp-json\/wp\/v2\/types\/post"}],"author":[{"embeddable":true,"href":"https:\/\/noticiasveracruz.com\/index.php\/wp-json\/wp\/v2\/users\/4"}],"replies":[{"embeddable":true,"href":"https:\/\/noticiasveracruz.com\/index.php\/wp-json\/wp\/v2\/comments?post=15050"}],"version-history":[{"count":0,"href":"https:\/\/noticiasveracruz.com\/index.php\/wp-json\/wp\/v2\/posts\/15050\/revisions"}],"wp:featuredmedia":[{"embeddable":true,"href":"https:\/\/noticiasveracruz.com\/index.php\/wp-json\/wp\/v2\/media\/3566"}],"wp:attachment":[{"href":"https:\/\/noticiasveracruz.com\/index.php\/wp-json\/wp\/v2\/media?parent=15050"}],"wp:term":[{"taxonomy":"category","embeddable":true,"href":"https:\/\/noticiasveracruz.com\/index.php\/wp-json\/wp\/v2\/categories?post=15050"},{"taxonomy":"post_tag","embeddable":true,"href":"https:\/\/noticiasveracruz.com\/index.php\/wp-json\/wp\/v2\/tags?post=15050"}],"curies":[{"name":"wp","href":"https:\/\/api.w.org\/{rel}","templated":true}]}}