{"id":14951,"date":"2023-04-26T05:15:38","date_gmt":"2023-04-26T10:15:38","guid":{"rendered":"https:\/\/noticiasveracruz.com\/?p=14951"},"modified":"2023-04-26T08:10:34","modified_gmt":"2023-04-26T13:10:34","slug":"los-boletos-del-ballet-folklorico","status":"publish","type":"post","link":"https:\/\/noticiasveracruz.com\/index.php\/2023\/04\/26\/los-boletos-del-ballet-folklorico\/","title":{"rendered":"Los boletos del ballet folkl\u00f3rico"},"content":{"rendered":"<p class=\"p1\">\n<p>&nbsp;<\/p>\n<p class=\"p1\" style=\"text-align: center;\"><span style=\"font-size: 18pt;\"><strong>&lt;&lt;En tres minutos desaparecieron todas las entradas&gt;&gt;<\/strong><\/span><\/p>\n<p class=\"p1\" style=\"text-align: center;\"><span style=\"font-size: 18pt;\"><strong>&lt;&lt;Ni los conciertos de Luis Miguel se agotan tan r\u00e1pido&gt;&gt;<\/strong><\/span><\/p>\n<p class=\"p1\" style=\"text-align: center;\"><span style=\"font-size: 18pt;\"><strong>&lt;&lt;La mayor\u00eda del p\u00fablico se qued\u00f3 sin ver el espect\u00e1culo&gt;&gt;<\/strong><\/span><\/p>\n<p>&nbsp;<\/p>\n<p>&nbsp;<\/p>\n<p class=\"p1\"><span style=\"font-size: 18pt;\"><strong>Por Miguel \u00c1ngel Cristiani Gonz\u00e1lez<\/strong><\/span><\/p>\n<p class=\"p1\"><span style=\"font-size: 14pt;\">Todav\u00eda no se ha dado una explicaci\u00f3n de c\u00f3mo fue posible, que en tan solo tres minutos, se hayan agotado los 1,200 asientos de la sala del Teatro del Estado Emilio Carballido, este domingo, para la funci\u00f3n del ballet folkl\u00f3rico de la Universidad Veracruzana.<\/span><\/p>\n<p class=\"p1\"><span style=\"font-size: 14pt;\">Aunque pudiera parecer incre\u00edble, as\u00ed ocurri\u00f3.<\/span><\/p>\n<p class=\"p1\"><span style=\"font-size: 14pt;\">A las 10:00 en punto se abri\u00f3 la pagina para solicitar los boletos para la funci\u00f3n del aclamado espect\u00e1culo, pero para asombro del p\u00fablico, tan solo dur\u00f3 tres minutos y luego apareci\u00f3 el letrero de \u201clocalidades agotadas\u201d.<\/span><\/p>\n<p class=\"p1\"><span style=\"font-size: 14pt;\">Vaya ni los boletos para los conciertos de Luis Miguel se agotan en esa forma.<\/span><\/p>\n<p class=\"p1\"><span style=\"font-size: 14pt;\">Lo cierto es que la mayor\u00eda de las personas que estaban tratando de obtener sus entradas se vieron frustradas por el cierre inmediato de la taquilla virtual.<\/span><\/p>\n<p class=\"p1\"><span style=\"font-size: 14pt;\">Vaya ni los familiares de los bailarines del Ballet Folkl\u00f3rico tuvieron la oportunidad de ir a ver el espect\u00e1culo.<\/span><\/p>\n<p class=\"p1\"><span style=\"font-size: 14pt;\">En anteriores ocasiones, siempre se le entregaban a cada uno, cuando menos dos pases para que pudiera asistir la familia.<\/span><\/p>\n<p class=\"p1\"><span style=\"font-size: 14pt;\">Cuando quienes pretend\u00edan obtener sus boletos, terminaban de llenar un detallado formulario, en el que se les interrogaba hasta \u00bfc\u00f3mo se hab\u00edan enterado del concierto? En el siguiente paso les sal\u00eda una leyenda con que las localidades estaban agotadas.<\/span><\/p>\n<p class=\"p1\"><span style=\"font-size: 14pt;\">Los comentarios en la p\u00e1gina no se hicieron esperar.<\/span><\/p>\n<p class=\"p1\"><span style=\"font-size: 14pt;\">Que si eran unos cuantos lugares los que hab\u00edan puesto a disposici\u00f3n del p\u00fablico.<\/span><\/p>\n<p class=\"p1\"><span style=\"font-size: 14pt;\">Que si la mayor\u00eda de los boletos eran entregados a funcionarios y autoridades de gobierno para que pudieran garantizar su lugar, aunque luego ni vayan al evento.<\/span><\/p>\n<p class=\"p1\"><span style=\"font-size: 14pt;\">Que si se repartieron entre los sindicatos de la Universidad Veracruzana.<\/span><\/p>\n<p class=\"p1\"><span style=\"font-size: 14pt;\">Que si deber\u00edan de programar otra nueva funci\u00f3n con las danzas tradicionales de M\u00e9xico, Paraguay, Venezuela, Bolivia, Argentina y Per\u00fa.<\/span><\/p>\n<p class=\"p1\"><span style=\"font-size: 14pt;\">Que dado el inter\u00e9s del p\u00fablico, se debe de programar nuevas presentaciones.<\/span><\/p>\n<p class=\"p1\"><span style=\"font-size: 14pt;\">Pero como dir\u00eda el Monje Loco: nadie sabe, nadie supo que fue lo que ocurri\u00f3.<\/span><\/p>\n<p class=\"p1\"><span style=\"font-size: 14pt;\">Al final, la sala se llen\u00f3, porque al parecer se form\u00f3 una fila con el p\u00fablico que no alcanz\u00f3 boleto y de \u00faltima hora se permiti\u00f3 la entrada a todos.<\/span><\/p>\n<p class=\"p1\"><span style=\"font-size: 14pt;\">Es indiscutible que el ballet folkl\u00f3rico de la Universidad Veracruzana es uno de los mayores pilares de la difusi\u00f3n cultural en la M\u00e1xima Casa de Estudios, de los pocos grupos art\u00edsticos que ya quedan a\u00fan.<\/span><\/p>\n<p class=\"p1\"><span style=\"font-size: 14pt;\">El incidente del domingo, en que los boletos desaparecieron en minutos, no es mera casualidad.<\/span><\/p>\n<p class=\"p1\"><span style=\"font-size: 14pt;\">Por ello deber\u00eda de hacerse una investigaci\u00f3n para determinar como es posible que en tres minutos, se agoten 1,200 lugares.<\/span><\/p>\n<p class=\"p1\"><span style=\"font-size: 14pt;\">Si bien es cierto que la demanda y el inter\u00e9s del p\u00fablico es muy grande, no justifica que se agoten las localidades en unos instantes.<\/span><\/p>\n<p class=\"p1\"><span style=\"font-size: 14pt;\">Y ni para decir que se trato de acaparar los boletos para una reventa, porque todas las localidades eran gratuitas.<\/span><\/p>\n<p class=\"p1\"><span style=\"font-size: 14pt;\">Con ese ocultamiento de los boletos, pareciera que lo que se pretende no es que se pueda apreciar el trabajo de muchos meses atr\u00e1s, en la preparaci\u00f3n del espect\u00e1culo, sino todo lo contrario, que no se difunda la cultura, que por cierto, es uno de los prop\u00f3sitos fundamentales de la M\u00e1xima Casa de Estudios.<\/span><\/p>\n<p class=\"p1\"><span style=\"font-size: 14pt;\">Cuando ocurren estos actos, tenemos que recordar al maestro Miguel V\u00e9lez Arceo fundador y creador del ballet folkl\u00f3rico de la Universidad Veracruzana y tenemos que preguntarnos \u00bfC\u00f3mo reaccionar\u00eda el maestro?<\/span><\/p>\n<p class=\"p1\"><span style=\"font-size: 14pt;\">Por cierto que ya no se volvi\u00f3 a saber nada de la manifestaci\u00f3n de protesta que hace unas semanas hicieron los representantes de grupos art\u00edsticos en la explanada de Rector\u00eda.<\/span><\/p>\n<p class=\"p1\"><span style=\"font-size: 14pt;\">Ser\u00e1 que ya les cumplieron con todas las promesas-acuerdos a que se llegaron en esa ocasi\u00f3n.<\/span><\/p>\n<p class=\"p1\"><span style=\"font-size: 14pt;\">Porque precisamente uno de los puntos del pliego presentado a las autoridades de Rector\u00eda es el de aumentar el n\u00famero de presentaciones, no disminuirlas.<\/span><\/p>\n<p class=\"p1\"><span style=\"font-size: 14pt;\">Lo del sabotaje a los boletos del ballet folkl\u00f3rico de la Universidad Veracruzana el domingo, ser\u00e1 parte de esa nueva pol\u00edtica de difusi\u00f3n cultural.<\/span><\/p>\n<p>&nbsp;<\/p>\n<hr \/>\n<p>&nbsp;<\/p>\n<p class=\"p1\"><span style=\"font-size: 18pt;\"><strong>Cont\u00e1ctanos en nuestras redes sociales:<\/strong><\/span><\/p>\n<p class=\"p1\"><span style=\"font-size: 18pt;\"><strong><a href=\"https:\/\/www.canva.com\/design\/DAEN5B9DWgs\/ZCHd2Z8KueYjlg_d59Op3A\/view\">https:\/\/www.canva.com\/design\/DAEN5B9DWgs\/ZCHd2Z8KueYjlg_d59Op3A\/view<\/a><\/strong><\/span><\/p>\n<p>&nbsp;<\/p>\n<p><img loading=\"lazy\" decoding=\"async\" class=\"aligncenter wp-image-14351\" src=\"https:\/\/politicosaldesnudo.com.mx\/wp-content\/uploads\/2023\/01\/FIRMA-EDITORIAL-PD-300x37.png\" alt=\"\" width=\"1000\" height=\"122\" \/><\/p>\n","protected":false},"excerpt":{"rendered":"<p>&nbsp; &lt;&lt;En tres minutos desaparecieron todas las entradas&gt;&gt; &lt;&lt;Ni los conciertos de Luis Miguel se agotan tan r\u00e1pido&gt;&gt; &lt;&lt;La mayor\u00eda<\/p>\n","protected":false},"author":4,"featured_media":3280,"comment_status":"closed","ping_status":"closed","sticky":false,"template":"","format":"standard","meta":{"colormag_page_container_layout":"default_layout","colormag_page_sidebar_layout":"default_layout","_jetpack_memberships_contains_paid_content":false,"footnotes":"","jetpack_publicize_message":"","jetpack_publicize_feature_enabled":true,"jetpack_social_post_already_shared":true,"jetpack_social_options":{"image_generator_settings":{"template":"highway","default_image_id":0,"font":"","enabled":false},"version":2}},"categories":[6],"tags":[],"class_list":["post-14951","post","type-post","status-publish","format-standard","has-post-thumbnail","hentry","category-columnistas"],"jetpack_publicize_connections":[],"jetpack_featured_media_url":"https:\/\/noticiasveracruz.com\/wp-content\/uploads\/2022\/04\/NV-MIGUEL-A\u0301NGEL-CRISTIANI.png","jetpack_sharing_enabled":true,"publishpress_future_action":{"enabled":false,"date":"2026-05-07 23:12:42","action":"change-status","newStatus":"draft","terms":[],"taxonomy":"category","extraData":[]},"publishpress_future_workflow_manual_trigger":{"enabledWorkflows":[]},"_links":{"self":[{"href":"https:\/\/noticiasveracruz.com\/index.php\/wp-json\/wp\/v2\/posts\/14951","targetHints":{"allow":["GET"]}}],"collection":[{"href":"https:\/\/noticiasveracruz.com\/index.php\/wp-json\/wp\/v2\/posts"}],"about":[{"href":"https:\/\/noticiasveracruz.com\/index.php\/wp-json\/wp\/v2\/types\/post"}],"author":[{"embeddable":true,"href":"https:\/\/noticiasveracruz.com\/index.php\/wp-json\/wp\/v2\/users\/4"}],"replies":[{"embeddable":true,"href":"https:\/\/noticiasveracruz.com\/index.php\/wp-json\/wp\/v2\/comments?post=14951"}],"version-history":[{"count":0,"href":"https:\/\/noticiasveracruz.com\/index.php\/wp-json\/wp\/v2\/posts\/14951\/revisions"}],"wp:featuredmedia":[{"embeddable":true,"href":"https:\/\/noticiasveracruz.com\/index.php\/wp-json\/wp\/v2\/media\/3280"}],"wp:attachment":[{"href":"https:\/\/noticiasveracruz.com\/index.php\/wp-json\/wp\/v2\/media?parent=14951"}],"wp:term":[{"taxonomy":"category","embeddable":true,"href":"https:\/\/noticiasveracruz.com\/index.php\/wp-json\/wp\/v2\/categories?post=14951"},{"taxonomy":"post_tag","embeddable":true,"href":"https:\/\/noticiasveracruz.com\/index.php\/wp-json\/wp\/v2\/tags?post=14951"}],"curies":[{"name":"wp","href":"https:\/\/api.w.org\/{rel}","templated":true}]}}